{"id":68390,"date":"2017-10-15T16:59:29","date_gmt":"2017-10-15T19:59:29","guid":{"rendered":"http:\/\/www.hoymercedes.com.ar\/principal\/?p=68390"},"modified":"2017-10-15T19:06:19","modified_gmt":"2017-10-15T22:06:19","slug":"realizaron-cena-solidaria-a-beneficio-de-la-capilla-en-barrio-san-martin","status":"publish","type":"post","link":"https:\/\/www.hoymercedes.com.ar\/principal\/2017\/10\/15\/realizaron-cena-solidaria-a-beneficio-de-la-capilla-en-barrio-san-martin\/","title":{"rendered":"Realizaron cena solidaria a beneficio de la capilla en Barrio San Mart\u00edn"},"content":{"rendered":"<p class=\"yiv3180083019MsoNormal\">Una cena solidaria m\u00e1s se llev\u00f3 a cabo con una nutrida asistencia. En esta ocasi\u00f3n pensando en la construcci\u00f3n de la capilla del barrio San Mart\u00edn. Motorizada desde la Municipalidad de Mercedes junto a la comunidad y los representantes de Bas\u00edlica Catedral se busc\u00f3 recaudar fondos para la mano de obra dado que para los materiales ya hab\u00edan recibido un subsidio comunal.<\/p>\n<p class=\"yiv3180083019MsoNormal\">El espacio de la cena, que cont\u00f3 con espect\u00e1culos y un gran momento familiar, fue el CEF N\u00b040 donde m\u00e1s de dos cientos vecinos dijeron presente solidariamente.<\/p>\n<p class=\"yiv3180083019MsoNormal\">Desde hace tiempo la Municipalidad de Mercedes viene desarrollando el programa de cenas solidarias donde la gesti\u00f3n aporta la infraestructura y la instituci\u00f3n beneficiada parte de la organizaci\u00f3n.<\/p>\n<p class=\"yiv3180083019MsoNormal\">Juan Ignacio Ustarroz agradeci\u00f3 a todos los \u201cvecinos\u201d que \u201cfueron parte de esta hermosa noche por una causa tan noble, para una capilla que se realizar\u00e1 en el barrio San Mart\u00edn y que falta cada d\u00eda menos\u201d para que pueda ser escenario de encuentros, de dictado de catequesis, misas, y m\u00faltiples actividades sociales.<\/p>\n<p class=\"yiv3180083019MsoNormal\">Por su parte, el Padre Federico Lagoa, a hab\u00eda expresado cuando se anunci\u00f3 el hecho que \u201chace cinco a\u00f1os que estamos con el proyecto en el Barrio San Mart\u00edn, algo que naci\u00f3 de los mismos vecinos, y con esta ayuda vamos a poder finalizar el templo y poder tener catequesis ah\u00ed y que los chicos tengan un lugar cuando llueve, o para los festejos que se hacen de las primeras comuniones y en nombre de la comunidad vuelvo a agradecer por siempre estar cuando lo necesitamos\u201d en referencia al apoyo comunal.<\/p>\n<p>&nbsp;<\/p>\n<p>Fuente: Prensa Municipal<\/p>\n","protected":false},"excerpt":{"rendered":"<p>Una cena solidaria m\u00e1s se llev\u00f3 a cabo con una nutrida asistencia. En esta ocasi\u00f3n pensando en la construcci\u00f3n de &#8230; <a title=\"Realizaron cena solidaria a beneficio de la capilla en Barrio San Mart\u00edn\" class=\"read-more\" href=\"https:\/\/www.hoymercedes.com.ar\/principal\/2017\/10\/15\/realizaron-cena-solidaria-a-beneficio-de-la-capilla-en-barrio-san-martin\/\" aria-label=\"Leer m\u00e1s sobre Realizaron cena solidaria a beneficio de la capilla en Barrio San Mart\u00edn\">Leer m\u00e1s<\/a><\/p>\n","protected":false},"author":1,"featured_media":68391,"comment_status":"closed","ping_status":"open","sticky":false,"template":"","format":"standard","meta":{"_monsterinsights_skip_tracking":false,"_monsterinsights_sitenote_active":false,"_monsterinsights_sitenote_note":"","_monsterinsights_sitenote_category":0,"jetpack_post_was_ever_published":false,"_jetpack_newsletter_access":"","_jetpack_dont_email_post_to_subs":false,"_jetpack_newsletter_tier_id":0,"_jetpack_memberships_contains_paywalled_content":false,"_jetpack_memberships_contains_paid_content":false,"footnotes":"","jetpack_publicize_message":"","jetpack_publicize_feature_enabled":true,"jetpack_social_post_already_shared":true,"jetpack_social_options":{"image_generator_settings":{"template":"highway","default_image_id":0,"font":"","enabled":false},"version":2},"_wpas_customize_per_network":false},"categories":[10615,30],"tags":[1041,12065,1590,244],"class_list":["post-68390","post","type-post","status-publish","format-standard","has-post-thumbnail","hentry","category-barrios","category-municipio","tag-barrio-san-martin","tag-capilla","tag-iglesia-catedral","tag-municipio-2","generate-columns","tablet-grid-50","mobile-grid-100","grid-parent","grid-50"],"jetpack_publicize_connections":[],"jetpack_featured_media_url":"https:\/\/www.hoymercedes.com.ar\/principal\/wp-content\/uploads\/2017\/10\/15-cenasolidaria-parroquia-2.jpeg","wps_subtitle":"En el CEF N\u00b0 40","jetpack_sharing_enabled":true,"_links":{"self":[{"href":"https:\/\/www.hoymercedes.com.ar\/principal\/wp-json\/wp\/v2\/posts\/68390","targetHints":{"allow":["GET"]}}],"collection":[{"href":"https:\/\/www.hoymercedes.com.ar\/principal\/wp-json\/wp\/v2\/posts"}],"about":[{"href":"https:\/\/www.hoymercedes.com.ar\/principal\/wp-json\/wp\/v2\/types\/post"}],"author":[{"embeddable":true,"href":"https:\/\/www.hoymercedes.com.ar\/principal\/wp-json\/wp\/v2\/users\/1"}],"replies":[{"embeddable":true,"href":"https:\/\/www.hoymercedes.com.ar\/principal\/wp-json\/wp\/v2\/comments?post=68390"}],"version-history":[{"count":0,"href":"https:\/\/www.hoymercedes.com.ar\/principal\/wp-json\/wp\/v2\/posts\/68390\/revisions"}],"wp:featuredmedia":[{"embeddable":true,"href":"https:\/\/www.hoymercedes.com.ar\/principal\/wp-json\/wp\/v2\/media\/68391"}],"wp:attachment":[{"href":"https:\/\/www.hoymercedes.com.ar\/principal\/wp-json\/wp\/v2\/media?parent=68390"}],"wp:term":[{"taxonomy":"category","embeddable":true,"href":"https:\/\/www.hoymercedes.com.ar\/principal\/wp-json\/wp\/v2\/categories?post=68390"},{"taxonomy":"post_tag","embeddable":true,"href":"https:\/\/www.hoymercedes.com.ar\/principal\/wp-json\/wp\/v2\/tags?post=68390"}],"curies":[{"name":"wp","href":"https:\/\/api.w.org\/{rel}","templated":true}]}}