{"id":68450,"date":"2017-10-19T10:02:38","date_gmt":"2017-10-19T13:02:38","guid":{"rendered":"http:\/\/www.hoymercedes.com.ar\/principal\/?p=68450"},"modified":"2017-10-19T11:07:16","modified_gmt":"2017-10-19T14:07:16","slug":"la-filosofia-se-acerca-a-la-pintura-de-la-mano-de-ana-aldaburu","status":"publish","type":"post","link":"https:\/\/www.hoymercedes.com.ar\/principal\/2017\/10\/19\/la-filosofia-se-acerca-a-la-pintura-de-la-mano-de-ana-aldaburu\/","title":{"rendered":"La filosof\u00eda se acerca a la pintura de la mano de Ana Aldaburu"},"content":{"rendered":"<p><em><strong>\u00abRelatos Visuales,\u00a0la filosof\u00eda se acerca a la pintura\u201d se titula el nuevo curso que la docente\u00a0Ana Aldaburu\u00a0brindar\u00e1 en 4 clases magistrales en el Museo de Arte \u00abMunicipalidad de Mercedes\u00bb. Las clases comenzar\u00e1n el 3 de noviembre con frecuencia semanal. Inscripci\u00f3n y m\u00e1s informaci\u00f3n en el MAMM.\u00a0<\/strong><\/em><\/p>\n<p><img loading=\"lazy\" decoding=\"async\" data-attachment-id=\"68451\" data-permalink=\"https:\/\/www.hoymercedes.com.ar\/principal\/2017\/10\/19\/la-filosofia-se-acerca-a-la-pintura-de-la-mano-de-ana-aldaburu\/19-aldaburu\/#main\" data-orig-file=\"https:\/\/www.hoymercedes.com.ar\/principal\/wp-content\/uploads\/2017\/10\/19-Aldaburu.jpg\" data-orig-size=\"620,400\" data-comments-opened=\"0\" data-image-meta=\"{&quot;aperture&quot;:&quot;0&quot;,&quot;credit&quot;:&quot;&quot;,&quot;camera&quot;:&quot;&quot;,&quot;caption&quot;:&quot;&quot;,&quot;created_timestamp&quot;:&quot;0&quot;,&quot;copyright&quot;:&quot;&quot;,&quot;focal_length&quot;:&quot;0&quot;,&quot;iso&quot;:&quot;0&quot;,&quot;shutter_speed&quot;:&quot;0&quot;,&quot;title&quot;:&quot;&quot;,&quot;orientation&quot;:&quot;0&quot;}\" data-image-title=\"19 Aldaburu\" data-image-description=\"\" data-image-caption=\"\" data-large-file=\"https:\/\/www.hoymercedes.com.ar\/principal\/wp-content\/uploads\/2017\/10\/19-Aldaburu.jpg\" class=\"aligncenter size-full wp-image-68451\" src=\"https:\/\/www.hoymercedes.com.ar\/principal\/wp-content\/uploads\/2017\/10\/19-Aldaburu.jpg\" alt=\"\" width=\"620\" height=\"400\" srcset=\"https:\/\/www.hoymercedes.com.ar\/principal\/wp-content\/uploads\/2017\/10\/19-Aldaburu.jpg 620w, https:\/\/www.hoymercedes.com.ar\/principal\/wp-content\/uploads\/2017\/10\/19-Aldaburu-150x97.jpg 150w\" sizes=\"auto, (max-width: 620px) 100vw, 620px\" \/><\/p>\n<p>\u00bfEn qu\u00e9 momento la filosof\u00eda comenz\u00f3 a ocuparse de la pintura? Desde que Plat\u00f3n consider\u00f3 sospechosa a la imagen, la suerte de la relaci\u00f3n entre la pintura y la filosof\u00eda ha sufrido constantes vaivenes. Pero el enigma de la pintura, la intriga que abren lo visible y lo invisible,\u00a0 la superficie que los intenta mostrar, sugerir o expresar ha desafiado a algunos grandes pensadores a ocuparse del arte y de las obras de arte cuya misma existencia\u00a0 anticipan o muestran aperturas\u00a0 a otros modos de considerar lo real.<\/p>\n<p>Con Hegel y su inter\u00e9s por la pintura , Heidegger y el debatido an\u00e1lisis del cuadro de Van Gogh, Maurice Merleau-Ponty y su lectura de las obras de C\u00e9zanne, Jean Francois Lyotard y su an\u00e1lisis del dispositivo pict\u00f3rico, Gilles Deleuze y Francis Bacon hasta llegar a Jacques Ranci\u00e8re y su conceptualizaci\u00f3n de los reg\u00edmenes art\u00edsticos, surgen una serie de reflexiones en las que no se busca dar la\u00a0esencia\u00a0de la pintura, no se busca\u00a0ilustrar\u00a0una teor\u00eda sino que se trata de ver qu\u00e9 acontece entre pensamiento e imagen pict\u00f3rica, de aprender de las relaciones entre el saber y el ver y apreciar\u00a0 obras de grandes artistas desde una aproximaci\u00f3n filos\u00f3fica.<\/p>\n<p>El curso dar\u00e1 inicio el viernes 3 y tendr\u00e1 una frecuencia semanal, durante todo el mes de Noviembre, lo d\u00edas viernes, a la hora 20. El valor total de las cuatro clases ser\u00e1 de $800. Se requiere previa inscripci\u00f3n. Ante cualquier consulta, comunicarse con el Museo de Arte al tel\u00e9fono 435368.<\/p>\n<p>&nbsp;<\/p>\n<p><strong>Programa<\/strong><\/p>\n<p>1.\u00a0La filosof\u00eda se ocupa de la pintura. Pensar con la pintura y con el pintor.\u00a0Pintura y verdad. Plat\u00f3n y los pintores\/sofistas.\u00a0Hegel y el lugar de la pintura como manifestaci\u00f3n sensible de la Idea.<\/p>\n<p>2.\u00a0La valoraci\u00f3n de lo visible. De\u00a0 Konrad Fiedler y su teor\u00eda\u00a0 de la\u00a0visibilidad pura\u00a0al\u00a0r\u00e9gimen est\u00e9tico\u00a0de Jacques Ranciere.\u00a0La mirada del retrato: Rembrandt \/Georg Simmel .<\/p>\n<p>3.\u00a0Representaci\u00f3n y presentaci\u00f3n: El debate sobre los zapatos de Van Gogh. Martin Heidegger, Meyer Schapiro y\u00a0 Jacques Derrida.\u00a0La b\u00fasqueda de un mundo naciente, hacer visible lo invisible: Paul C\u00e9zanne\/Maurice Merleau Ponty<\/p>\n<p>4.\u00a0El dispositivo pict\u00f3rico y lo pulsional. Barnett Newman\/Jean Francois Lyotard.\u00a0Palabra e imagen: Ren\u00e9\u00a0 Magritte \/Michel Foucault.\u00a0El cuerpo. Intensidad y presencia: Francis Bacon\/Gilles Deleuze .\u00a0La pintura y las formas-de-vida. Giorgio Agamben.<\/p>\n<p>Fuente: Prensa Municipal<\/p>\n","protected":false},"excerpt":{"rendered":"<p>\u00abRelatos Visuales,\u00a0la filosof\u00eda se acerca a la pintura\u201d se titula el nuevo curso que la docente\u00a0Ana Aldaburu\u00a0brindar\u00e1 en 4 clases &#8230; <a title=\"La filosof\u00eda se acerca a la pintura de la mano de Ana Aldaburu\" class=\"read-more\" href=\"https:\/\/www.hoymercedes.com.ar\/principal\/2017\/10\/19\/la-filosofia-se-acerca-a-la-pintura-de-la-mano-de-ana-aldaburu\/\" aria-label=\"Leer m\u00e1s sobre La filosof\u00eda se acerca a la pintura de la mano de Ana Aldaburu\">Leer m\u00e1s<\/a><\/p>\n","protected":false},"author":1,"featured_media":68451,"comment_status":"closed","ping_status":"open","sticky":false,"template":"","format":"standard","meta":{"_monsterinsights_skip_tracking":false,"_monsterinsights_sitenote_active":false,"_monsterinsights_sitenote_note":"","_monsterinsights_sitenote_category":0,"jetpack_post_was_ever_published":false,"_jetpack_newsletter_access":"","_jetpack_dont_email_post_to_subs":false,"_jetpack_newsletter_tier_id":0,"_jetpack_memberships_contains_paywalled_content":false,"_jetpack_memberships_contains_paid_content":false,"footnotes":"","jetpack_publicize_message":"","jetpack_publicize_feature_enabled":true,"jetpack_social_post_already_shared":false,"jetpack_social_options":{"image_generator_settings":{"template":"highway","default_image_id":0,"font":"","enabled":false},"version":2},"_wpas_customize_per_network":false},"categories":[104],"tags":[7805,12071,8674,10],"class_list":["post-68450","post","type-post","status-publish","format-standard","has-post-thumbnail","hentry","category-cultura","tag-cultura","tag-cursos-filosofia","tag-mamm","tag-mercedes","generate-columns","tablet-grid-50","mobile-grid-100","grid-parent","grid-50"],"jetpack_publicize_connections":[],"jetpack_featured_media_url":"https:\/\/www.hoymercedes.com.ar\/principal\/wp-content\/uploads\/2017\/10\/19-Aldaburu.jpg","wps_subtitle":"Curso en el MAMM","jetpack_sharing_enabled":true,"_links":{"self":[{"href":"https:\/\/www.hoymercedes.com.ar\/principal\/wp-json\/wp\/v2\/posts\/68450","targetHints":{"allow":["GET"]}}],"collection":[{"href":"https:\/\/www.hoymercedes.com.ar\/principal\/wp-json\/wp\/v2\/posts"}],"about":[{"href":"https:\/\/www.hoymercedes.com.ar\/principal\/wp-json\/wp\/v2\/types\/post"}],"author":[{"embeddable":true,"href":"https:\/\/www.hoymercedes.com.ar\/principal\/wp-json\/wp\/v2\/users\/1"}],"replies":[{"embeddable":true,"href":"https:\/\/www.hoymercedes.com.ar\/principal\/wp-json\/wp\/v2\/comments?post=68450"}],"version-history":[{"count":0,"href":"https:\/\/www.hoymercedes.com.ar\/principal\/wp-json\/wp\/v2\/posts\/68450\/revisions"}],"wp:featuredmedia":[{"embeddable":true,"href":"https:\/\/www.hoymercedes.com.ar\/principal\/wp-json\/wp\/v2\/media\/68451"}],"wp:attachment":[{"href":"https:\/\/www.hoymercedes.com.ar\/principal\/wp-json\/wp\/v2\/media?parent=68450"}],"wp:term":[{"taxonomy":"category","embeddable":true,"href":"https:\/\/www.hoymercedes.com.ar\/principal\/wp-json\/wp\/v2\/categories?post=68450"},{"taxonomy":"post_tag","embeddable":true,"href":"https:\/\/www.hoymercedes.com.ar\/principal\/wp-json\/wp\/v2\/tags?post=68450"}],"curies":[{"name":"wp","href":"https:\/\/api.w.org\/{rel}","templated":true}]}}