{"id":68467,"date":"2017-10-17T19:32:47","date_gmt":"2017-10-17T22:32:47","guid":{"rendered":"http:\/\/www.hoymercedes.com.ar\/principal\/?p=68467"},"modified":"2017-10-17T22:20:19","modified_gmt":"2017-10-18T01:20:19","slug":"barrio-san-martin-y-el-fronton-toman-distancia-sobre-el-resto","status":"publish","type":"post","link":"https:\/\/www.hoymercedes.com.ar\/principal\/2017\/10\/17\/barrio-san-martin-y-el-fronton-toman-distancia-sobre-el-resto\/","title":{"rendered":"Barrio San Martin y El Front\u00f3n toman distancia sobre el resto"},"content":{"rendered":"<p>El certamen de Primera Divisi\u00f3n de la Liga Mercedina de F\u00fatbol se jug\u00f3 entre domingo y lunes, teniendo en cuenta que el s\u00e1bado no se pudo disputar la fecha en la ciudad porque Club Mercedes fue local por el Federal B. Dos fueron los partidos de mayor inter\u00e9s, ya sea por los protagonistas que tuvo como por los resultados que se dieron. Uno de ellos fue el empate en dos entre AMEFIP Barrio San Mart\u00edn y V\u00e9lez, y el otro fue el de la victoria de Juventud de Suipacha ante Palometas por 3 a 2.<\/p>\n<p>Por su parte, El Front\u00f3n, como local en San Andr\u00e9s de Giles, venci\u00f3 2 a 0 a Costa Brava y sigue en plena levantada, lo que lo hizo afirmarse en el segundo puesto, aprovechando que los del barrio El Molino y el granate no ganaron, mientras que Club Mercedes empat\u00f3 en cero ante Atl\u00e9tico Marcos Paz.<\/p>\n<table style=\"height: 655px;\" width=\"597\">\n<tbody>\n<tr>\n<td width=\"108\"><strong>Fecha 13<\/strong><\/td>\n<td width=\"14\"><\/td>\n<td width=\"259\"><\/td>\n<\/tr>\n<tr>\n<td><strong>Atl. MP<\/strong><\/td>\n<td>0<\/td>\n<td><\/td>\n<\/tr>\n<tr>\n<td><strong>Mercedes<\/strong><\/td>\n<td>0<\/td>\n<td><\/td>\n<\/tr>\n<tr>\n<td><\/td>\n<td><\/td>\n<td><\/td>\n<\/tr>\n<tr>\n<td><strong>Defensores<\/strong><\/td>\n<td>2<\/td>\n<td>Esteban Rodr\u00edguez y Gerardo Bejarao<\/td>\n<\/tr>\n<tr>\n<td><strong>El<\/strong> <strong>Tim\u00f3n<\/strong><\/td>\n<td>0<\/td>\n<td><\/td>\n<\/tr>\n<tr>\n<td><\/td>\n<td><\/td>\n<td><\/td>\n<\/tr>\n<tr>\n<td><strong>Comunicaciones<\/strong><\/td>\n<td>0<\/td>\n<td><\/td>\n<\/tr>\n<tr>\n<td><strong>Trocha<\/strong><\/td>\n<td>1<\/td>\n<td>Nicol\u00e1s Ram\u00edrez<\/td>\n<\/tr>\n<tr>\n<td><\/td>\n<td><\/td>\n<td><\/td>\n<\/tr>\n<tr>\n<td><strong>Palometas<\/strong><\/td>\n<td>2<\/td>\n<td>Luciano Leguizam\u00f3n, Facundo Pinto<\/td>\n<\/tr>\n<tr>\n<td><strong>Juventud<\/strong><\/td>\n<td>3<\/td>\n<td>Juan Mes\u00eda, Lucas P\u00e9rez Zunino y Daniel Mu\u00f1oz<\/td>\n<\/tr>\n<tr>\n<td><\/td>\n<td><\/td>\n<td><\/td>\n<\/tr>\n<tr>\n<td><strong>V\u00e9lez<\/strong><\/td>\n<td>2<\/td>\n<td>Luis Giacoy (2)<\/td>\n<\/tr>\n<tr>\n<td><strong>AMEFIP<\/strong><\/td>\n<td>2<\/td>\n<td>Eric Brance y Marcos Camargo<\/td>\n<\/tr>\n<tr>\n<td><\/td>\n<td><\/td>\n<td><\/td>\n<\/tr>\n<tr>\n<td><strong>Pabell\u00f3n<\/strong><\/td>\n<td>2<\/td>\n<td>Romero Cahu\u00e9 y Romero<\/td>\n<\/tr>\n<tr>\n<td><strong>Quilmes<\/strong><\/td>\n<td>0<\/td>\n<td><\/td>\n<\/tr>\n<tr>\n<td><\/td>\n<td><\/td>\n<td><\/td>\n<\/tr>\n<tr>\n<td><strong>Costa Brava<\/strong><\/td>\n<td>0<\/td>\n<td><\/td>\n<\/tr>\n<tr>\n<td><strong>El Front\u00f3n<\/strong><\/td>\n<td>2<\/td>\n<td>Oscar Zapata y Jos\u00e9 Mansilla<\/td>\n<\/tr>\n<\/tbody>\n<\/table>\n<p><img loading=\"lazy\" decoding=\"async\" data-attachment-id=\"68468\" data-permalink=\"https:\/\/www.hoymercedes.com.ar\/principal\/2017\/10\/17\/barrio-san-martin-y-el-fronton-toman-distancia-sobre-el-resto\/primera-94\/#main\" data-orig-file=\"https:\/\/www.hoymercedes.com.ar\/principal\/wp-content\/uploads\/2017\/10\/Primera-3.png\" data-orig-size=\"488,489\" data-comments-opened=\"0\" data-image-meta=\"{&quot;aperture&quot;:&quot;0&quot;,&quot;credit&quot;:&quot;&quot;,&quot;camera&quot;:&quot;&quot;,&quot;caption&quot;:&quot;&quot;,&quot;created_timestamp&quot;:&quot;0&quot;,&quot;copyright&quot;:&quot;&quot;,&quot;focal_length&quot;:&quot;0&quot;,&quot;iso&quot;:&quot;0&quot;,&quot;shutter_speed&quot;:&quot;0&quot;,&quot;title&quot;:&quot;&quot;,&quot;orientation&quot;:&quot;0&quot;}\" data-image-title=\"Primera\" data-image-description=\"\" data-image-caption=\"\" data-large-file=\"https:\/\/www.hoymercedes.com.ar\/principal\/wp-content\/uploads\/2017\/10\/Primera-3.png\" class=\"aligncenter size-full wp-image-68468\" src=\"https:\/\/www.hoymercedes.com.ar\/principal\/wp-content\/uploads\/2017\/10\/Primera-3.png\" alt=\"\" width=\"488\" height=\"489\" srcset=\"https:\/\/www.hoymercedes.com.ar\/principal\/wp-content\/uploads\/2017\/10\/Primera-3.png 488w, https:\/\/www.hoymercedes.com.ar\/principal\/wp-content\/uploads\/2017\/10\/Primera-3-150x150.png 150w\" sizes=\"auto, (max-width: 488px) 100vw, 488px\" \/> <img loading=\"lazy\" decoding=\"async\" data-attachment-id=\"68469\" data-permalink=\"https:\/\/www.hoymercedes.com.ar\/principal\/2017\/10\/17\/barrio-san-martin-y-el-fronton-toman-distancia-sobre-el-resto\/goleadores-primera-45\/#main\" data-orig-file=\"https:\/\/www.hoymercedes.com.ar\/principal\/wp-content\/uploads\/2017\/10\/Goleadores-Primera-3.png\" data-orig-size=\"325,553\" data-comments-opened=\"0\" data-image-meta=\"{&quot;aperture&quot;:&quot;0&quot;,&quot;credit&quot;:&quot;&quot;,&quot;camera&quot;:&quot;&quot;,&quot;caption&quot;:&quot;&quot;,&quot;created_timestamp&quot;:&quot;0&quot;,&quot;copyright&quot;:&quot;&quot;,&quot;focal_length&quot;:&quot;0&quot;,&quot;iso&quot;:&quot;0&quot;,&quot;shutter_speed&quot;:&quot;0&quot;,&quot;title&quot;:&quot;&quot;,&quot;orientation&quot;:&quot;0&quot;}\" data-image-title=\"Goleadores Primera\" data-image-description=\"\" data-image-caption=\"\" data-large-file=\"https:\/\/www.hoymercedes.com.ar\/principal\/wp-content\/uploads\/2017\/10\/Goleadores-Primera-3.png\" class=\"aligncenter size-medium wp-image-68469\" src=\"https:\/\/www.hoymercedes.com.ar\/principal\/wp-content\/uploads\/2017\/10\/Goleadores-Primera-3.png\" alt=\"\" width=\"325\" height=\"553\" srcset=\"https:\/\/www.hoymercedes.com.ar\/principal\/wp-content\/uploads\/2017\/10\/Goleadores-Primera-3.png 325w, https:\/\/www.hoymercedes.com.ar\/principal\/wp-content\/uploads\/2017\/10\/Goleadores-Primera-3-88x150.png 88w\" sizes=\"auto, (max-width: 325px) 100vw, 325px\" \/> <img loading=\"lazy\" decoding=\"async\" data-attachment-id=\"68470\" data-permalink=\"https:\/\/www.hoymercedes.com.ar\/principal\/2017\/10\/17\/barrio-san-martin-y-el-fronton-toman-distancia-sobre-el-resto\/general-39\/#main\" data-orig-file=\"https:\/\/www.hoymercedes.com.ar\/principal\/wp-content\/uploads\/2017\/10\/General-3.png\" data-orig-size=\"467,503\" data-comments-opened=\"0\" data-image-meta=\"{&quot;aperture&quot;:&quot;0&quot;,&quot;credit&quot;:&quot;&quot;,&quot;camera&quot;:&quot;&quot;,&quot;caption&quot;:&quot;&quot;,&quot;created_timestamp&quot;:&quot;0&quot;,&quot;copyright&quot;:&quot;&quot;,&quot;focal_length&quot;:&quot;0&quot;,&quot;iso&quot;:&quot;0&quot;,&quot;shutter_speed&quot;:&quot;0&quot;,&quot;title&quot;:&quot;&quot;,&quot;orientation&quot;:&quot;0&quot;}\" data-image-title=\"General\" data-image-description=\"\" data-image-caption=\"\" data-large-file=\"https:\/\/www.hoymercedes.com.ar\/principal\/wp-content\/uploads\/2017\/10\/General-3.png\" class=\"aligncenter size-medium wp-image-68470\" src=\"https:\/\/www.hoymercedes.com.ar\/principal\/wp-content\/uploads\/2017\/10\/General-3.png\" alt=\"\" width=\"467\" height=\"503\" srcset=\"https:\/\/www.hoymercedes.com.ar\/principal\/wp-content\/uploads\/2017\/10\/General-3.png 467w, https:\/\/www.hoymercedes.com.ar\/principal\/wp-content\/uploads\/2017\/10\/General-3-139x150.png 139w\" sizes=\"auto, (max-width: 467px) 100vw, 467px\" \/><\/p>\n","protected":false},"excerpt":{"rendered":"<p>El certamen de Primera Divisi\u00f3n de la Liga Mercedina de F\u00fatbol se jug\u00f3 entre domingo y lunes, teniendo en cuenta &#8230; <a title=\"Barrio San Martin y El Front\u00f3n toman distancia sobre el resto\" class=\"read-more\" href=\"https:\/\/www.hoymercedes.com.ar\/principal\/2017\/10\/17\/barrio-san-martin-y-el-fronton-toman-distancia-sobre-el-resto\/\" aria-label=\"Leer m\u00e1s sobre Barrio San Martin y El Front\u00f3n toman distancia sobre el resto\">Leer m\u00e1s<\/a><\/p>\n","protected":false},"author":1,"featured_media":68468,"comment_status":"closed","ping_status":"open","sticky":false,"template":"","format":"standard","meta":{"_monsterinsights_skip_tracking":false,"_monsterinsights_sitenote_active":false,"_monsterinsights_sitenote_note":"","_monsterinsights_sitenote_category":0,"jetpack_post_was_ever_published":false,"_jetpack_newsletter_access":"","_jetpack_dont_email_post_to_subs":false,"_jetpack_newsletter_tier_id":0,"_jetpack_memberships_contains_paywalled_content":false,"_jetpack_memberships_contains_paid_content":false,"footnotes":"","jetpack_publicize_message":"","jetpack_publicize_feature_enabled":true,"jetpack_social_post_already_shared":true,"jetpack_social_options":{"image_generator_settings":{"template":"highway","default_image_id":0,"font":"","enabled":false},"version":2},"_wpas_customize_per_network":false},"categories":[21],"tags":[1041,204,1812,1003,1901],"class_list":["post-68467","post","type-post","status-publish","format-standard","has-post-thumbnail","hentry","category-deportes","tag-barrio-san-martin","tag-deportes-2","tag-el-fronton","tag-futbol","tag-liga-mercedina","generate-columns","tablet-grid-50","mobile-grid-100","grid-parent","grid-50"],"jetpack_publicize_connections":[],"jetpack_featured_media_url":"https:\/\/www.hoymercedes.com.ar\/principal\/wp-content\/uploads\/2017\/10\/Primera-3.png","wps_subtitle":"Liga Mercedina","jetpack_sharing_enabled":true,"_links":{"self":[{"href":"https:\/\/www.hoymercedes.com.ar\/principal\/wp-json\/wp\/v2\/posts\/68467","targetHints":{"allow":["GET"]}}],"collection":[{"href":"https:\/\/www.hoymercedes.com.ar\/principal\/wp-json\/wp\/v2\/posts"}],"about":[{"href":"https:\/\/www.hoymercedes.com.ar\/principal\/wp-json\/wp\/v2\/types\/post"}],"author":[{"embeddable":true,"href":"https:\/\/www.hoymercedes.com.ar\/principal\/wp-json\/wp\/v2\/users\/1"}],"replies":[{"embeddable":true,"href":"https:\/\/www.hoymercedes.com.ar\/principal\/wp-json\/wp\/v2\/comments?post=68467"}],"version-history":[{"count":0,"href":"https:\/\/www.hoymercedes.com.ar\/principal\/wp-json\/wp\/v2\/posts\/68467\/revisions"}],"wp:featuredmedia":[{"embeddable":true,"href":"https:\/\/www.hoymercedes.com.ar\/principal\/wp-json\/wp\/v2\/media\/68468"}],"wp:attachment":[{"href":"https:\/\/www.hoymercedes.com.ar\/principal\/wp-json\/wp\/v2\/media?parent=68467"}],"wp:term":[{"taxonomy":"category","embeddable":true,"href":"https:\/\/www.hoymercedes.com.ar\/principal\/wp-json\/wp\/v2\/categories?post=68467"},{"taxonomy":"post_tag","embeddable":true,"href":"https:\/\/www.hoymercedes.com.ar\/principal\/wp-json\/wp\/v2\/tags?post=68467"}],"curies":[{"name":"wp","href":"https:\/\/api.w.org\/{rel}","templated":true}]}}