{"id":68513,"date":"2017-10-18T08:00:52","date_gmt":"2017-10-18T11:00:52","guid":{"rendered":"http:\/\/www.hoymercedes.com.ar\/principal\/?p=68513"},"modified":"2017-10-18T13:26:01","modified_gmt":"2017-10-18T16:26:01","slug":"ustarroz-encabezo-reunion-con-directos-de-colegios-por-pirotecnia-cero","status":"publish","type":"post","link":"https:\/\/www.hoymercedes.com.ar\/principal\/2017\/10\/18\/ustarroz-encabezo-reunion-con-directos-de-colegios-por-pirotecnia-cero\/","title":{"rendered":"Ustarroz encabez\u00f3 reuni\u00f3n con directos de colegios por \u201cPirotecnia Cero\u201d"},"content":{"rendered":"<p>&nbsp;<\/p>\n<p>Se pusieron en marcha reuniones con los diferentes sectores de la sociedad para llevar adelante la ordenanza que declara a nuestra ciudad \u201cTerritorio libre de pirotecnia explosiva\u201d. El Municipio, por el tema, recibi\u00f3 carta documento de una empresa que fabrica pirotecnia explosiva para que baje la norma que promulg\u00f3 el Jefe Comunal.<\/p>\n<p>Las escuelas iniciaron el proceso. En este primer encuentro, participaron el intendente Ustarroz, la directora de discapacidad Tatiana L\u00f3pez, el consejero escolar Jos\u00e9 Lu\u00eds Pisano, directivos de diferentes escuelas y colegios, padres de personas con discapacidad, ex combatientes y representantes de la asociaci\u00f3n protectora de animales. Fue en el Palacio Municipal.<\/p>\n<p><strong>RESPETO HACIA EL OTRO<\/strong><\/p>\n<p>\u201cLo que queremos es hacer eje en la concientizaci\u00f3n de la ordenanza para tratar de ir m\u00e1s all\u00e1, ya que la idea es generar mejores condiciones como sociedad, fundamentalmente, constituidas en el respeto hacia el otro\u201d sostuvo el primer mandatario local quien desde que promulg\u00f3 la ordenanza viene defendiendo la cuesti\u00f3n.<\/p>\n<p>M\u00e1s adelante agreg\u00f3 que \u201cpor eso nos juntamos hoy con todos ustedes, directivos, mam\u00e1s de nenes con discapacidad, defensores de las mascotas y Veteranos de Malvinas, para que juntos podamos llevar adelante esta ordenanza y principalmente informar, en este caso, a los chicos las consecuencia que genera el ruido de la pirotecnia, a quienes son m\u00e1s vulnerables a sus efectos sonoros, m\u00e1s all\u00e1 de lo que significa, la protecci\u00f3n del medio ambiente e evitar accidentes por su manipulaci\u00f3n\u201d.<\/p>\n<p><strong>EN PRIMERA PERSONA<\/strong><\/p>\n<p>En esta ocasi\u00f3n, lo que se empez\u00f3 a planificar un plan de actividades para desarrollar en los diferentes espacios educativos. Centr\u00e1ndose en la idea de que se sepan los porqu\u00e9 de la ordenanza. Brindando no s\u00f3lo informaci\u00f3n, sino tambi\u00e9n llevando, en primera persona, la voz de quienes m\u00e1s sufren por la pirotecnia.<\/p>\n<p>\u201cEste es el puntapi\u00e9 inicial para lo que va a venir, que es, convocar a las pe\u00f1as deportivas, a los clubes de futbol, a cada sector social, para poder generar conciencia en las consecuencias que genera el ruido de la pirotecnia\u201d, expres\u00f3 el intendente Juan Ignacio Ustarroz.<\/p>\n<p><strong>PRESIONES<\/strong><\/p>\n<p>El municipio recibi\u00f3 una carta documento de una empresa que le reclama el veto de la ordenanza, aunque se se\u00f1al\u00f3 que \u201clos asesores letrados del municipio no observan ninguna inconstitucionalidad\u201d se\u00f1al\u00f3 el presidente del Concejo Deliberante, Mat\u00edas Dematei.<\/p>\n<p>Por su parte Ustarroz subray\u00f3: \u201cEste tipo de presiones, no s\u00f3lo no nos amedrentan, sino que nos dan m\u00e1s impulso para llevar adelante este sue\u00f1o que es que nuestra ciudad sea Territorio libre de pirotecnia explosiva\u201d.<\/p>\n<p><strong>FIRMES<\/strong><\/p>\n<p>La Municipalidad, de esta manera, vuelve a expresar firmeza en un tema que preocupa a amplios sectores de la comunidad y que no se agot\u00f3 en la promulgaci\u00f3n de una ordenanza, sino que avanza en un trabajo de concientizaci\u00f3n y ense\u00f1anza, de racionalizaci\u00f3n, que busca todos entendamos la importancia de la medida.<\/p>\n<p>&nbsp;<\/p>\n<p>Fuente: Prensa Mercedes<\/p>\n","protected":false},"excerpt":{"rendered":"<p>&nbsp; Se pusieron en marcha reuniones con los diferentes sectores de la sociedad para llevar adelante la ordenanza que declara &#8230; <a title=\"Ustarroz encabez\u00f3 reuni\u00f3n con directos de colegios por \u201cPirotecnia Cero\u201d\" class=\"read-more\" href=\"https:\/\/www.hoymercedes.com.ar\/principal\/2017\/10\/18\/ustarroz-encabezo-reunion-con-directos-de-colegios-por-pirotecnia-cero\/\" aria-label=\"Leer m\u00e1s sobre Ustarroz encabez\u00f3 reuni\u00f3n con directos de colegios por \u201cPirotecnia Cero\u201d\">Leer m\u00e1s<\/a><\/p>\n","protected":false},"author":1,"featured_media":68514,"comment_status":"closed","ping_status":"open","sticky":false,"template":"","format":"standard","meta":{"_monsterinsights_skip_tracking":false,"_monsterinsights_sitenote_active":false,"_monsterinsights_sitenote_note":"","_monsterinsights_sitenote_category":0,"jetpack_post_was_ever_published":false,"_jetpack_newsletter_access":"","_jetpack_dont_email_post_to_subs":false,"_jetpack_newsletter_tier_id":0,"_jetpack_memberships_contains_paywalled_content":false,"_jetpack_memberships_contains_paid_content":false,"footnotes":"","jetpack_publicize_message":"","jetpack_publicize_feature_enabled":true,"jetpack_social_post_already_shared":true,"jetpack_social_options":{"image_generator_settings":{"template":"highway","default_image_id":0,"font":"","enabled":false},"version":2},"_wpas_customize_per_network":false},"categories":[30,8],"tags":[10,244,10364,12075],"class_list":["post-68513","post","type-post","status-publish","format-standard","has-post-thumbnail","hentry","category-municipio","category-sociedad","tag-mercedes","tag-municipio-2","tag-pirotecnia","tag-pirotecnia-cero-en-mercedes","generate-columns","tablet-grid-50","mobile-grid-100","grid-parent","grid-50"],"jetpack_publicize_connections":[],"jetpack_featured_media_url":"https:\/\/www.hoymercedes.com.ar\/principal\/wp-content\/uploads\/2017\/10\/WhatsApp-Image-2017-10-10-at-2.55.40-PM-e1508296868344.jpeg","wps_subtitle":"Tras promulgar ordenanza","jetpack_sharing_enabled":true,"_links":{"self":[{"href":"https:\/\/www.hoymercedes.com.ar\/principal\/wp-json\/wp\/v2\/posts\/68513","targetHints":{"allow":["GET"]}}],"collection":[{"href":"https:\/\/www.hoymercedes.com.ar\/principal\/wp-json\/wp\/v2\/posts"}],"about":[{"href":"https:\/\/www.hoymercedes.com.ar\/principal\/wp-json\/wp\/v2\/types\/post"}],"author":[{"embeddable":true,"href":"https:\/\/www.hoymercedes.com.ar\/principal\/wp-json\/wp\/v2\/users\/1"}],"replies":[{"embeddable":true,"href":"https:\/\/www.hoymercedes.com.ar\/principal\/wp-json\/wp\/v2\/comments?post=68513"}],"version-history":[{"count":0,"href":"https:\/\/www.hoymercedes.com.ar\/principal\/wp-json\/wp\/v2\/posts\/68513\/revisions"}],"wp:featuredmedia":[{"embeddable":true,"href":"https:\/\/www.hoymercedes.com.ar\/principal\/wp-json\/wp\/v2\/media\/68514"}],"wp:attachment":[{"href":"https:\/\/www.hoymercedes.com.ar\/principal\/wp-json\/wp\/v2\/media?parent=68513"}],"wp:term":[{"taxonomy":"category","embeddable":true,"href":"https:\/\/www.hoymercedes.com.ar\/principal\/wp-json\/wp\/v2\/categories?post=68513"},{"taxonomy":"post_tag","embeddable":true,"href":"https:\/\/www.hoymercedes.com.ar\/principal\/wp-json\/wp\/v2\/tags?post=68513"}],"curies":[{"name":"wp","href":"https:\/\/api.w.org\/{rel}","templated":true}]}}