{"id":68541,"date":"2017-10-19T13:30:50","date_gmt":"2017-10-19T16:30:50","guid":{"rendered":"http:\/\/www.hoymercedes.com.ar\/principal\/?p=68541"},"modified":"2017-10-19T12:19:05","modified_gmt":"2017-10-19T15:19:05","slug":"convocan-para-este-jueves-en-la-plaza-san-martin-por-maldonado","status":"publish","type":"post","link":"https:\/\/www.hoymercedes.com.ar\/principal\/2017\/10\/19\/convocan-para-este-jueves-en-la-plaza-san-martin-por-maldonado\/","title":{"rendered":"Convocan para este jueves en la Plaza San Mart\u00edn por Maldonado"},"content":{"rendered":"<p>El Partido Obrero y el Frente de Izquierda y los Trabajadores convocan para este jueves 19 de octubre, 18 horas,\u00a0\u00a0\u00aba concentramos en la plaza San Martin de nuestra ciudad, en concordancia\u00a0 con Memoria Verdad y Justicia, que marchar\u00e1 a Plaza de Mayo\u00bb, comunic\u00f3 Pablo Demarco (candidato del PO FIT)<\/p>\n<p>En una comunicaci\u00f3n enviada a los medios titulada \u00abSeguimos luchando por Santiago. Fuera Patricia Bullrich\u00bb, convocan para este Jueves 19, a las 18:00, a Plaza San Mart\u00edn.<\/p>\n<p>\u00ab1. El hallazgo de un cuerpo en el R\u00edo Chubut, a metros de donde se produjo la desaparici\u00f3n forzada de Santiago Maldonado, ha colocado en vilo al pa\u00eds y, principalmente, a todos los que hemos luchado por su aparici\u00f3n con vida. Con independencia de que el cuerpo pertenezca o no a Santiago, hay dos cuestiones que ya est\u00e1n definitivamente claras: primero, la responsabilidad oficial en la represi\u00f3n que condujo a su desaparici\u00f3n forzada y, luego, el f\u00e9rreo operativo de encubrimiento con el cual se busc\u00f3 eludir aquella responsabilidad. Es imposible no recordar, en este momento, el reguero de versiones oficiales dirigidas a culpabilizar y desprestigiar a la comunidad mapuche y al propio Maldonado. Entre ellas, las que daban a Santiago en pueblos de Entre R\u00edos; viajando a dedo por el Sur, escapando a Chile o en un enfrentamiento con puesteros de un campo de Benetton. Quien sali\u00f3 a refritar estas mentiras ha sido nada menos que Elisa Carri\u00f3, quien, en el debate de candidatos de la CABA, agit\u00f3 la \u201cprobabilidad de que Santiago est\u00e9 en Chile\u201d. La miseria pol\u00edtica de la principal candidata porte\u00f1a no es un exabrupto, sino el resultado de una l\u00ednea oficial.<\/p>\n<p>2. La comunidad mapuche y los organismos de derechos humanos de la zona denunciaron que el cuerpo que apareci\u00f3 a pocos metros de donde ocurri\u00f3 la represi\u00f3n de Gendarmer\u00eda el pasado 1 de agosto fue \u00b4tirado\u00b4 en el lugar. Abona esta grave denuncia el hecho de que la zona donde apareci\u00f3 el cuerpo fue rastrillada ya en tres oportunidades y que es frecuentada de manera permanente por los habitantes de la comunidad, raz\u00f3n por la cual es imposible que de haber estado siempre en ese lugar no haya sido divisado.<\/p>\n<p>3. Mientras ca\u00edan esas falsas versiones, se iban sumando las evidencias de lo que hoy todos sabemos: que Santiago fue visto por \u00faltima vez en medio de una represi\u00f3n de la Gendarmer\u00eda a la comunidad mapuche, y que esa represi\u00f3n culmin\u00f3 con una persecuci\u00f3n feroz a los manifestantes. Pero principalmente, qued\u00f3 de manifiesto la responsabilidad directa del ministerio de Seguridad de Patricia Bullrich: su jefe de gabinete, Pablo Nocetti, comand\u00f3 directamente la represi\u00f3n en el sur. Luego, ese mismo ministerio ocult\u00f3 pruebas y marc\u00f3 la cancha de la investigaci\u00f3n judicial, entonces a cargo del juez Otranto.<\/p>\n<p>4. La desaparici\u00f3n forzada de Maldonado no es el exceso de un gendarme, variante que el gobierno ha comenzado a agitar como escapatoria a su propia responsabilidad. Por el contrario, esta represi\u00f3n es el resultado de un vasto operativo internacional, dirigido a proteger, en Argentina y en Chile, a los acaparadores de tierras y a los monopolios petroleros y mineros que operan junto a la cordillera. Semanas antes de la desaparici\u00f3n de Santiago, el presidente Macri y su par de Chile Bachelet se reunieron en aquel pa\u00eds para \u201ccoordinar acciones\u201d contra la comunidad mapuche y sus aspiraciones de tierras. Enseguida, fue detenido en Argentina Facundo Jones Huala, y comenzaron los aprestos represivos en la zona de Esquel. Es en ese marco que se produce la represi\u00f3n y desaparici\u00f3n forzada de Maldonado. Se trata de una pol\u00edtica de Estado que reconoce una continuidad en el gobierno anterior. La ley de tierras del kirchnerismo convalid\u00f3 la apropiaci\u00f3n mal habida de tierras por los Benetton y Lewis, y avanz\u00f3 en la entrega de Vaca Muerta a monopolios como Chevr\u00f3n, cuya aprobaci\u00f3n en la legislatura de Neuqu\u00e9n tambi\u00e9n fue asegurada por una fuerte represi\u00f3n.<\/p>\n<p>5. Al encubrir a la gendarmer\u00eda y obstaculizar la investigaci\u00f3n, Patricia Bullrich se ha protegido a s\u00ed misma y a su gobierno. La frase pronunciada por la ministra en el Senado ha sido reveladora. Detr\u00e1s del \u201cno tiraremos a un gendarme por la ventana\u201d est\u00e1 la confesi\u00f3n de que el gobierno necesita de las fuerzas represivas para implementar su plan de ajuste contra los trabajadores, las mujeres y la juventud. Lo que vale para la comunidad mapuche vale tambi\u00e9n para el conjunto de los sectores explotados.<\/p>\n<p>6. Pero si hoy el encubrimiento se derrumba, es como resultado de la inmensa movilizaci\u00f3n popular, que en dos oportunidades colm\u00f3 la Plaza de Mayo y varias capitales del pa\u00eds reclamando por la aparici\u00f3n con vida de Santiago. En estos momentos decisivos, el Partido Obrero llama redoblar esa movilizaci\u00f3n por el juicio y castigo a los culpables de la desaparici\u00f3n forzada; y para que se vaya Patricia Bullrich, responsable del operativo represivo y de su posterior encubrimiento.<\/p>\n<p>Con esa convicci\u00f3n, llamamos a concurrir este jueves junto al Encuentro Memoria Verdad y Justicia, a la Plaza San Mart\u00edn a las 18:00 hs. Convocan: Partido Obrero,\u00a0 Frente de Artistas Mercedinxs\u00bb<\/p>\n","protected":false},"excerpt":{"rendered":"<p>El Partido Obrero y el Frente de Izquierda y los Trabajadores convocan para este jueves 19 de octubre, 18 horas,\u00a0\u00a0\u00aba &#8230; <a title=\"Convocan para este jueves en la Plaza San Mart\u00edn por Maldonado\" class=\"read-more\" href=\"https:\/\/www.hoymercedes.com.ar\/principal\/2017\/10\/19\/convocan-para-este-jueves-en-la-plaza-san-martin-por-maldonado\/\" aria-label=\"Leer m\u00e1s sobre Convocan para este jueves en la Plaza San Mart\u00edn por Maldonado\">Leer m\u00e1s<\/a><\/p>\n","protected":false},"author":1,"featured_media":65853,"comment_status":"closed","ping_status":"open","sticky":false,"template":"","format":"standard","meta":{"_monsterinsights_skip_tracking":false,"_monsterinsights_sitenote_active":false,"_monsterinsights_sitenote_note":"","_monsterinsights_sitenote_category":0,"jetpack_post_was_ever_published":false,"_jetpack_newsletter_access":"","_jetpack_dont_email_post_to_subs":false,"_jetpack_newsletter_tier_id":0,"_jetpack_memberships_contains_paywalled_content":false,"_jetpack_memberships_contains_paid_content":false,"footnotes":"","jetpack_publicize_message":"","jetpack_publicize_feature_enabled":true,"jetpack_social_post_already_shared":true,"jetpack_social_options":{"image_generator_settings":{"template":"highway","default_image_id":0,"font":"","enabled":false},"version":2},"_wpas_customize_per_network":false},"categories":[5,8],"tags":[9168,3395,1005,5319,11698],"class_list":["post-68541","post","type-post","status-publish","format-standard","has-post-thumbnail","hentry","category-politica","category-sociedad","tag-convocatoria","tag-pablo-demarco","tag-plaza-san-martin","tag-politica-2","tag-santiago-maldonado","generate-columns","tablet-grid-50","mobile-grid-100","grid-parent","grid-50"],"jetpack_publicize_connections":[],"jetpack_featured_media_url":"https:\/\/www.hoymercedes.com.ar\/principal\/wp-content\/uploads\/2017\/08\/santiagomaldonado.jpg","wps_subtitle":"Tras la aparici\u00f3n del cuerpo en r\u00edo Chubut","jetpack_sharing_enabled":true,"_links":{"self":[{"href":"https:\/\/www.hoymercedes.com.ar\/principal\/wp-json\/wp\/v2\/posts\/68541","targetHints":{"allow":["GET"]}}],"collection":[{"href":"https:\/\/www.hoymercedes.com.ar\/principal\/wp-json\/wp\/v2\/posts"}],"about":[{"href":"https:\/\/www.hoymercedes.com.ar\/principal\/wp-json\/wp\/v2\/types\/post"}],"author":[{"embeddable":true,"href":"https:\/\/www.hoymercedes.com.ar\/principal\/wp-json\/wp\/v2\/users\/1"}],"replies":[{"embeddable":true,"href":"https:\/\/www.hoymercedes.com.ar\/principal\/wp-json\/wp\/v2\/comments?post=68541"}],"version-history":[{"count":0,"href":"https:\/\/www.hoymercedes.com.ar\/principal\/wp-json\/wp\/v2\/posts\/68541\/revisions"}],"wp:featuredmedia":[{"embeddable":true,"href":"https:\/\/www.hoymercedes.com.ar\/principal\/wp-json\/wp\/v2\/media\/65853"}],"wp:attachment":[{"href":"https:\/\/www.hoymercedes.com.ar\/principal\/wp-json\/wp\/v2\/media?parent=68541"}],"wp:term":[{"taxonomy":"category","embeddable":true,"href":"https:\/\/www.hoymercedes.com.ar\/principal\/wp-json\/wp\/v2\/categories?post=68541"},{"taxonomy":"post_tag","embeddable":true,"href":"https:\/\/www.hoymercedes.com.ar\/principal\/wp-json\/wp\/v2\/tags?post=68541"}],"curies":[{"name":"wp","href":"https:\/\/api.w.org\/{rel}","templated":true}]}}