{"id":68546,"date":"2017-10-19T17:23:00","date_gmt":"2017-10-19T20:23:00","guid":{"rendered":"http:\/\/www.hoymercedes.com.ar\/principal\/?p=68546"},"modified":"2017-10-19T16:06:47","modified_gmt":"2017-10-19T19:06:47","slug":"concejales-de-cambiemos-piden-la-clausura-de-cava-en-prolongacion-de-22-bis","status":"publish","type":"post","link":"https:\/\/www.hoymercedes.com.ar\/principal\/2017\/10\/19\/concejales-de-cambiemos-piden-la-clausura-de-cava-en-prolongacion-de-22-bis\/","title":{"rendered":"Concejales de Cambiemos piden la clausura de cava en prolongaci\u00f3n de 22 bis"},"content":{"rendered":"<p>El bloque de Concejales de Cambiemos elevaron para ser tratados en la sesi\u00f3n del lunes 23 de octubre, doce proyectos de resoluci\u00f3n y ordenanzas. Uno de ellos es el pedido para que dejen de volcarse residuos en la cava ubicada de la prolongaci\u00f3n de la calle 22 bis (camino al frigor\u00edfico).<\/p>\n<p><img loading=\"lazy\" decoding=\"async\" data-attachment-id=\"68548\" data-permalink=\"https:\/\/www.hoymercedes.com.ar\/principal\/2017\/10\/19\/concejales-de-cambiemos-piden-la-clausura-de-cava-en-prolongacion-de-22-bis\/20-cava-22bis\/#main\" data-orig-file=\"https:\/\/www.hoymercedes.com.ar\/principal\/wp-content\/uploads\/2017\/10\/20-cava-22bis.jpg\" data-orig-size=\"630,420\" data-comments-opened=\"0\" data-image-meta=\"{&quot;aperture&quot;:&quot;0&quot;,&quot;credit&quot;:&quot;&quot;,&quot;camera&quot;:&quot;&quot;,&quot;caption&quot;:&quot;&quot;,&quot;created_timestamp&quot;:&quot;0&quot;,&quot;copyright&quot;:&quot;&quot;,&quot;focal_length&quot;:&quot;0&quot;,&quot;iso&quot;:&quot;0&quot;,&quot;shutter_speed&quot;:&quot;0&quot;,&quot;title&quot;:&quot;&quot;,&quot;orientation&quot;:&quot;0&quot;}\" data-image-title=\"20 cava 22bis\" data-image-description=\"\" data-image-caption=\"\" data-large-file=\"https:\/\/www.hoymercedes.com.ar\/principal\/wp-content\/uploads\/2017\/10\/20-cava-22bis.jpg\" class=\"aligncenter size-medium wp-image-68548\" src=\"https:\/\/www.hoymercedes.com.ar\/principal\/wp-content\/uploads\/2017\/10\/20-cava-22bis-630x420.jpg\" alt=\"\" width=\"630\" height=\"420\" srcset=\"https:\/\/www.hoymercedes.com.ar\/principal\/wp-content\/uploads\/2017\/10\/20-cava-22bis.jpg 630w, https:\/\/www.hoymercedes.com.ar\/principal\/wp-content\/uploads\/2017\/10\/20-cava-22bis-150x100.jpg 150w, https:\/\/www.hoymercedes.com.ar\/principal\/wp-content\/uploads\/2017\/10\/20-cava-22bis-300x200.jpg 300w\" sizes=\"auto, (max-width: 630px) 100vw, 630px\" \/><\/p>\n<p>\u00abEn los primeros meses de este a\u00f1o, el Departamento Ejecutivo comenz\u00f3 a realizar vuelcos de residuos, presentamos en el mes julio un pedido de informes que manifestaba la preocupaci\u00f3n por la aparici\u00f3n de mont\u00edculos con residuos no org\u00e1nicos y org\u00e1nicos esparcidos en los laterales de calles cercanas a la cava. Adem\u00e1s se manifestaba que la prolongaci\u00f3n de 22 bis estaba sufriendo un mayor impacto por la circulaci\u00f3n de los camiones municipales\u00bb, explicaron los concejales.<\/p>\n<p>\u00abA la fecha, el Departamento Ejecutivo no respondi\u00f3 la resoluci\u00f3n aprobada de ese pedido de informes ni tom\u00f3 medidas a fin de solucionar esta problem\u00e1tica. La continuaci\u00f3n de los vuelcos de residuos por parte de la Municipalidad en esta cava ha multiplicado la aparici\u00f3n de basura y convertido en intransitable gran parte del recorrido con la aparici\u00f3n de profundos pozos, huellas y roturas. Adem\u00e1s, provoc\u00f3 la rompimiento y destrucci\u00f3n total en partes de la obra de bicisenda utilizada por los trabajadores del frigor\u00edfico y vecinos de la zona\u00bb, agregan.<\/p>\n<p>\u00abEstas acciones por parte del Departamento Ejecutivo generan un peligro medioambiental y fitosanitario para todas las personas que circulan por la zona, sumado al \u00a0perjuicio econ\u00f3mico de destruir una obra que databa aproximadamente del a\u00f1o 2000 y que estaba en buenas condiciones de conservaci\u00f3n y uso, esto elev\u00f3 exponencialmente el peligro de seguridad y de transitar por la zona\u00bb, expresan.<\/p>\n<p>Ante esta situaci\u00f3n, el bloque de Concejales de Cambiemos propone \u00abla clausura del predio donde se ubica la cava, el arreglo de la calle, la reconstrucci\u00f3n de la bicisenda y realizaci\u00f3n de los estudios de potabilidad de las napas de agua de los vecinos que viven en cercan\u00edas del lugar\u00bb.<\/p>\n<p>A modo de ordenanza, proponen como proyecto:<\/p>\n<ul>\n<li>Prohibir\u00a0la realizaci\u00f3n de vuelcos de residuos org\u00e1nicos e inorg\u00e1nicos en el predio donde se encuentra la cava ubicada en prolongaci\u00f3n de 22 bis (Camino al Frigor\u00edfico La Mar S.A).<\/li>\n<li>Cercar y clausurar el predio.<\/li>\n<li>Limpiar el recorrido desde la prolongaci\u00f3n de calle 22 bis desde bajada de pavimento hasta colectora de Ruta Nacional 5.<\/li>\n<li>Reparar el recorrido de prolongaci\u00f3n de calle 22 bis desde bajada de pavimento hasta colectora de Ruta Nacional 5, con la correspondiente nivelaci\u00f3n y entoscado.<\/li>\n<li>Reconstruir la bicisenda del sector.<\/li>\n<li>Realizar estudios de potabilidad en las napas de agua lindera a la cava.<\/li>\n<\/ul>\n<p>&nbsp;<\/p>\n<p>Fuente: Concejales Cambiemos<\/p>\n","protected":false},"excerpt":{"rendered":"<p>El bloque de Concejales de Cambiemos elevaron para ser tratados en la sesi\u00f3n del lunes 23 de octubre, doce proyectos &#8230; <a title=\"Concejales de Cambiemos piden la clausura de cava en prolongaci\u00f3n de 22 bis\" class=\"read-more\" href=\"https:\/\/www.hoymercedes.com.ar\/principal\/2017\/10\/19\/concejales-de-cambiemos-piden-la-clausura-de-cava-en-prolongacion-de-22-bis\/\" aria-label=\"Leer m\u00e1s sobre Concejales de Cambiemos piden la clausura de cava en prolongaci\u00f3n de 22 bis\">Leer m\u00e1s<\/a><\/p>\n","protected":false},"author":1,"featured_media":68548,"comment_status":"closed","ping_status":"open","sticky":false,"template":"","format":"standard","meta":{"_monsterinsights_skip_tracking":false,"_monsterinsights_sitenote_active":false,"_monsterinsights_sitenote_note":"","_monsterinsights_sitenote_category":0,"jetpack_post_was_ever_published":false,"_jetpack_newsletter_access":"","_jetpack_dont_email_post_to_subs":false,"_jetpack_newsletter_tier_id":0,"_jetpack_memberships_contains_paywalled_content":false,"_jetpack_memberships_contains_paid_content":false,"footnotes":"","jetpack_publicize_message":"","jetpack_publicize_feature_enabled":true,"jetpack_social_post_already_shared":true,"jetpack_social_options":{"image_generator_settings":{"template":"highway","default_image_id":0,"font":"","enabled":false},"version":2},"_wpas_customize_per_network":false},"categories":[5],"tags":[8055,12081,8993,5319,8980],"class_list":["post-68546","post","type-post","status-publish","format-standard","has-post-thumbnail","hentry","category-politica","tag-cambiemos","tag-cava-22-bis","tag-concejales","tag-politica-2","tag-proyectos","generate-columns","tablet-grid-50","mobile-grid-100","grid-parent","grid-50"],"jetpack_publicize_connections":[],"jetpack_featured_media_url":"https:\/\/www.hoymercedes.com.ar\/principal\/wp-content\/uploads\/2017\/10\/20-cava-22bis.jpg","wps_subtitle":"Proyecto para la sesi\u00f3n del lunes","jetpack_sharing_enabled":true,"_links":{"self":[{"href":"https:\/\/www.hoymercedes.com.ar\/principal\/wp-json\/wp\/v2\/posts\/68546","targetHints":{"allow":["GET"]}}],"collection":[{"href":"https:\/\/www.hoymercedes.com.ar\/principal\/wp-json\/wp\/v2\/posts"}],"about":[{"href":"https:\/\/www.hoymercedes.com.ar\/principal\/wp-json\/wp\/v2\/types\/post"}],"author":[{"embeddable":true,"href":"https:\/\/www.hoymercedes.com.ar\/principal\/wp-json\/wp\/v2\/users\/1"}],"replies":[{"embeddable":true,"href":"https:\/\/www.hoymercedes.com.ar\/principal\/wp-json\/wp\/v2\/comments?post=68546"}],"version-history":[{"count":0,"href":"https:\/\/www.hoymercedes.com.ar\/principal\/wp-json\/wp\/v2\/posts\/68546\/revisions"}],"wp:featuredmedia":[{"embeddable":true,"href":"https:\/\/www.hoymercedes.com.ar\/principal\/wp-json\/wp\/v2\/media\/68548"}],"wp:attachment":[{"href":"https:\/\/www.hoymercedes.com.ar\/principal\/wp-json\/wp\/v2\/media?parent=68546"}],"wp:term":[{"taxonomy":"category","embeddable":true,"href":"https:\/\/www.hoymercedes.com.ar\/principal\/wp-json\/wp\/v2\/categories?post=68546"},{"taxonomy":"post_tag","embeddable":true,"href":"https:\/\/www.hoymercedes.com.ar\/principal\/wp-json\/wp\/v2\/tags?post=68546"}],"curies":[{"name":"wp","href":"https:\/\/api.w.org\/{rel}","templated":true}]}}