{"id":68567,"date":"2017-10-20T13:00:44","date_gmt":"2017-10-20T16:00:44","guid":{"rendered":"http:\/\/www.hoymercedes.com.ar\/principal\/?p=68567"},"modified":"2017-10-20T13:28:54","modified_gmt":"2017-10-20T16:28:54","slug":"familiares-y-amigos-marcharon-pidiendo-justicia-por-sonia-romero","status":"publish","type":"post","link":"https:\/\/www.hoymercedes.com.ar\/principal\/2017\/10\/20\/familiares-y-amigos-marcharon-pidiendo-justicia-por-sonia-romero\/","title":{"rendered":"Familiares y amigos marcharon pidiendo justicia por Sonia Romero"},"content":{"rendered":"<p>Postergada por la tormenta del mi\u00e9rcoles, en la noche del jueves familiares y amigos de Sonia Romero de Parisso llevaron adelante una marcha en la Plaza San Mart\u00edn pidiendo justicia y resoluci\u00f3n del siniestro vial que Sonia vivi\u00f3 el 18 de septiembre en las calles 17 y 30, que termin\u00f3 con esa vida un par de semanas despu\u00e9s. Los familiares piden a los vecinos que vieron el hecho se acerquen como testigos a la UFI N\u00b0 2 o se comuniquen con ellos.<\/p>\n<p><img loading=\"lazy\" decoding=\"async\" data-attachment-id=\"68569\" data-permalink=\"https:\/\/www.hoymercedes.com.ar\/principal\/2017\/10\/20\/familiares-y-amigos-marcharon-pidiendo-justicia-por-sonia-romero\/20-marcha-sonia-romero-2\/#main\" data-orig-file=\"https:\/\/www.hoymercedes.com.ar\/principal\/wp-content\/uploads\/2017\/10\/20-marcha-sonia-romero-2.jpg\" data-orig-size=\"630,420\" data-comments-opened=\"0\" data-image-meta=\"{&quot;aperture&quot;:&quot;3.5&quot;,&quot;credit&quot;:&quot;&quot;,&quot;camera&quot;:&quot;NIKON D3100&quot;,&quot;caption&quot;:&quot;&quot;,&quot;created_timestamp&quot;:&quot;1508445588&quot;,&quot;copyright&quot;:&quot;&quot;,&quot;focal_length&quot;:&quot;18&quot;,&quot;iso&quot;:&quot;3200&quot;,&quot;shutter_speed&quot;:&quot;0.016666666666667&quot;,&quot;title&quot;:&quot;&quot;,&quot;orientation&quot;:&quot;1&quot;}\" data-image-title=\"20 marcha sonia romero 2\" data-image-description=\"\" data-image-caption=\"\" data-large-file=\"https:\/\/www.hoymercedes.com.ar\/principal\/wp-content\/uploads\/2017\/10\/20-marcha-sonia-romero-2.jpg\" class=\"aligncenter size-medium wp-image-68569\" src=\"https:\/\/www.hoymercedes.com.ar\/principal\/wp-content\/uploads\/2017\/10\/20-marcha-sonia-romero-2-630x420.jpg\" alt=\"\" width=\"630\" height=\"420\" srcset=\"https:\/\/www.hoymercedes.com.ar\/principal\/wp-content\/uploads\/2017\/10\/20-marcha-sonia-romero-2.jpg 630w, https:\/\/www.hoymercedes.com.ar\/principal\/wp-content\/uploads\/2017\/10\/20-marcha-sonia-romero-2-150x100.jpg 150w, https:\/\/www.hoymercedes.com.ar\/principal\/wp-content\/uploads\/2017\/10\/20-marcha-sonia-romero-2-300x200.jpg 300w\" sizes=\"auto, (max-width: 630px) 100vw, 630px\" \/><\/p>\n<p>A la hora 20, tal como se hab\u00eda citado, familiares, amigos y vecinos que conocieron la convocatoria a trav\u00e9s de las redes sociales se encontraron en la plaza San Mart\u00edn. El reclamo de justicia que se dio con el silencio de los presentes y una marcha alrededor de la plaza que encabezaron los familiares de Sonia Romero de Parisso fue central en esta noche de jueves.<\/p>\n<p>\u00abMi mam\u00e1 iba circulando por la 30 entre 15 y 17, en bici. Volv\u00eda a casa despu\u00e9s de hacer unos tr\u00e1mites en el centro. Por lo que cuentan algunos de los testigos que declararon en la causa, una moto, en el mismo sentido, sali\u00f3 haciendo &#8216;willy&#8217;, o ven\u00eda haci\u00e9ndolo, pasa el sem\u00e1foro, y a la altura de la parrilla, la choca a mi mam\u00e1 de atr\u00e1s. Ella cae, se golpea la cabeza. Se pensaba que estaba bien, pero al ratito se empieza a sentir mal. Uno de los chicos que trabaja en la loter\u00eda le acerca una silla. Llega la polic\u00eda comunal que la trasladan. Dicen que el pibe corre la moto, y dejan la bicicleta en el cantero. El chico habr\u00eda ido a hablar con el kioskero de la 15, le manifiesta a la polic\u00eda que se quer\u00eda ir porque ten\u00eda que trabajar, ten\u00eda seguro y su propio abogado, como que no le interes\u00f3 mucho lo que hab\u00eda hecho. Se quer\u00eda llevar la moto\u00bb, cont\u00f3 David &#8216;Pony&#8217; Parisso, uno de los hijos de Sonia en el di\u00e1logo con medios period\u00edsticos.<\/p>\n<p><img loading=\"lazy\" decoding=\"async\" data-attachment-id=\"68568\" data-permalink=\"https:\/\/www.hoymercedes.com.ar\/principal\/2017\/10\/20\/familiares-y-amigos-marcharon-pidiendo-justicia-por-sonia-romero\/20-marcha-sonia-romero-1\/#main\" data-orig-file=\"https:\/\/www.hoymercedes.com.ar\/principal\/wp-content\/uploads\/2017\/10\/20-marcha-sonia-romero-1.jpg\" data-orig-size=\"630,420\" data-comments-opened=\"0\" data-image-meta=\"{&quot;aperture&quot;:&quot;3.5&quot;,&quot;credit&quot;:&quot;&quot;,&quot;camera&quot;:&quot;NIKON D3100&quot;,&quot;caption&quot;:&quot;&quot;,&quot;created_timestamp&quot;:&quot;1508446003&quot;,&quot;copyright&quot;:&quot;&quot;,&quot;focal_length&quot;:&quot;22&quot;,&quot;iso&quot;:&quot;3200&quot;,&quot;shutter_speed&quot;:&quot;0.016666666666667&quot;,&quot;title&quot;:&quot;&quot;,&quot;orientation&quot;:&quot;1&quot;}\" data-image-title=\"20 marcha sonia romero 1\" data-image-description=\"\" data-image-caption=\"\" data-large-file=\"https:\/\/www.hoymercedes.com.ar\/principal\/wp-content\/uploads\/2017\/10\/20-marcha-sonia-romero-1.jpg\" class=\"aligncenter size-medium wp-image-68568\" src=\"https:\/\/www.hoymercedes.com.ar\/principal\/wp-content\/uploads\/2017\/10\/20-marcha-sonia-romero-1-630x420.jpg\" alt=\"\" width=\"630\" height=\"420\" srcset=\"https:\/\/www.hoymercedes.com.ar\/principal\/wp-content\/uploads\/2017\/10\/20-marcha-sonia-romero-1.jpg 630w, https:\/\/www.hoymercedes.com.ar\/principal\/wp-content\/uploads\/2017\/10\/20-marcha-sonia-romero-1-150x100.jpg 150w, https:\/\/www.hoymercedes.com.ar\/principal\/wp-content\/uploads\/2017\/10\/20-marcha-sonia-romero-1-300x200.jpg 300w\" sizes=\"auto, (max-width: 630px) 100vw, 630px\" \/><\/p>\n<p>\u00abPor lo que cuentan los vecinos del barrio, le aconsejan que no toque nada, pero \u00e9l ya la hab\u00eda movido. Llega la ambulancia y se llevan a mi mam\u00e1 al hospital que se descompone por el golpe en la cabeza. Nos dijeron que hab\u00eda que operarla de urgencia. Estaba inconsciente. La trasladan a la cl\u00ednica para hacerle una neurocirug\u00eda. El choque fue cerca de las 13 horas y 14.30 ya estaba en la cl\u00ednica para ser operada. Pasan las horas, pero contin\u00fao en coma con pocas mejoras. El 18 de septiembre fue el choque y el 5 de octubre a la ma\u00f1ana fallece\u00bb, agreg\u00f3 y resalt\u00f3 que el chico de la moto fue responsable de otros siniestros con anterioridad y posterioridad, incluso la misma Fiscal\u00eda lo investiga por otro hecho.<\/p>\n<p>Con carteles sencillos, el pedido es que el responsable del siniestro vial sea sancionado por la justicia. La investigaci\u00f3n del siniestro vial est\u00e1 a cargo de la Fiscal\u00eda N\u00b0 2. Hasta la fecha existen algunos testigos y vecinos que est\u00e1n declarando, pero la familia piden que si hubo m\u00e1s personas que vieron el hecho se acerquen a la UFI o a la casa familiar para contar lo que vieron y as\u00ed aporten datos para la resoluci\u00f3n del hecho.<\/p>\n<p><img loading=\"lazy\" decoding=\"async\" data-attachment-id=\"68570\" data-permalink=\"https:\/\/www.hoymercedes.com.ar\/principal\/2017\/10\/20\/familiares-y-amigos-marcharon-pidiendo-justicia-por-sonia-romero\/20-marcha-sonia-romero-3\/#main\" data-orig-file=\"https:\/\/www.hoymercedes.com.ar\/principal\/wp-content\/uploads\/2017\/10\/20-marcha-sonia-romero-3.jpg\" data-orig-size=\"630,420\" data-comments-opened=\"0\" data-image-meta=\"{&quot;aperture&quot;:&quot;5.6&quot;,&quot;credit&quot;:&quot;&quot;,&quot;camera&quot;:&quot;NIKON D3100&quot;,&quot;caption&quot;:&quot;&quot;,&quot;created_timestamp&quot;:&quot;1508445362&quot;,&quot;copyright&quot;:&quot;&quot;,&quot;focal_length&quot;:&quot;55&quot;,&quot;iso&quot;:&quot;3200&quot;,&quot;shutter_speed&quot;:&quot;0.05&quot;,&quot;title&quot;:&quot;&quot;,&quot;orientation&quot;:&quot;1&quot;}\" data-image-title=\"20 marcha sonia romero 3\" data-image-description=\"\" data-image-caption=\"\" data-large-file=\"https:\/\/www.hoymercedes.com.ar\/principal\/wp-content\/uploads\/2017\/10\/20-marcha-sonia-romero-3.jpg\" class=\"aligncenter size-medium wp-image-68570\" src=\"https:\/\/www.hoymercedes.com.ar\/principal\/wp-content\/uploads\/2017\/10\/20-marcha-sonia-romero-3-630x420.jpg\" alt=\"\" width=\"630\" height=\"420\" srcset=\"https:\/\/www.hoymercedes.com.ar\/principal\/wp-content\/uploads\/2017\/10\/20-marcha-sonia-romero-3.jpg 630w, https:\/\/www.hoymercedes.com.ar\/principal\/wp-content\/uploads\/2017\/10\/20-marcha-sonia-romero-3-150x100.jpg 150w, https:\/\/www.hoymercedes.com.ar\/principal\/wp-content\/uploads\/2017\/10\/20-marcha-sonia-romero-3-300x200.jpg 300w\" sizes=\"auto, (max-width: 630px) 100vw, 630px\" \/><\/p>\n<p>&nbsp;<\/p>\n<p>Fotos: Clarisa Altieri<\/p>\n<p>&nbsp;<\/p>\n","protected":false},"excerpt":{"rendered":"<p>Postergada por la tormenta del mi\u00e9rcoles, en la noche del jueves familiares y amigos de Sonia Romero de Parisso llevaron &#8230; <a title=\"Familiares y amigos marcharon pidiendo justicia por Sonia Romero\" class=\"read-more\" href=\"https:\/\/www.hoymercedes.com.ar\/principal\/2017\/10\/20\/familiares-y-amigos-marcharon-pidiendo-justicia-por-sonia-romero\/\" aria-label=\"Leer m\u00e1s sobre Familiares y amigos marcharon pidiendo justicia por Sonia Romero\">Leer m\u00e1s<\/a><\/p>\n","protected":false},"author":1,"featured_media":68570,"comment_status":"closed","ping_status":"open","sticky":false,"template":"","format":"standard","meta":{"_monsterinsights_skip_tracking":false,"_monsterinsights_sitenote_active":false,"_monsterinsights_sitenote_note":"","_monsterinsights_sitenote_category":0,"jetpack_post_was_ever_published":false,"_jetpack_newsletter_access":"","_jetpack_dont_email_post_to_subs":false,"_jetpack_newsletter_tier_id":0,"_jetpack_memberships_contains_paywalled_content":false,"_jetpack_memberships_contains_paid_content":false,"footnotes":"","jetpack_publicize_message":"","jetpack_publicize_feature_enabled":true,"jetpack_social_post_already_shared":false,"jetpack_social_options":{"image_generator_settings":{"template":"highway","default_image_id":0,"font":"","enabled":false},"version":2},"_wpas_customize_per_network":false},"categories":[85],"tags":[9180,10,519,96,10395,12083],"class_list":["post-68567","post","type-post","status-publish","format-standard","has-post-thumbnail","hentry","category-policial","tag-marcha","tag-mercedes","tag-pedido-de-justicia","tag-policial-2","tag-siniestro-vial","tag-sonia-romero-de-parisso","generate-columns","tablet-grid-50","mobile-grid-100","grid-parent","grid-50"],"jetpack_publicize_connections":[],"jetpack_featured_media_url":"https:\/\/www.hoymercedes.com.ar\/principal\/wp-content\/uploads\/2017\/10\/20-marcha-sonia-romero-3.jpg","wps_subtitle":"A un mes del siniestro vial","jetpack_sharing_enabled":true,"_links":{"self":[{"href":"https:\/\/www.hoymercedes.com.ar\/principal\/wp-json\/wp\/v2\/posts\/68567","targetHints":{"allow":["GET"]}}],"collection":[{"href":"https:\/\/www.hoymercedes.com.ar\/principal\/wp-json\/wp\/v2\/posts"}],"about":[{"href":"https:\/\/www.hoymercedes.com.ar\/principal\/wp-json\/wp\/v2\/types\/post"}],"author":[{"embeddable":true,"href":"https:\/\/www.hoymercedes.com.ar\/principal\/wp-json\/wp\/v2\/users\/1"}],"replies":[{"embeddable":true,"href":"https:\/\/www.hoymercedes.com.ar\/principal\/wp-json\/wp\/v2\/comments?post=68567"}],"version-history":[{"count":0,"href":"https:\/\/www.hoymercedes.com.ar\/principal\/wp-json\/wp\/v2\/posts\/68567\/revisions"}],"wp:featuredmedia":[{"embeddable":true,"href":"https:\/\/www.hoymercedes.com.ar\/principal\/wp-json\/wp\/v2\/media\/68570"}],"wp:attachment":[{"href":"https:\/\/www.hoymercedes.com.ar\/principal\/wp-json\/wp\/v2\/media?parent=68567"}],"wp:term":[{"taxonomy":"category","embeddable":true,"href":"https:\/\/www.hoymercedes.com.ar\/principal\/wp-json\/wp\/v2\/categories?post=68567"},{"taxonomy":"post_tag","embeddable":true,"href":"https:\/\/www.hoymercedes.com.ar\/principal\/wp-json\/wp\/v2\/tags?post=68567"}],"curies":[{"name":"wp","href":"https:\/\/api.w.org\/{rel}","templated":true}]}}