{"id":6859,"date":"2011-08-31T12:39:25","date_gmt":"2011-08-31T12:39:25","guid":{"rendered":"http:\/\/www.hoymercedes.com.ar\/principal\/?p=6859"},"modified":"2011-08-31T12:41:46","modified_gmt":"2011-08-31T12:41:46","slug":"primer-charla-de-la-red-padres-2","status":"publish","type":"post","link":"https:\/\/www.hoymercedes.com.ar\/principal\/2011\/08\/31\/primer-charla-de-la-red-padres-2\/","title":{"rendered":"El medio ambiente y el Frente Popular"},"content":{"rendered":"<p><span style=\"color: #000080;\"><strong>Por Alejandro F. Molle<\/strong><\/span><br \/>\n<strong>(candidato a concejal)<\/strong><\/p>\n<p>La preocupaci\u00f3n y ocupaci\u00f3n por el medio ambiente es de reciente data. Poco es lo que se ha hecho desde el estado, y lo realizado mayormente ha sido puesto en el tapete gracias a diversas Organizaciones no gubernamentales, verdaderos pilares de la defensa y conservaci\u00f3n del ambiente colectivo.<\/p>\n<p>La ciudad y partido de Mercedes no ha sido ajena a la despreocupaci\u00f3n se\u00f1alada y ponderable es la ocupaci\u00f3n de OGNs. El r\u00edo Luj\u00e1n, el volcado de efluentes de toda cala\u00f1a, el arbolado urbano los residuos domiciliarios, etc., etc. Sin embargo y a pesar de las acciones llevadas a la pr\u00e1ctica o intentadas no han resultado suficientes y menos a\u00fan desarrolladas mediante programas, ya que espor\u00e1dicas campa\u00f1as se agotan en breve lapso.<\/p>\n<p>La ocupaci\u00f3n por el medio ambiente no es de exclusiva competencia de los gobiernos de turno, sino de todos los que habitamos nuestro querido suelo. La desaprensi\u00f3n de algunos es moneda corriente: desde aquellos que arrojan sus bolsas con residuos en cualquiera e inapropiados lugares y no reservan las mismas en sus frentes domiciliarios e incluyendo m\u00e1s de las veces vidrios o productos ofensivos contaminantes a la calidad del suelo.<\/p>\n<p>Dem\u00e1s est\u00e1 decir que la defensa del medio ambiente no se limita s\u00f3lo a la cuesti\u00f3n de residuos domiciliarios, pero como nos cabe a todos, es de preponderancia capital. Distinto es, por ejemplo, lo concerniente a los efluentes industriales los que se particularizan en determinadas industrias o talleres. Hay, tambi\u00e9n, m\u00faltiples ruidos molestos, velocidades inusitadas en calles y avenidas, escapes libres o no regulados en su sonoridad, etc. gases de motores, a\u00fan en veh\u00edculos p\u00fablicos.<\/p>\n<p>El Frente Popular que conduce Juan Carlos Benitez como candidato a Intendente municipal ha propuesto ser part\u00edcipe primario en la preservaci\u00f3n de la calidad de vida de los mercedinos. Primero cambiando los h\u00e1bitos de la incumbencia directa municipal, y segundo, poniendo en la agenda de los convecinos todo aquello que hoy por hoy viene maltratando la calidad de vida. Ser\u00e1 una toma de conciencia conjunta a la que todos estaremos llamados y convocados.<\/p>\n<p>Gobierno municipal y vecinos tendremos que despertarnos, estableciendo l\u00edmites y pautas claras y enfocando nuestro diario vivir hacia otra direcci\u00f3n.<\/p>\n<p>Entre las propuestas de este rubro est\u00e1 el compromiso de erradicar en el t\u00e9rmino de dos a\u00f1os el basural de La Florida, la adquisici\u00f3n de barredoras mec\u00e1nicas en reemplazo de la mano de obra humana que se destinar\u00e1 a la limpieza (por ejemplo de cunetas) en calles de tierra. Proseguir con la campa\u00f1a del rescate de pilas, el desguace para el reciclado o recuperaci\u00f3n de componentes de artefactos dom\u00e9sticos (cocinas, lavarropas, televisores, computadoras&#8230;), la reforestaci\u00f3n paulatina del arbolado urbano que en muchos casos es causante de alergias, el destino de una parcela municipal para el enterramiento de mascotas, la construcci\u00f3n de reducidores de velocidad y una gran batalla, promover la reducci\u00f3n del abuso consumista del agua potable.<\/p>\n<p>&nbsp;<\/p>\n<p>Desde la cabecera municipal, en ello tambi\u00e9n trabajaremos.<\/p>\n","protected":false},"excerpt":{"rendered":"<p>Por Alejandro F. Molle (candidato a concejal) La preocupaci\u00f3n y ocupaci\u00f3n por el medio ambiente es de reciente data. Poco &#8230; <a title=\"El medio ambiente y el Frente Popular\" class=\"read-more\" href=\"https:\/\/www.hoymercedes.com.ar\/principal\/2011\/08\/31\/primer-charla-de-la-red-padres-2\/\" aria-label=\"Leer m\u00e1s sobre El medio ambiente y el Frente Popular\">Leer m\u00e1s<\/a><\/p>\n","protected":false},"author":1,"featured_media":0,"comment_status":"open","ping_status":"open","sticky":false,"template":"","format":"standard","meta":{"_monsterinsights_skip_tracking":false,"_monsterinsights_sitenote_active":false,"_monsterinsights_sitenote_note":"","_monsterinsights_sitenote_category":0,"jetpack_post_was_ever_published":false,"_jetpack_newsletter_access":"","_jetpack_dont_email_post_to_subs":false,"_jetpack_newsletter_tier_id":0,"_jetpack_memberships_contains_paywalled_content":false,"_jetpack_memberships_contains_paid_content":false,"footnotes":"","jetpack_publicize_message":"","jetpack_publicize_feature_enabled":true,"jetpack_social_post_already_shared":false,"jetpack_social_options":{"image_generator_settings":{"template":"highway","default_image_id":0,"font":"","enabled":false},"version":2},"_wpas_customize_per_network":false},"categories":[1],"tags":[566,43],"class_list":["post-6859","post","type-post","status-publish","format-standard","hentry","category-opinion","tag-alejandro-molle","tag-medio-ambiente","generate-columns","tablet-grid-50","mobile-grid-100","grid-parent","grid-50"],"jetpack_publicize_connections":[],"jetpack_featured_media_url":"","wps_subtitle":"","jetpack_sharing_enabled":true,"_links":{"self":[{"href":"https:\/\/www.hoymercedes.com.ar\/principal\/wp-json\/wp\/v2\/posts\/6859","targetHints":{"allow":["GET"]}}],"collection":[{"href":"https:\/\/www.hoymercedes.com.ar\/principal\/wp-json\/wp\/v2\/posts"}],"about":[{"href":"https:\/\/www.hoymercedes.com.ar\/principal\/wp-json\/wp\/v2\/types\/post"}],"author":[{"embeddable":true,"href":"https:\/\/www.hoymercedes.com.ar\/principal\/wp-json\/wp\/v2\/users\/1"}],"replies":[{"embeddable":true,"href":"https:\/\/www.hoymercedes.com.ar\/principal\/wp-json\/wp\/v2\/comments?post=6859"}],"version-history":[{"count":0,"href":"https:\/\/www.hoymercedes.com.ar\/principal\/wp-json\/wp\/v2\/posts\/6859\/revisions"}],"wp:attachment":[{"href":"https:\/\/www.hoymercedes.com.ar\/principal\/wp-json\/wp\/v2\/media?parent=6859"}],"wp:term":[{"taxonomy":"category","embeddable":true,"href":"https:\/\/www.hoymercedes.com.ar\/principal\/wp-json\/wp\/v2\/categories?post=6859"},{"taxonomy":"post_tag","embeddable":true,"href":"https:\/\/www.hoymercedes.com.ar\/principal\/wp-json\/wp\/v2\/tags?post=6859"}],"curies":[{"name":"wp","href":"https:\/\/api.w.org\/{rel}","templated":true}]}}