{"id":68596,"date":"2017-10-21T10:15:45","date_gmt":"2017-10-21T13:15:45","guid":{"rendered":"http:\/\/www.hoymercedes.com.ar\/principal\/?p=68596"},"modified":"2017-10-21T20:33:06","modified_gmt":"2017-10-21T23:33:06","slug":"la-escuela-media-n-2-participa-del-premio-presidencial-2017","status":"publish","type":"post","link":"https:\/\/www.hoymercedes.com.ar\/principal\/2017\/10\/21\/la-escuela-media-n-2-participa-del-premio-presidencial-2017\/","title":{"rendered":"La Escuela Media N\u00b0 2 participa del Premio Presidencial 2017"},"content":{"rendered":"<p>La escuela de nivel secundario que funciona dentro de la Unidad Penitenciaria N\u00b0 5 de Mercedes fue seleccionada, y por lo tanto, una de las 116 finalista, para el\u00a0Premio Presidencial 2017\u00a0correspondiente al\u00a0Programa Nacional Educaci\u00f3n Solidaria 2017,\u00a0que se realizar\u00e1 los d\u00edas\u00a025 y 26 de octubre,\u00a0en la ciudad de Buenos Aires.<\/p>\n<p><img loading=\"lazy\" decoding=\"async\" data-attachment-id=\"68598\" data-permalink=\"https:\/\/www.hoymercedes.com.ar\/principal\/2017\/10\/21\/la-escuela-media-n-2-participa-del-premio-presidencial-2017\/21-carcel-2-2\/#main\" data-orig-file=\"https:\/\/www.hoymercedes.com.ar\/principal\/wp-content\/uploads\/2017\/10\/21-carcel-2.jpg\" data-orig-size=\"630,379\" data-comments-opened=\"0\" data-image-meta=\"{&quot;aperture&quot;:&quot;0&quot;,&quot;credit&quot;:&quot;&quot;,&quot;camera&quot;:&quot;&quot;,&quot;caption&quot;:&quot;&quot;,&quot;created_timestamp&quot;:&quot;0&quot;,&quot;copyright&quot;:&quot;&quot;,&quot;focal_length&quot;:&quot;0&quot;,&quot;iso&quot;:&quot;0&quot;,&quot;shutter_speed&quot;:&quot;0&quot;,&quot;title&quot;:&quot;&quot;,&quot;orientation&quot;:&quot;0&quot;}\" data-image-title=\"21 carcel 2\" data-image-description=\"\" data-image-caption=\"\" data-large-file=\"https:\/\/www.hoymercedes.com.ar\/principal\/wp-content\/uploads\/2017\/10\/21-carcel-2.jpg\" class=\"aligncenter size-medium wp-image-68598\" src=\"https:\/\/www.hoymercedes.com.ar\/principal\/wp-content\/uploads\/2017\/10\/21-carcel-2-630x379.jpg\" alt=\"\" width=\"630\" height=\"379\" srcset=\"https:\/\/www.hoymercedes.com.ar\/principal\/wp-content\/uploads\/2017\/10\/21-carcel-2.jpg 630w, https:\/\/www.hoymercedes.com.ar\/principal\/wp-content\/uploads\/2017\/10\/21-carcel-2-150x90.jpg 150w\" sizes=\"auto, (max-width: 630px) 100vw, 630px\" \/><\/p>\n<p>El proyecto elevado para el premio es el trabajo que desde la Escuela Media N\u00b0 2 realizan desde 2014. \u00c9ste es la confecci\u00f3n de\u00a0material l\u00fadico y de aprendizaje (juegos did\u00e1cticos) en fibrof\u00e1cil, pintado a mano. Un proyecto que un grupo de alumnos-internos en contexto de encierro coordinados por la profesora \u00a0Laura Parras realiza dentro de la c\u00e1rcel y luego son donados a las instituciones educativas de la ciudad, seleccionadas por estar ubicados en \u00e1reas de mayor vulnerabilidad social.<\/p>\n<p>La convocatoria, cont\u00f3 Den\u00e1pole, \u201cest\u00e1 dirigida a las escuelas que se encuentren desarrollando experiencias educativas solidarias que integren el aprendizaje acad\u00e9mico de los alumnos con el servicio solidario a la comunidad, y nosotros adecuamos a las posibilidades que tenemos, por ser una instituci\u00f3n en contexto de encierro\u201d. Adem\u00e1s agreg\u00f3, \u201clos fines que se buscan con el proyecto Escuela Solidaria son varios, pero principalmente, es ampliar el tiempo del alumno dentro de la escuela con actividades educativas y recreativas que mejoran su formaci\u00f3n y fortalecer sus v\u00ednculos con la instituci\u00f3n y entre si, favoreciendo la convivencia sin conflictos, promovemos la permanencia y egreso de los estudiantes a trav\u00e9s de este acompa\u00f1amiento, e insertarlos de alguna manera en la comunidad donde est\u00e1n detenidos,\u00a0buscando su compromiso con la comunidad.\u201d<\/p>\n<p><img loading=\"lazy\" decoding=\"async\" data-attachment-id=\"68597\" data-permalink=\"https:\/\/www.hoymercedes.com.ar\/principal\/2017\/10\/21\/la-escuela-media-n-2-participa-del-premio-presidencial-2017\/21-carcel-1-2\/#main\" data-orig-file=\"https:\/\/www.hoymercedes.com.ar\/principal\/wp-content\/uploads\/2017\/10\/21-carcel-1.jpg\" data-orig-size=\"630,379\" data-comments-opened=\"0\" data-image-meta=\"{&quot;aperture&quot;:&quot;0&quot;,&quot;credit&quot;:&quot;&quot;,&quot;camera&quot;:&quot;&quot;,&quot;caption&quot;:&quot;&quot;,&quot;created_timestamp&quot;:&quot;0&quot;,&quot;copyright&quot;:&quot;&quot;,&quot;focal_length&quot;:&quot;0&quot;,&quot;iso&quot;:&quot;0&quot;,&quot;shutter_speed&quot;:&quot;0&quot;,&quot;title&quot;:&quot;&quot;,&quot;orientation&quot;:&quot;0&quot;}\" data-image-title=\"21 carcel 1\" data-image-description=\"\" data-image-caption=\"\" data-large-file=\"https:\/\/www.hoymercedes.com.ar\/principal\/wp-content\/uploads\/2017\/10\/21-carcel-1.jpg\" class=\"aligncenter size-medium wp-image-68597\" src=\"https:\/\/www.hoymercedes.com.ar\/principal\/wp-content\/uploads\/2017\/10\/21-carcel-1-630x379.jpg\" alt=\"\" width=\"630\" height=\"379\" srcset=\"https:\/\/www.hoymercedes.com.ar\/principal\/wp-content\/uploads\/2017\/10\/21-carcel-1.jpg 630w, https:\/\/www.hoymercedes.com.ar\/principal\/wp-content\/uploads\/2017\/10\/21-carcel-1-150x90.jpg 150w\" sizes=\"auto, (max-width: 630px) 100vw, 630px\" \/><\/p>\n<p>El Proyecto Escuela Solidarias y su correspondiente Premio Presidencial, se realiza desde la\u00a0 Secretaria de Gesti\u00f3n Educativa, de la Direcci\u00f3n Nacional de Pol\u00edticas Socioeducativas, dependientes del \u00a0Ministerio de Educaci\u00f3n y Deportes de la Naci\u00f3n,\u00a0 desde el a\u00f1o 2000 y desde el 2004 la Escuela Secundaria, ha participado siendo la primera vez que se nomina para el premio.<br \/>\nLos responsables que formar\u00e1n la delegaci\u00f3n que ir\u00e1 a la muestra son el Director de la E.E.M. N\u00ba 2, Licenciado Sergio Den\u00e1pole, la coordinadora del programa en la escuela, Profesora Laura Parras, la Biblotecaria Profesora\u00a0Graciela Tello, y los docentes Profesores\u00a0Giselle Ghiggeri y Mart\u00edn Branchini.<\/p>\n<p>La participaci\u00f3n consta de una\u00a0Muestra Nacional de P\u00f3sters de Proyectos Socio-comunitarios, donde se podr\u00e1 apreciar los trabajos realizados,\u00a0en la sede del Ministerio de Educaci\u00f3n y Deportes de la Naci\u00f3n, en el\u00a0Palacio Sarmiento o tambi\u00e9n denominado\u00a0 Pizzurno,\u00a0 ubicado en el Pasaje Pizzurno \u00a0N\u00ba 935, de la ciudad de Buenos Aires.<\/p>\n<p>&nbsp;<\/p>\n<p>Fuente: Unidad 5<\/p>\n","protected":false},"excerpt":{"rendered":"<p>La escuela de nivel secundario que funciona dentro de la Unidad Penitenciaria N\u00b0 5 de Mercedes fue seleccionada, y por &#8230; <a title=\"La Escuela Media N\u00b0 2 participa del Premio Presidencial 2017\" class=\"read-more\" href=\"https:\/\/www.hoymercedes.com.ar\/principal\/2017\/10\/21\/la-escuela-media-n-2-participa-del-premio-presidencial-2017\/\" aria-label=\"Leer m\u00e1s sobre La Escuela Media N\u00b0 2 participa del Premio Presidencial 2017\">Leer m\u00e1s<\/a><\/p>\n","protected":false},"author":1,"featured_media":68597,"comment_status":"closed","ping_status":"open","sticky":false,"template":"","format":"standard","meta":{"_monsterinsights_skip_tracking":false,"_monsterinsights_sitenote_active":false,"_monsterinsights_sitenote_note":"","_monsterinsights_sitenote_category":0,"jetpack_post_was_ever_published":false,"_jetpack_newsletter_access":"","_jetpack_dont_email_post_to_subs":false,"_jetpack_newsletter_tier_id":0,"_jetpack_memberships_contains_paywalled_content":false,"_jetpack_memberships_contains_paid_content":false,"footnotes":"","jetpack_publicize_message":"","jetpack_publicize_feature_enabled":true,"jetpack_social_post_already_shared":true,"jetpack_social_options":{"image_generator_settings":{"template":"highway","default_image_id":0,"font":"","enabled":false},"version":2},"_wpas_customize_per_network":false},"categories":[23],"tags":[47,12089,10,12090,113],"class_list":["post-68596","post","type-post","status-publish","format-standard","has-post-thumbnail","hentry","category-educacion","tag-educacion-2","tag-escuela-media-n-2","tag-mercedes","tag-premio-presidencial-2017","tag-unidad-5","generate-columns","tablet-grid-50","mobile-grid-100","grid-parent","grid-50"],"jetpack_publicize_connections":[],"jetpack_featured_media_url":"https:\/\/www.hoymercedes.com.ar\/principal\/wp-content\/uploads\/2017\/10\/21-carcel-1.jpg","wps_subtitle":"La Secundaria de la C\u00e1rcel","jetpack_sharing_enabled":true,"_links":{"self":[{"href":"https:\/\/www.hoymercedes.com.ar\/principal\/wp-json\/wp\/v2\/posts\/68596","targetHints":{"allow":["GET"]}}],"collection":[{"href":"https:\/\/www.hoymercedes.com.ar\/principal\/wp-json\/wp\/v2\/posts"}],"about":[{"href":"https:\/\/www.hoymercedes.com.ar\/principal\/wp-json\/wp\/v2\/types\/post"}],"author":[{"embeddable":true,"href":"https:\/\/www.hoymercedes.com.ar\/principal\/wp-json\/wp\/v2\/users\/1"}],"replies":[{"embeddable":true,"href":"https:\/\/www.hoymercedes.com.ar\/principal\/wp-json\/wp\/v2\/comments?post=68596"}],"version-history":[{"count":0,"href":"https:\/\/www.hoymercedes.com.ar\/principal\/wp-json\/wp\/v2\/posts\/68596\/revisions"}],"wp:featuredmedia":[{"embeddable":true,"href":"https:\/\/www.hoymercedes.com.ar\/principal\/wp-json\/wp\/v2\/media\/68597"}],"wp:attachment":[{"href":"https:\/\/www.hoymercedes.com.ar\/principal\/wp-json\/wp\/v2\/media?parent=68596"}],"wp:term":[{"taxonomy":"category","embeddable":true,"href":"https:\/\/www.hoymercedes.com.ar\/principal\/wp-json\/wp\/v2\/categories?post=68596"},{"taxonomy":"post_tag","embeddable":true,"href":"https:\/\/www.hoymercedes.com.ar\/principal\/wp-json\/wp\/v2\/tags?post=68596"}],"curies":[{"name":"wp","href":"https:\/\/api.w.org\/{rel}","templated":true}]}}