{"id":68637,"date":"2017-10-22T12:24:21","date_gmt":"2017-10-22T15:24:21","guid":{"rendered":"http:\/\/www.hoymercedes.com.ar\/principal\/?p=68637"},"modified":"2017-10-22T18:24:21","modified_gmt":"2017-10-22T21:24:21","slug":"sabrina-y-carlos-selva-votaron-y-mantienen-la-expectativa","status":"publish","type":"post","link":"https:\/\/www.hoymercedes.com.ar\/principal\/2017\/10\/22\/sabrina-y-carlos-selva-votaron-y-mantienen-la-expectativa\/","title":{"rendered":"Sabrina y Carlos Selva votaron y mantienen la expectativa"},"content":{"rendered":"<p><img loading=\"lazy\" decoding=\"async\" data-attachment-id=\"68638\" data-permalink=\"https:\/\/www.hoymercedes.com.ar\/principal\/2017\/10\/22\/sabrina-y-carlos-selva-votaron-y-mantienen-la-expectativa\/sabrinahm\/#main\" data-orig-file=\"https:\/\/www.hoymercedes.com.ar\/principal\/wp-content\/uploads\/2017\/10\/sabrinahm.jpeg\" data-orig-size=\"800,480\" data-comments-opened=\"0\" data-image-meta=\"{&quot;aperture&quot;:&quot;0&quot;,&quot;credit&quot;:&quot;&quot;,&quot;camera&quot;:&quot;&quot;,&quot;caption&quot;:&quot;&quot;,&quot;created_timestamp&quot;:&quot;0&quot;,&quot;copyright&quot;:&quot;&quot;,&quot;focal_length&quot;:&quot;0&quot;,&quot;iso&quot;:&quot;0&quot;,&quot;shutter_speed&quot;:&quot;0&quot;,&quot;title&quot;:&quot;&quot;,&quot;orientation&quot;:&quot;0&quot;}\" data-image-title=\"sabrinahm\" data-image-description=\"\" data-image-caption=\"\" data-large-file=\"https:\/\/www.hoymercedes.com.ar\/principal\/wp-content\/uploads\/2017\/10\/sabrinahm.jpeg\" class=\"aligncenter size-medium wp-image-68638\" src=\"https:\/\/www.hoymercedes.com.ar\/principal\/wp-content\/uploads\/2017\/10\/sabrinahm-630x378.jpeg\" alt=\"\" width=\"630\" height=\"378\" srcset=\"https:\/\/www.hoymercedes.com.ar\/principal\/wp-content\/uploads\/2017\/10\/sabrinahm-630x378.jpeg 630w, https:\/\/www.hoymercedes.com.ar\/principal\/wp-content\/uploads\/2017\/10\/sabrinahm-150x90.jpeg 150w, https:\/\/www.hoymercedes.com.ar\/principal\/wp-content\/uploads\/2017\/10\/sabrinahm.jpeg 800w\" sizes=\"auto, (max-width: 630px) 100vw, 630px\" \/>El diputado nacional Carlos Selva y la primera candidata a concejal por 1Pa\u00eds, Sabrina Selva sufragaron cerca del mediod\u00eda en la escuela Industrial.<\/p>\n<p>En di\u00e1logo con los medios se refirieron a la jornada electoral: \u201cLa verdad estoy muy contenta y aspiramos a que siempre se desarrolle todo con normalidad, de forma tranquila y con expectativas obviamente de poder seguir aportando un granito de arena a la ciudad que todos queremos\u201d, indic\u00f3 la candidata y agreg\u00f3: \u201cadem\u00e1s de venir a votar estoy dando una mano a los fiscales, con un equipo muy lindo que nos acompa\u00f1an y con buena convivencia con los fiscales de distintas fuerzas para que se de todo de una manera tranquila\u201d.<\/p>\n<p>En cuanto a d\u00f3nde esperar\u00e1 los resultados de los comicios se\u00f1al\u00f3: \u201clas expectativas siempre son las mejores. Hemos trabajado mucho para tratar de consolidar el resultado de las PASO con lo que estar\u00edamos ingresando dos concejales. Obviamente no solo espero poder lograr eso sino tambi\u00e9n, despu\u00e9s de mucho trabajo, poder crecer un poco m\u00e1s y que eso se vea reflejado en las urnas\u201d.<\/p>\n<p>Por otro lado, Sabrina Selva lament\u00f3 que hubo cambio y roturas de boletas de la parte local. \u201cPero que todo eso no ocurra lo garantizan los fiscales que est\u00e1n trabajando de la mejor manera posible\u201d, manifest\u00f3.<\/p>\n<p>Por su parte, Carlos Selva indic\u00f3: \u201cEl hecho de que Sabrina est\u00e9 hoy en este lugar fue algo que dispuso la vida, uno no impone nada. Creo que pasa por lo que tiene que ver con lo que es ella misma. Los que buscan participaci\u00f3n partidaria por la expectativa de un cargo creo que se equivoca. En el caso de Sabrina, ella ha demostrado en cada una de sus exposiciones y en su trabajo como concejal que tiene una formaci\u00f3n y una ligaz\u00f3n que tiene que ver con cuestiones de la cosa p\u00fablica. Y si eso lo circunscribimos, creo que la gente confunde lo que es lo pol\u00edtico con lo partidario. Realmente para estar en estos temas ten\u00e9s que tener vocaci\u00f3n, saber que resignas mucho de lo personal en funci\u00f3n del bien com\u00fan, con acierto y con errores; y a mi juicio Sabrina tiene todo eso y se destaca por su labor. En lo personal, adem\u00e1s, formamos parte de un espacio pol\u00edtico\u201d. Adem\u00e1s, Selva indic\u00f3: \u201cMe siento orgulloso de estar donde estamos, creo que somos la \u00fanica fuerza que ha hecho una plataforma pol\u00edtica y detr\u00e1s de ello hubo un diagn\u00f3stico sobre lo que nos preocupa y trabajamos en las maneras que consideramos se puede revertir. Despu\u00e9s la evaluaci\u00f3n de la gente a veces es m\u00e1s emocional, realmente la campa\u00f1a la han planteado as\u00ed desde el gobierno y de otra fuerza y ello tiene una incidencia\u201d y agreg\u00f3: \u201cEsperamos una campa\u00f1a menos polarizada, lo que va a confluir en las expectativas que tenemos desde la fuerza pol\u00edtica a la que pertenecemos\u201d.<\/p>\n<p>Por otro lado, indicaron que tienen responsabilidades para el cierre de los escrutinios y posteriormente ir\u00e1n a la Agrupaci\u00f3n de la calle 30.<\/p>\n<p><img loading=\"lazy\" decoding=\"async\" data-attachment-id=\"68639\" data-permalink=\"https:\/\/www.hoymercedes.com.ar\/principal\/2017\/10\/22\/sabrina-y-carlos-selva-votaron-y-mantienen-la-expectativa\/selvahm-2\/#main\" data-orig-file=\"https:\/\/www.hoymercedes.com.ar\/principal\/wp-content\/uploads\/2017\/10\/selvahm.jpeg\" data-orig-size=\"800,480\" data-comments-opened=\"0\" data-image-meta=\"{&quot;aperture&quot;:&quot;0&quot;,&quot;credit&quot;:&quot;&quot;,&quot;camera&quot;:&quot;&quot;,&quot;caption&quot;:&quot;&quot;,&quot;created_timestamp&quot;:&quot;0&quot;,&quot;copyright&quot;:&quot;&quot;,&quot;focal_length&quot;:&quot;0&quot;,&quot;iso&quot;:&quot;0&quot;,&quot;shutter_speed&quot;:&quot;0&quot;,&quot;title&quot;:&quot;&quot;,&quot;orientation&quot;:&quot;0&quot;}\" data-image-title=\"selvahm\" data-image-description=\"\" data-image-caption=\"\" data-large-file=\"https:\/\/www.hoymercedes.com.ar\/principal\/wp-content\/uploads\/2017\/10\/selvahm.jpeg\" class=\"aligncenter size-medium wp-image-68639\" src=\"https:\/\/www.hoymercedes.com.ar\/principal\/wp-content\/uploads\/2017\/10\/selvahm-630x378.jpeg\" alt=\"\" width=\"630\" height=\"378\" srcset=\"https:\/\/www.hoymercedes.com.ar\/principal\/wp-content\/uploads\/2017\/10\/selvahm-630x378.jpeg 630w, https:\/\/www.hoymercedes.com.ar\/principal\/wp-content\/uploads\/2017\/10\/selvahm-150x90.jpeg 150w, https:\/\/www.hoymercedes.com.ar\/principal\/wp-content\/uploads\/2017\/10\/selvahm.jpeg 800w\" sizes=\"auto, (max-width: 630px) 100vw, 630px\" \/><\/p>\n","protected":false},"excerpt":{"rendered":"<p>El diputado nacional Carlos Selva y la primera candidata a concejal por 1Pa\u00eds, Sabrina Selva sufragaron cerca del mediod\u00eda en &#8230; <a title=\"Sabrina y Carlos Selva votaron y mantienen la expectativa\" class=\"read-more\" href=\"https:\/\/www.hoymercedes.com.ar\/principal\/2017\/10\/22\/sabrina-y-carlos-selva-votaron-y-mantienen-la-expectativa\/\" aria-label=\"Leer m\u00e1s sobre Sabrina y Carlos Selva votaron y mantienen la expectativa\">Leer m\u00e1s<\/a><\/p>\n","protected":false},"author":1,"featured_media":68638,"comment_status":"closed","ping_status":"open","sticky":false,"template":"","format":"standard","meta":{"_monsterinsights_skip_tracking":false,"_monsterinsights_sitenote_active":false,"_monsterinsights_sitenote_note":"","_monsterinsights_sitenote_category":0,"jetpack_post_was_ever_published":false,"_jetpack_newsletter_access":"","_jetpack_dont_email_post_to_subs":false,"_jetpack_newsletter_tier_id":0,"_jetpack_memberships_contains_paywalled_content":false,"_jetpack_memberships_contains_paid_content":false,"footnotes":"","jetpack_publicize_message":"","jetpack_publicize_feature_enabled":true,"jetpack_social_post_already_shared":true,"jetpack_social_options":{"image_generator_settings":{"template":"highway","default_image_id":0,"font":"","enabled":false},"version":2},"_wpas_customize_per_network":false},"categories":[5],"tags":[11482,39,8993,12097,11275,10,2854],"class_list":["post-68637","post","type-post","status-publish","format-standard","has-post-thumbnail","hentry","category-politica","tag-1-pais","tag-carlos-selva","tag-concejales","tag-diputado-nacionales","tag-elecciones-2017","tag-mercedes","tag-sabrina-selva","generate-columns","tablet-grid-50","mobile-grid-100","grid-parent","grid-50"],"jetpack_publicize_connections":[],"jetpack_featured_media_url":"https:\/\/www.hoymercedes.com.ar\/principal\/wp-content\/uploads\/2017\/10\/sabrinahm.jpeg","wps_subtitle":"Elecciones generales","jetpack_sharing_enabled":true,"_links":{"self":[{"href":"https:\/\/www.hoymercedes.com.ar\/principal\/wp-json\/wp\/v2\/posts\/68637","targetHints":{"allow":["GET"]}}],"collection":[{"href":"https:\/\/www.hoymercedes.com.ar\/principal\/wp-json\/wp\/v2\/posts"}],"about":[{"href":"https:\/\/www.hoymercedes.com.ar\/principal\/wp-json\/wp\/v2\/types\/post"}],"author":[{"embeddable":true,"href":"https:\/\/www.hoymercedes.com.ar\/principal\/wp-json\/wp\/v2\/users\/1"}],"replies":[{"embeddable":true,"href":"https:\/\/www.hoymercedes.com.ar\/principal\/wp-json\/wp\/v2\/comments?post=68637"}],"version-history":[{"count":0,"href":"https:\/\/www.hoymercedes.com.ar\/principal\/wp-json\/wp\/v2\/posts\/68637\/revisions"}],"wp:featuredmedia":[{"embeddable":true,"href":"https:\/\/www.hoymercedes.com.ar\/principal\/wp-json\/wp\/v2\/media\/68638"}],"wp:attachment":[{"href":"https:\/\/www.hoymercedes.com.ar\/principal\/wp-json\/wp\/v2\/media?parent=68637"}],"wp:term":[{"taxonomy":"category","embeddable":true,"href":"https:\/\/www.hoymercedes.com.ar\/principal\/wp-json\/wp\/v2\/categories?post=68637"},{"taxonomy":"post_tag","embeddable":true,"href":"https:\/\/www.hoymercedes.com.ar\/principal\/wp-json\/wp\/v2\/tags?post=68637"}],"curies":[{"name":"wp","href":"https:\/\/api.w.org\/{rel}","templated":true}]}}