{"id":68641,"date":"2017-10-22T13:51:08","date_gmt":"2017-10-22T16:51:08","guid":{"rendered":"http:\/\/www.hoymercedes.com.ar\/principal\/?p=68641"},"modified":"2017-10-22T18:21:51","modified_gmt":"2017-10-22T21:21:51","slug":"biaggini-estamos-viviendo-la-jornada-con-mucha-alegria-y-tranquilidad","status":"publish","type":"post","link":"https:\/\/www.hoymercedes.com.ar\/principal\/2017\/10\/22\/biaggini-estamos-viviendo-la-jornada-con-mucha-alegria-y-tranquilidad\/","title":{"rendered":"Biaggini: \u201cEstamos viviendo la jornada con mucha alegr\u00eda y tranquilidad\u00bb"},"content":{"rendered":"<p><img loading=\"lazy\" decoding=\"async\" data-attachment-id=\"68655\" data-permalink=\"https:\/\/www.hoymercedes.com.ar\/principal\/2017\/10\/22\/biaggini-estamos-viviendo-la-jornada-con-mucha-alegria-y-tranquilidad\/biagginihm\/#main\" data-orig-file=\"https:\/\/www.hoymercedes.com.ar\/principal\/wp-content\/uploads\/2017\/10\/biagginihm.jpeg\" data-orig-size=\"800,555\" data-comments-opened=\"0\" data-image-meta=\"{&quot;aperture&quot;:&quot;0&quot;,&quot;credit&quot;:&quot;&quot;,&quot;camera&quot;:&quot;&quot;,&quot;caption&quot;:&quot;&quot;,&quot;created_timestamp&quot;:&quot;0&quot;,&quot;copyright&quot;:&quot;&quot;,&quot;focal_length&quot;:&quot;0&quot;,&quot;iso&quot;:&quot;0&quot;,&quot;shutter_speed&quot;:&quot;0&quot;,&quot;title&quot;:&quot;&quot;,&quot;orientation&quot;:&quot;0&quot;}\" data-image-title=\"biagginihm\" data-image-description=\"\" data-image-caption=\"\" data-large-file=\"https:\/\/www.hoymercedes.com.ar\/principal\/wp-content\/uploads\/2017\/10\/biagginihm.jpeg\" class=\"aligncenter size-medium wp-image-68655\" src=\"https:\/\/www.hoymercedes.com.ar\/principal\/wp-content\/uploads\/2017\/10\/biagginihm-630x437.jpeg\" alt=\"\" width=\"630\" height=\"437\" srcset=\"https:\/\/www.hoymercedes.com.ar\/principal\/wp-content\/uploads\/2017\/10\/biagginihm-630x437.jpeg 630w, https:\/\/www.hoymercedes.com.ar\/principal\/wp-content\/uploads\/2017\/10\/biagginihm-150x104.jpeg 150w, https:\/\/www.hoymercedes.com.ar\/principal\/wp-content\/uploads\/2017\/10\/biagginihm.jpeg 800w\" sizes=\"auto, (max-width: 630px) 100vw, 630px\" \/>El candidato a concejal en tercer t\u00e9rmino por Cambiemos, Esteban Biaggini vot\u00f3 este mediod\u00eda en la Escuela N\u00b0 1. En el encuentro con los medios expres\u00f3: \u201cEstamos viviendo la jornada con mucha alegr\u00eda y tranquilidad. Si bien en las PASO\u00a0 a esta altura estaba un poco m\u00e1s elevado el n\u00famero de votantes en las urnas, calculamos que el fuerte ser\u00e1 a partir de las 14 horas\u201d.<\/p>\n<p>\u201cDurante la campa\u00f1a la gente fue manifestando el acompa\u00f1amiento, y la verdad que estamos muy contentos con eso y tenemos mucha esperanza\u201d, remarc\u00f3.<\/p>\n<p>En cuanto a la jornada que le sigue indic\u00f3: \u201cMuchos de los candidatos estamos siendo fiscales en escuelas, otros apoyando en la log\u00edstica con sus veh\u00edculos. Cerraremos las mesas y posteriormente nos acercaremos a nuestro espacio para compartir los resultados finales\u201d.<\/p>\n","protected":false},"excerpt":{"rendered":"<p>El candidato a concejal en tercer t\u00e9rmino por Cambiemos, Esteban Biaggini vot\u00f3 este mediod\u00eda en la Escuela N\u00b0 1. En &#8230; <a title=\"Biaggini: \u201cEstamos viviendo la jornada con mucha alegr\u00eda y tranquilidad\u00bb\" class=\"read-more\" href=\"https:\/\/www.hoymercedes.com.ar\/principal\/2017\/10\/22\/biaggini-estamos-viviendo-la-jornada-con-mucha-alegria-y-tranquilidad\/\" aria-label=\"Leer m\u00e1s sobre Biaggini: \u201cEstamos viviendo la jornada con mucha alegr\u00eda y tranquilidad\u00bb\">Leer m\u00e1s<\/a><\/p>\n","protected":false},"author":1,"featured_media":68655,"comment_status":"closed","ping_status":"open","sticky":false,"template":"","format":"standard","meta":{"_monsterinsights_skip_tracking":false,"_monsterinsights_sitenote_active":false,"_monsterinsights_sitenote_note":"","_monsterinsights_sitenote_category":0,"jetpack_post_was_ever_published":false,"_jetpack_newsletter_access":"","_jetpack_dont_email_post_to_subs":false,"_jetpack_newsletter_tier_id":0,"_jetpack_memberships_contains_paywalled_content":false,"_jetpack_memberships_contains_paid_content":false,"footnotes":"","jetpack_publicize_message":"","jetpack_publicize_feature_enabled":true,"jetpack_social_post_already_shared":true,"jetpack_social_options":{"image_generator_settings":{"template":"highway","default_image_id":0,"font":"","enabled":false},"version":2},"_wpas_customize_per_network":false},"categories":[5],"tags":[8055,8993,11275,8382,10],"class_list":["post-68641","post","type-post","status-publish","format-standard","has-post-thumbnail","hentry","category-politica","tag-cambiemos","tag-concejales","tag-elecciones-2017","tag-esteban-biaggini","tag-mercedes","generate-columns","tablet-grid-50","mobile-grid-100","grid-parent","grid-50"],"jetpack_publicize_connections":[],"jetpack_featured_media_url":"https:\/\/www.hoymercedes.com.ar\/principal\/wp-content\/uploads\/2017\/10\/biagginihm.jpeg","wps_subtitle":"Elecciones generales","jetpack_sharing_enabled":true,"_links":{"self":[{"href":"https:\/\/www.hoymercedes.com.ar\/principal\/wp-json\/wp\/v2\/posts\/68641","targetHints":{"allow":["GET"]}}],"collection":[{"href":"https:\/\/www.hoymercedes.com.ar\/principal\/wp-json\/wp\/v2\/posts"}],"about":[{"href":"https:\/\/www.hoymercedes.com.ar\/principal\/wp-json\/wp\/v2\/types\/post"}],"author":[{"embeddable":true,"href":"https:\/\/www.hoymercedes.com.ar\/principal\/wp-json\/wp\/v2\/users\/1"}],"replies":[{"embeddable":true,"href":"https:\/\/www.hoymercedes.com.ar\/principal\/wp-json\/wp\/v2\/comments?post=68641"}],"version-history":[{"count":0,"href":"https:\/\/www.hoymercedes.com.ar\/principal\/wp-json\/wp\/v2\/posts\/68641\/revisions"}],"wp:featuredmedia":[{"embeddable":true,"href":"https:\/\/www.hoymercedes.com.ar\/principal\/wp-json\/wp\/v2\/media\/68655"}],"wp:attachment":[{"href":"https:\/\/www.hoymercedes.com.ar\/principal\/wp-json\/wp\/v2\/media?parent=68641"}],"wp:term":[{"taxonomy":"category","embeddable":true,"href":"https:\/\/www.hoymercedes.com.ar\/principal\/wp-json\/wp\/v2\/categories?post=68641"},{"taxonomy":"post_tag","embeddable":true,"href":"https:\/\/www.hoymercedes.com.ar\/principal\/wp-json\/wp\/v2\/tags?post=68641"}],"curies":[{"name":"wp","href":"https:\/\/api.w.org\/{rel}","templated":true}]}}