{"id":68642,"date":"2017-10-22T12:53:11","date_gmt":"2017-10-22T15:53:11","guid":{"rendered":"http:\/\/www.hoymercedes.com.ar\/principal\/?p=68642"},"modified":"2017-10-22T18:23:54","modified_gmt":"2017-10-22T21:23:54","slug":"wado-de-pedro-es-una-felicidad-que-el-pueblo-pueda-elegir","status":"publish","type":"post","link":"https:\/\/www.hoymercedes.com.ar\/principal\/2017\/10\/22\/wado-de-pedro-es-una-felicidad-que-el-pueblo-pueda-elegir\/","title":{"rendered":"Wado de Pedro \u201ces una felicidad que el pueblo pueda elegir\u201d"},"content":{"rendered":"<figure id=\"attachment_68643\" aria-describedby=\"caption-attachment-68643\" style=\"width: 620px\" class=\"wp-caption aligncenter\"><img loading=\"lazy\" decoding=\"async\" data-attachment-id=\"68643\" data-permalink=\"https:\/\/www.hoymercedes.com.ar\/principal\/2017\/10\/22\/wado-de-pedro-es-una-felicidad-que-el-pueblo-pueda-elegir\/depedro-wado-vata-2017-2\/#main\" data-orig-file=\"https:\/\/www.hoymercedes.com.ar\/principal\/wp-content\/uploads\/2017\/10\/depedro-wado-vata-2017-2.jpeg\" data-orig-size=\"700,394\" data-comments-opened=\"0\" data-image-meta=\"{&quot;aperture&quot;:&quot;0&quot;,&quot;credit&quot;:&quot;&quot;,&quot;camera&quot;:&quot;&quot;,&quot;caption&quot;:&quot;&quot;,&quot;created_timestamp&quot;:&quot;0&quot;,&quot;copyright&quot;:&quot;&quot;,&quot;focal_length&quot;:&quot;0&quot;,&quot;iso&quot;:&quot;0&quot;,&quot;shutter_speed&quot;:&quot;0&quot;,&quot;title&quot;:&quot;&quot;,&quot;orientation&quot;:&quot;0&quot;}\" data-image-title=\"depedro-wado-vata-2017-2\" data-image-description=\"\" data-image-caption=\"\" data-large-file=\"https:\/\/www.hoymercedes.com.ar\/principal\/wp-content\/uploads\/2017\/10\/depedro-wado-vata-2017-2.jpeg\" class=\"wp-image-68643 size-medium\" src=\"https:\/\/www.hoymercedes.com.ar\/principal\/wp-content\/uploads\/2017\/10\/depedro-wado-vata-2017-2-630x355.jpeg\" alt=\"\" width=\"630\" height=\"355\" srcset=\"https:\/\/www.hoymercedes.com.ar\/principal\/wp-content\/uploads\/2017\/10\/depedro-wado-vata-2017-2-630x355.jpeg 630w, https:\/\/www.hoymercedes.com.ar\/principal\/wp-content\/uploads\/2017\/10\/depedro-wado-vata-2017-2-150x84.jpeg 150w, https:\/\/www.hoymercedes.com.ar\/principal\/wp-content\/uploads\/2017\/10\/depedro-wado-vata-2017-2.jpeg 700w\" sizes=\"auto, (max-width: 630px) 100vw, 630px\" \/><figcaption id=\"caption-attachment-68643\" class=\"wp-caption-text\">Momento en que emite su voto el Diputado Nacional Eduardo de Pedro<\/figcaption><\/figure>\n<p>El Diputado Nacional de Unidad Ciudadana, y mercedino, vot\u00f3 en la escuela N\u00b010 y destac\u00f3 la importancia de volver a las urnas en democracia. \u201cSignifica esta elecci\u00f3n un hecho de felicidad que el pueblo pueda elegir, votar, participar. Esto lo tenemos que celebrar porque tenemos una historia donde el voto es importante y debemos cuidarlo mucho.\u201d Destac\u00f3.<\/p>\n<p>Respecto a las particularidades de esta elecci\u00f3n, al ser consultado por un cronista, coment\u00f3 que \u201chay una particularidad y es que no hubo cierre de campa\u00f1a por un hecho conocido por todos que prefiero no tratar. Son circunstancias del pa\u00eds y que a pesar de eso nos tenemos que mantener unidos, con esperanza, tenemos que participar. Creo que la unidad de los argentinos votando en paz, como pas\u00f3 desde 1983 que se vot\u00f3 en todas las elecciones, salgo aquella de Catamarca donde hubo conflictos, despu\u00e9s todos los llamados a las urnas, con sus discusiones t\u00edpicas fueron normales\u201d, afirm\u00f3 el Diputado.<\/p>\n<figure id=\"attachment_68644\" aria-describedby=\"caption-attachment-68644\" style=\"width: 620px\" class=\"wp-caption aligncenter\"><img loading=\"lazy\" decoding=\"async\" data-attachment-id=\"68644\" data-permalink=\"https:\/\/www.hoymercedes.com.ar\/principal\/2017\/10\/22\/wado-de-pedro-es-una-felicidad-que-el-pueblo-pueda-elegir\/depedro-wado-vata-2017-3\/#main\" data-orig-file=\"https:\/\/www.hoymercedes.com.ar\/principal\/wp-content\/uploads\/2017\/10\/depedro-wado-vata-2017-3.jpeg\" data-orig-size=\"1280,720\" data-comments-opened=\"0\" data-image-meta=\"{&quot;aperture&quot;:&quot;0&quot;,&quot;credit&quot;:&quot;&quot;,&quot;camera&quot;:&quot;&quot;,&quot;caption&quot;:&quot;&quot;,&quot;created_timestamp&quot;:&quot;0&quot;,&quot;copyright&quot;:&quot;&quot;,&quot;focal_length&quot;:&quot;0&quot;,&quot;iso&quot;:&quot;0&quot;,&quot;shutter_speed&quot;:&quot;0&quot;,&quot;title&quot;:&quot;&quot;,&quot;orientation&quot;:&quot;0&quot;}\" data-image-title=\"depedro-wado-vata-2017-3\" data-image-description=\"\" data-image-caption=\"\" data-large-file=\"https:\/\/www.hoymercedes.com.ar\/principal\/wp-content\/uploads\/2017\/10\/depedro-wado-vata-2017-3-1024x576.jpeg\" class=\"wp-image-68644 size-medium\" src=\"https:\/\/www.hoymercedes.com.ar\/principal\/wp-content\/uploads\/2017\/10\/depedro-wado-vata-2017-3-630x354.jpeg\" alt=\"\" width=\"630\" height=\"354\" srcset=\"https:\/\/www.hoymercedes.com.ar\/principal\/wp-content\/uploads\/2017\/10\/depedro-wado-vata-2017-3-630x354.jpeg 630w, https:\/\/www.hoymercedes.com.ar\/principal\/wp-content\/uploads\/2017\/10\/depedro-wado-vata-2017-3-150x84.jpeg 150w, https:\/\/www.hoymercedes.com.ar\/principal\/wp-content\/uploads\/2017\/10\/depedro-wado-vata-2017-3-1024x576.jpeg 1024w, https:\/\/www.hoymercedes.com.ar\/principal\/wp-content\/uploads\/2017\/10\/depedro-wado-vata-2017-3.jpeg 1280w\" sizes=\"auto, (max-width: 630px) 100vw, 630px\" \/><figcaption id=\"caption-attachment-68644\" class=\"wp-caption-text\">\u00abWado\u00bb de Pedro, votando en Mercedes<\/figcaption><\/figure>\n<p>Los medios presentes, que graficaron la participaci\u00f3n electoras de Eduardo de Pedro, le solicitaron una opini\u00f3n sobre las particularidades de esta elecci\u00f3n, ante lo cual manifest\u00f3 que \u201cespero que todo lo que nos pareci\u00f3 raro a todas las fuerzas pol\u00edticas haya quedado atr\u00e1s\u201d recordando que en algunas instituciones hubo amenazas de bombas, especialmente en zonas donde al oficialismo le hab\u00eda ido bien comentando que \u201cla elecci\u00f3n pasada el resultado se pudo saber reci\u00e9n a los 20 d\u00edas as\u00ed que para esta elecci\u00f3n tenemos un dispositivo nuestro para tener el resultado esta noche\u201d, cont\u00f3, dado que en las PASO \u00faltimas fue la primera vez en democracia que se dio un resultado oficial que termin\u00f3 siendo tambi\u00e9n oficialmente distinto varias semanas despu\u00e9s con el recuento definitivo.<\/p>\n","protected":false},"excerpt":{"rendered":"<p>El Diputado Nacional de Unidad Ciudadana, y mercedino, vot\u00f3 en la escuela N\u00b010 y destac\u00f3 la importancia de volver a &#8230; <a title=\"Wado de Pedro \u201ces una felicidad que el pueblo pueda elegir\u201d\" class=\"read-more\" href=\"https:\/\/www.hoymercedes.com.ar\/principal\/2017\/10\/22\/wado-de-pedro-es-una-felicidad-que-el-pueblo-pueda-elegir\/\" aria-label=\"Leer m\u00e1s sobre Wado de Pedro \u201ces una felicidad que el pueblo pueda elegir\u201d\">Leer m\u00e1s<\/a><\/p>\n","protected":false},"author":1,"featured_media":68644,"comment_status":"closed","ping_status":"open","sticky":false,"template":"","format":"standard","meta":{"_monsterinsights_skip_tracking":false,"_monsterinsights_sitenote_active":false,"_monsterinsights_sitenote_note":"","_monsterinsights_sitenote_category":0,"jetpack_post_was_ever_published":false,"_jetpack_newsletter_access":"","_jetpack_dont_email_post_to_subs":false,"_jetpack_newsletter_tier_id":0,"_jetpack_memberships_contains_paywalled_content":false,"_jetpack_memberships_contains_paid_content":false,"footnotes":"","jetpack_publicize_message":"","jetpack_publicize_feature_enabled":true,"jetpack_social_post_already_shared":true,"jetpack_social_options":{"image_generator_settings":{"template":"highway","default_image_id":0,"font":"","enabled":false},"version":2},"_wpas_customize_per_network":false},"categories":[5],"tags":[10019,2686,11275,10,281],"class_list":["post-68642","post","type-post","status-publish","format-standard","has-post-thumbnail","hentry","category-politica","tag-diputados-nacionales","tag-eduardo-de-pedro","tag-elecciones-2017","tag-mercedes","tag-wado-de-pedro","generate-columns","tablet-grid-50","mobile-grid-100","grid-parent","grid-50"],"jetpack_publicize_connections":[],"jetpack_featured_media_url":"https:\/\/www.hoymercedes.com.ar\/principal\/wp-content\/uploads\/2017\/10\/depedro-wado-vata-2017-3.jpeg","wps_subtitle":"Elecciones 2017","jetpack_sharing_enabled":true,"_links":{"self":[{"href":"https:\/\/www.hoymercedes.com.ar\/principal\/wp-json\/wp\/v2\/posts\/68642","targetHints":{"allow":["GET"]}}],"collection":[{"href":"https:\/\/www.hoymercedes.com.ar\/principal\/wp-json\/wp\/v2\/posts"}],"about":[{"href":"https:\/\/www.hoymercedes.com.ar\/principal\/wp-json\/wp\/v2\/types\/post"}],"author":[{"embeddable":true,"href":"https:\/\/www.hoymercedes.com.ar\/principal\/wp-json\/wp\/v2\/users\/1"}],"replies":[{"embeddable":true,"href":"https:\/\/www.hoymercedes.com.ar\/principal\/wp-json\/wp\/v2\/comments?post=68642"}],"version-history":[{"count":0,"href":"https:\/\/www.hoymercedes.com.ar\/principal\/wp-json\/wp\/v2\/posts\/68642\/revisions"}],"wp:featuredmedia":[{"embeddable":true,"href":"https:\/\/www.hoymercedes.com.ar\/principal\/wp-json\/wp\/v2\/media\/68644"}],"wp:attachment":[{"href":"https:\/\/www.hoymercedes.com.ar\/principal\/wp-json\/wp\/v2\/media?parent=68642"}],"wp:term":[{"taxonomy":"category","embeddable":true,"href":"https:\/\/www.hoymercedes.com.ar\/principal\/wp-json\/wp\/v2\/categories?post=68642"},{"taxonomy":"post_tag","embeddable":true,"href":"https:\/\/www.hoymercedes.com.ar\/principal\/wp-json\/wp\/v2\/tags?post=68642"}],"curies":[{"name":"wp","href":"https:\/\/api.w.org\/{rel}","templated":true}]}}