{"id":68659,"date":"2017-10-22T14:30:51","date_gmt":"2017-10-22T17:30:51","guid":{"rendered":"http:\/\/www.hoymercedes.com.ar\/principal\/?p=68659"},"modified":"2017-10-22T18:21:05","modified_gmt":"2017-10-22T21:21:05","slug":"dematei-es-una-gran-alegria-que-los-vecinos-se-puedan-expresar","status":"publish","type":"post","link":"https:\/\/www.hoymercedes.com.ar\/principal\/2017\/10\/22\/dematei-es-una-gran-alegria-que-los-vecinos-se-puedan-expresar\/","title":{"rendered":"Dematei: \u201cEs una gran alegr\u00eda que los vecinos se puedan expresar\u00bb"},"content":{"rendered":"<p><img loading=\"lazy\" decoding=\"async\" data-attachment-id=\"68660\" data-permalink=\"https:\/\/www.hoymercedes.com.ar\/principal\/2017\/10\/22\/dematei-es-una-gran-alegria-que-los-vecinos-se-puedan-expresar\/dematei-2\/#main\" data-orig-file=\"https:\/\/www.hoymercedes.com.ar\/principal\/wp-content\/uploads\/2017\/10\/dematei.jpeg\" data-orig-size=\"800,533\" data-comments-opened=\"0\" data-image-meta=\"{&quot;aperture&quot;:&quot;0&quot;,&quot;credit&quot;:&quot;&quot;,&quot;camera&quot;:&quot;&quot;,&quot;caption&quot;:&quot;&quot;,&quot;created_timestamp&quot;:&quot;0&quot;,&quot;copyright&quot;:&quot;&quot;,&quot;focal_length&quot;:&quot;0&quot;,&quot;iso&quot;:&quot;0&quot;,&quot;shutter_speed&quot;:&quot;0&quot;,&quot;title&quot;:&quot;&quot;,&quot;orientation&quot;:&quot;0&quot;}\" data-image-title=\"dematei\" data-image-description=\"\" data-image-caption=\"\" data-large-file=\"https:\/\/www.hoymercedes.com.ar\/principal\/wp-content\/uploads\/2017\/10\/dematei.jpeg\" class=\"aligncenter size-medium wp-image-68660\" src=\"https:\/\/www.hoymercedes.com.ar\/principal\/wp-content\/uploads\/2017\/10\/dematei-630x420.jpeg\" alt=\"\" width=\"630\" height=\"420\" srcset=\"https:\/\/www.hoymercedes.com.ar\/principal\/wp-content\/uploads\/2017\/10\/dematei-630x420.jpeg 630w, https:\/\/www.hoymercedes.com.ar\/principal\/wp-content\/uploads\/2017\/10\/dematei-150x100.jpeg 150w, https:\/\/www.hoymercedes.com.ar\/principal\/wp-content\/uploads\/2017\/10\/dematei-300x200.jpeg 300w, https:\/\/www.hoymercedes.com.ar\/principal\/wp-content\/uploads\/2017\/10\/dematei.jpeg 800w\" sizes=\"auto, (max-width: 630px) 100vw, 630px\" \/>El presidente del Concejo Deliberante de la ciudad, Mat\u00edas Dematei se acerc\u00f3 a votar a la escuela 10. All\u00ed, mantuvo un encuentro con los medios donde manifest\u00f3: \u201cEs una gran alegr\u00eda que los vecinos se puedan expresar y elegir a quienes quieren que los representen. Cada elecci\u00f3n es una reafirmaci\u00f3n y consolidaci\u00f3n de la democracia, siempre tenemos que apostar a m\u00e1s, y uno desde su lugar debe trabajar y predicar con el ejemplo buscando una sociedad unida. No quiero m\u00e1s familias y amigos peleados por cuestiones pol\u00edticas, la gente est\u00e1 cansada de la pelea constante y la divisi\u00f3n, los responsables somos nosotros,\u00a0 y como lo estamos haciendo ac\u00e1 en nuestra ciudad junto al intendente trabajando desde la apertura y con la premisa que primero esta Mercedes\u201d.<\/p>\n<p>En tanto, manifest\u00f3: \u201ctodos tenemos que trabajar juntos tirando para un mismo lado, que es el de tener una ciudad cada d\u00eda mejor, hoy en cada paso que damos con el intendente vamos marcando ese camino, que es lo mejor para todos\u201d.<\/p>\n<p>Finalmente expres\u00f3: \u201cQuiero una ciudad en paz y armon\u00eda donde el que piense distinto, no sea un enemigo, todo lo contrario que nos ayude a tender puentes que ayuden a mejorar la convivencia, muy importante para una mejor calidad de vida\u201d.<\/p>\n","protected":false},"excerpt":{"rendered":"<p>El presidente del Concejo Deliberante de la ciudad, Mat\u00edas Dematei se acerc\u00f3 a votar a la escuela 10. All\u00ed, mantuvo &#8230; <a title=\"Dematei: \u201cEs una gran alegr\u00eda que los vecinos se puedan expresar\u00bb\" class=\"read-more\" href=\"https:\/\/www.hoymercedes.com.ar\/principal\/2017\/10\/22\/dematei-es-una-gran-alegria-que-los-vecinos-se-puedan-expresar\/\" aria-label=\"Leer m\u00e1s sobre Dematei: \u201cEs una gran alegr\u00eda que los vecinos se puedan expresar\u00bb\">Leer m\u00e1s<\/a><\/p>\n","protected":false},"author":1,"featured_media":68660,"comment_status":"closed","ping_status":"open","sticky":false,"template":"","format":"standard","meta":{"_monsterinsights_skip_tracking":false,"_monsterinsights_sitenote_active":false,"_monsterinsights_sitenote_note":"","_monsterinsights_sitenote_category":0,"jetpack_post_was_ever_published":false,"_jetpack_newsletter_access":"","_jetpack_dont_email_post_to_subs":false,"_jetpack_newsletter_tier_id":0,"_jetpack_memberships_contains_paywalled_content":false,"_jetpack_memberships_contains_paid_content":false,"footnotes":"","jetpack_publicize_message":"","jetpack_publicize_feature_enabled":true,"jetpack_social_post_already_shared":true,"jetpack_social_options":{"image_generator_settings":{"template":"highway","default_image_id":0,"font":"","enabled":false},"version":2},"_wpas_customize_per_network":false},"categories":[5],"tags":[8993,11275,3810,10,11356],"class_list":["post-68659","post","type-post","status-publish","format-standard","has-post-thumbnail","hentry","category-politica","tag-concejales","tag-elecciones-2017","tag-matias-dematei","tag-mercedes","tag-unidad-ciudadana","generate-columns","tablet-grid-50","mobile-grid-100","grid-parent","grid-50"],"jetpack_publicize_connections":[],"jetpack_featured_media_url":"https:\/\/www.hoymercedes.com.ar\/principal\/wp-content\/uploads\/2017\/10\/dematei.jpeg","wps_subtitle":"Elecciones generales","jetpack_sharing_enabled":true,"_links":{"self":[{"href":"https:\/\/www.hoymercedes.com.ar\/principal\/wp-json\/wp\/v2\/posts\/68659","targetHints":{"allow":["GET"]}}],"collection":[{"href":"https:\/\/www.hoymercedes.com.ar\/principal\/wp-json\/wp\/v2\/posts"}],"about":[{"href":"https:\/\/www.hoymercedes.com.ar\/principal\/wp-json\/wp\/v2\/types\/post"}],"author":[{"embeddable":true,"href":"https:\/\/www.hoymercedes.com.ar\/principal\/wp-json\/wp\/v2\/users\/1"}],"replies":[{"embeddable":true,"href":"https:\/\/www.hoymercedes.com.ar\/principal\/wp-json\/wp\/v2\/comments?post=68659"}],"version-history":[{"count":0,"href":"https:\/\/www.hoymercedes.com.ar\/principal\/wp-json\/wp\/v2\/posts\/68659\/revisions"}],"wp:featuredmedia":[{"embeddable":true,"href":"https:\/\/www.hoymercedes.com.ar\/principal\/wp-json\/wp\/v2\/media\/68660"}],"wp:attachment":[{"href":"https:\/\/www.hoymercedes.com.ar\/principal\/wp-json\/wp\/v2\/media?parent=68659"}],"wp:term":[{"taxonomy":"category","embeddable":true,"href":"https:\/\/www.hoymercedes.com.ar\/principal\/wp-json\/wp\/v2\/categories?post=68659"},{"taxonomy":"post_tag","embeddable":true,"href":"https:\/\/www.hoymercedes.com.ar\/principal\/wp-json\/wp\/v2\/tags?post=68659"}],"curies":[{"name":"wp","href":"https:\/\/api.w.org\/{rel}","templated":true}]}}