{"id":68668,"date":"2017-10-22T16:00:29","date_gmt":"2017-10-22T19:00:29","guid":{"rendered":"http:\/\/www.hoymercedes.com.ar\/principal\/?p=68668"},"modified":"2017-10-22T18:19:35","modified_gmt":"2017-10-22T21:19:35","slug":"demarco-esta-es-una-jornada-mas-de-lucha-para-todos-nosotros","status":"publish","type":"post","link":"https:\/\/www.hoymercedes.com.ar\/principal\/2017\/10\/22\/demarco-esta-es-una-jornada-mas-de-lucha-para-todos-nosotros\/","title":{"rendered":"Demarco: \u201cEsta es una jornada m\u00e1s de lucha para todos nosotros\u201d"},"content":{"rendered":"<p><img loading=\"lazy\" decoding=\"async\" data-attachment-id=\"68651\" data-permalink=\"https:\/\/www.hoymercedes.com.ar\/principal\/2017\/10\/22\/biaggini-estamos-viviendo-la-jornada-con-mucha-alegria-y-tranquilidad\/demarcohm-2\/#main\" data-orig-file=\"https:\/\/www.hoymercedes.com.ar\/principal\/wp-content\/uploads\/2017\/10\/demarcohm.jpeg\" data-orig-size=\"800,480\" data-comments-opened=\"0\" data-image-meta=\"{&quot;aperture&quot;:&quot;0&quot;,&quot;credit&quot;:&quot;&quot;,&quot;camera&quot;:&quot;&quot;,&quot;caption&quot;:&quot;&quot;,&quot;created_timestamp&quot;:&quot;0&quot;,&quot;copyright&quot;:&quot;&quot;,&quot;focal_length&quot;:&quot;0&quot;,&quot;iso&quot;:&quot;0&quot;,&quot;shutter_speed&quot;:&quot;0&quot;,&quot;title&quot;:&quot;&quot;,&quot;orientation&quot;:&quot;0&quot;}\" data-image-title=\"demarcohm\" data-image-description=\"\" data-image-caption=\"\" data-large-file=\"https:\/\/www.hoymercedes.com.ar\/principal\/wp-content\/uploads\/2017\/10\/demarcohm.jpeg\" class=\"aligncenter size-medium wp-image-68651\" src=\"https:\/\/www.hoymercedes.com.ar\/principal\/wp-content\/uploads\/2017\/10\/demarcohm-630x378.jpeg\" alt=\"\" width=\"630\" height=\"378\" srcset=\"https:\/\/www.hoymercedes.com.ar\/principal\/wp-content\/uploads\/2017\/10\/demarcohm-630x378.jpeg 630w, https:\/\/www.hoymercedes.com.ar\/principal\/wp-content\/uploads\/2017\/10\/demarcohm-150x90.jpeg 150w, https:\/\/www.hoymercedes.com.ar\/principal\/wp-content\/uploads\/2017\/10\/demarcohm.jpeg 800w\" sizes=\"auto, (max-width: 630px) 100vw, 630px\" \/>El primer candidato a concejal por el FIT, Pablo Demarco vot\u00f3 en el colegio nacional esta tarde. Por un lado, se refiri\u00f3 al caso Maldonado y repudi\u00f3 la detenci\u00f3n de militantes de izquierda en un local partidario de Mar del Plata. \u201cCreemos que es parte de una escalada represiva que se est\u00e1 viviendo en el pa\u00eds. Esta es una jornada m\u00e1s de lucha para todos nosotros\u201d, se\u00f1al\u00f3.<\/p>\n<p>Adem\u00e1s, se expres\u00f3 por lo que aspira de estas elecciones: \u201cAspiramos a poder incrementar las bancas del movimiento de izquierda en el Senado y la provincia. Sabemos el caudal aproximado de votos que tenemos en la ciudad, que en principio no nos dan una banca en el Concejo Deliberante, pero sin dudas suman para que los compa\u00f1eros puedan asumir en otros niveles\u201d.<\/p>\n<p>Por otro lado, plante\u00f3: \u201cHay que ver si la situaci\u00f3n social ha llevado a plantear a la ciudadan\u00eda su rechazo a trav\u00e9s del no voto. En el 2001 no nos olvidemos que mucha gente termin\u00f3 votando en blanco, y otros que se alejaban para no votar. Creo que va a merecer un an\u00e1lisis a medida que se vayan conociendo los resultados de la jornada\u201d, expres\u00f3 y agreg\u00f3: \u201cnosotros hemos llegado a cubrir con fiscales todos los colegios. Nuestra organizaci\u00f3n est\u00e1 bien plantada y creo que es parte del desarrollo que ha tenido el movimiento de izquierda en el \u00faltimo tiempo. Hubo algunos faltantes de boletas, pero nada de gravedad\u201d.<\/p>\n<p>Finalmente indic\u00f3: \u201cuna vez que termine el recuento de votos vamos a ir a esperar los resultados a nuestro local\u201d.<\/p>\n<p>&nbsp;<\/p>\n","protected":false},"excerpt":{"rendered":"<p>El primer candidato a concejal por el FIT, Pablo Demarco vot\u00f3 en el colegio nacional esta tarde. Por un lado, &#8230; <a title=\"Demarco: \u201cEsta es una jornada m\u00e1s de lucha para todos nosotros\u201d\" class=\"read-more\" href=\"https:\/\/www.hoymercedes.com.ar\/principal\/2017\/10\/22\/demarco-esta-es-una-jornada-mas-de-lucha-para-todos-nosotros\/\" aria-label=\"Leer m\u00e1s sobre Demarco: \u201cEsta es una jornada m\u00e1s de lucha para todos nosotros\u201d\">Leer m\u00e1s<\/a><\/p>\n","protected":false},"author":1,"featured_media":68651,"comment_status":"closed","ping_status":"open","sticky":false,"template":"","format":"standard","meta":{"_monsterinsights_skip_tracking":false,"_monsterinsights_sitenote_active":false,"_monsterinsights_sitenote_note":"","_monsterinsights_sitenote_category":0,"jetpack_post_was_ever_published":false,"_jetpack_newsletter_access":"","_jetpack_dont_email_post_to_subs":false,"_jetpack_newsletter_tier_id":0,"_jetpack_memberships_contains_paywalled_content":false,"_jetpack_memberships_contains_paid_content":false,"footnotes":"","jetpack_publicize_message":"","jetpack_publicize_feature_enabled":true,"jetpack_social_post_already_shared":true,"jetpack_social_options":{"image_generator_settings":{"template":"highway","default_image_id":0,"font":"","enabled":false},"version":2},"_wpas_customize_per_network":false},"categories":[5],"tags":[8993,11275,6253,10,3395],"class_list":["post-68668","post","type-post","status-publish","format-standard","has-post-thumbnail","hentry","category-politica","tag-concejales","tag-elecciones-2017","tag-fit","tag-mercedes","tag-pablo-demarco","generate-columns","tablet-grid-50","mobile-grid-100","grid-parent","grid-50"],"jetpack_publicize_connections":[],"jetpack_featured_media_url":"https:\/\/www.hoymercedes.com.ar\/principal\/wp-content\/uploads\/2017\/10\/demarcohm.jpeg","wps_subtitle":"Elecciones generales","jetpack_sharing_enabled":true,"_links":{"self":[{"href":"https:\/\/www.hoymercedes.com.ar\/principal\/wp-json\/wp\/v2\/posts\/68668","targetHints":{"allow":["GET"]}}],"collection":[{"href":"https:\/\/www.hoymercedes.com.ar\/principal\/wp-json\/wp\/v2\/posts"}],"about":[{"href":"https:\/\/www.hoymercedes.com.ar\/principal\/wp-json\/wp\/v2\/types\/post"}],"author":[{"embeddable":true,"href":"https:\/\/www.hoymercedes.com.ar\/principal\/wp-json\/wp\/v2\/users\/1"}],"replies":[{"embeddable":true,"href":"https:\/\/www.hoymercedes.com.ar\/principal\/wp-json\/wp\/v2\/comments?post=68668"}],"version-history":[{"count":0,"href":"https:\/\/www.hoymercedes.com.ar\/principal\/wp-json\/wp\/v2\/posts\/68668\/revisions"}],"wp:featuredmedia":[{"embeddable":true,"href":"https:\/\/www.hoymercedes.com.ar\/principal\/wp-json\/wp\/v2\/media\/68651"}],"wp:attachment":[{"href":"https:\/\/www.hoymercedes.com.ar\/principal\/wp-json\/wp\/v2\/media?parent=68668"}],"wp:term":[{"taxonomy":"category","embeddable":true,"href":"https:\/\/www.hoymercedes.com.ar\/principal\/wp-json\/wp\/v2\/categories?post=68668"},{"taxonomy":"post_tag","embeddable":true,"href":"https:\/\/www.hoymercedes.com.ar\/principal\/wp-json\/wp\/v2\/tags?post=68668"}],"curies":[{"name":"wp","href":"https:\/\/api.w.org\/{rel}","templated":true}]}}