{"id":68738,"date":"2017-10-25T07:18:24","date_gmt":"2017-10-25T10:18:24","guid":{"rendered":"http:\/\/www.hoymercedes.com.ar\/principal\/?p=68738"},"modified":"2017-10-24T09:56:17","modified_gmt":"2017-10-24T12:56:17","slug":"estudiantes-sumo-tres-campeonas-y-una-subcampeona","status":"publish","type":"post","link":"https:\/\/www.hoymercedes.com.ar\/principal\/2017\/10\/25\/estudiantes-sumo-tres-campeonas-y-una-subcampeona\/","title":{"rendered":"Estudiantes sum\u00f3 tres campeonas y una subcampeona"},"content":{"rendered":"<p><em><strong>El s\u00e1bado 21 de octubre se realiz\u00f3 la primera jornada de la \u00faltima fecha de la Liga Cedep, en las instalaciones del club Ingeniero Raver, Pat\u00edn Fusi\u00f3n ,de la ciudad los Cardales. En esta ocasi\u00f3n participaron 10 de las 46 patinadoras del club Estudiantes acompa\u00f1adas por sus t\u00e9cnicas Nacionales Candela y Sof\u00eda Bruschi<\/strong><\/em><\/p>\n<p><img loading=\"lazy\" decoding=\"async\" data-attachment-id=\"68739\" data-permalink=\"https:\/\/www.hoymercedes.com.ar\/principal\/2017\/10\/25\/estudiantes-sumo-tres-campeonas-y-una-subcampeona\/22768434_10203961172907704_982130153_o\/#main\" data-orig-file=\"https:\/\/www.hoymercedes.com.ar\/principal\/wp-content\/uploads\/2017\/10\/22768434_10203961172907704_982130153_o.jpg\" data-orig-size=\"1776,1161\" data-comments-opened=\"0\" data-image-meta=\"{&quot;aperture&quot;:&quot;0&quot;,&quot;credit&quot;:&quot;&quot;,&quot;camera&quot;:&quot;&quot;,&quot;caption&quot;:&quot;&quot;,&quot;created_timestamp&quot;:&quot;0&quot;,&quot;copyright&quot;:&quot;&quot;,&quot;focal_length&quot;:&quot;0&quot;,&quot;iso&quot;:&quot;0&quot;,&quot;shutter_speed&quot;:&quot;0&quot;,&quot;title&quot;:&quot;&quot;,&quot;orientation&quot;:&quot;0&quot;}\" data-image-title=\"22768434_10203961172907704_982130153_o\" data-image-description=\"\" data-image-caption=\"\" data-large-file=\"https:\/\/www.hoymercedes.com.ar\/principal\/wp-content\/uploads\/2017\/10\/22768434_10203961172907704_982130153_o-1024x669.jpg\" class=\"size-medium wp-image-68739 aligncenter\" src=\"https:\/\/www.hoymercedes.com.ar\/principal\/wp-content\/uploads\/2017\/10\/22768434_10203961172907704_982130153_o-630x412.jpg\" alt=\"\" width=\"630\" height=\"412\" srcset=\"https:\/\/www.hoymercedes.com.ar\/principal\/wp-content\/uploads\/2017\/10\/22768434_10203961172907704_982130153_o-630x412.jpg 630w, https:\/\/www.hoymercedes.com.ar\/principal\/wp-content\/uploads\/2017\/10\/22768434_10203961172907704_982130153_o-150x98.jpg 150w, https:\/\/www.hoymercedes.com.ar\/principal\/wp-content\/uploads\/2017\/10\/22768434_10203961172907704_982130153_o-1024x669.jpg 1024w, https:\/\/www.hoymercedes.com.ar\/principal\/wp-content\/uploads\/2017\/10\/22768434_10203961172907704_982130153_o.jpg 1776w\" sizes=\"auto, (max-width: 630px) 100vw, 630px\" \/><\/p>\n<p><strong>Esc. Formativa 13:<\/strong> Ana Clara Garc\u00eda 2do puesto, Felicitas Garc\u00eda Sotillo 3er puesto.<\/p>\n<p><strong>Esc. Formativa 9 a\u00f1os:<\/strong> Lorenzo Garc\u00eda 1er puesto.<\/p>\n<p><strong>Esc. Formativa 10 a\u00f1os:<\/strong> Camila Giraudo 4to puesto, Antonella Calamari 16 puesto.<\/p>\n<p><strong>Iniciaci\u00f3n 9 a\u00f1os:<\/strong> Guadalupe Pontiroli 1er puesto, Ema Coronel 4to puesto.<\/p>\n<p><strong>Iniciaci\u00f3n 10 a\u00f1os:<\/strong> Lola Garc\u00eda Sotillo 5to puesto<\/p>\n<p><strong>Tercera C 11 a\u00f1os:<\/strong> Justina Bruschi 2do puesto.<\/p>\n<p><strong>Tercera C 13 a\u00f1os:<\/strong> Bianca Ventrelli 2do puesto.<\/p>\n<p>&nbsp;<\/p>\n<p>En la \u00faltima fecha de la Liga se define el campeonato por sumatoria de puntos, y en esta primera jornada ya contamos con tres campeonas anuales, Felicitas Garc\u00eda Sotillo, Bianca Ventrelli y justina Bruschi. Un campe\u00f3n anual, Lorenzo Garc\u00eda y una Subcampeona Camila Giraudo.<\/p>\n<p>El torneo finaliza el pr\u00f3ximo fin de semana 28 y 29 de octubre donde participar\u00e1n el resto de las patinadoras del pincha. La comisi\u00f3n directiva del club y sus t\u00e9cnicas felicitan a las patinadoras por su excelente desempe\u00f1o.<\/p>\n<p><img loading=\"lazy\" decoding=\"async\" data-attachment-id=\"68740\" data-permalink=\"https:\/\/www.hoymercedes.com.ar\/principal\/2017\/10\/25\/estudiantes-sumo-tres-campeonas-y-una-subcampeona\/22751256_10203961172627697_1212654053_o\/#main\" data-orig-file=\"https:\/\/www.hoymercedes.com.ar\/principal\/wp-content\/uploads\/2017\/10\/22751256_10203961172627697_1212654053_o.jpg\" data-orig-size=\"1524,1776\" data-comments-opened=\"0\" data-image-meta=\"{&quot;aperture&quot;:&quot;0&quot;,&quot;credit&quot;:&quot;&quot;,&quot;camera&quot;:&quot;&quot;,&quot;caption&quot;:&quot;&quot;,&quot;created_timestamp&quot;:&quot;0&quot;,&quot;copyright&quot;:&quot;&quot;,&quot;focal_length&quot;:&quot;0&quot;,&quot;iso&quot;:&quot;0&quot;,&quot;shutter_speed&quot;:&quot;0&quot;,&quot;title&quot;:&quot;&quot;,&quot;orientation&quot;:&quot;0&quot;}\" data-image-title=\"22751256_10203961172627697_1212654053_o\" data-image-description=\"\" data-image-caption=\"\" data-large-file=\"https:\/\/www.hoymercedes.com.ar\/principal\/wp-content\/uploads\/2017\/10\/22751256_10203961172627697_1212654053_o-879x1024.jpg\" class=\"size-medium wp-image-68740 aligncenter\" src=\"https:\/\/www.hoymercedes.com.ar\/principal\/wp-content\/uploads\/2017\/10\/22751256_10203961172627697_1212654053_o-532x620.jpg\" alt=\"\" width=\"532\" height=\"620\" srcset=\"https:\/\/www.hoymercedes.com.ar\/principal\/wp-content\/uploads\/2017\/10\/22751256_10203961172627697_1212654053_o-532x620.jpg 532w, https:\/\/www.hoymercedes.com.ar\/principal\/wp-content\/uploads\/2017\/10\/22751256_10203961172627697_1212654053_o-129x150.jpg 129w, https:\/\/www.hoymercedes.com.ar\/principal\/wp-content\/uploads\/2017\/10\/22751256_10203961172627697_1212654053_o-879x1024.jpg 879w, https:\/\/www.hoymercedes.com.ar\/principal\/wp-content\/uploads\/2017\/10\/22751256_10203961172627697_1212654053_o.jpg 1524w\" sizes=\"auto, (max-width: 532px) 100vw, 532px\" \/> <img loading=\"lazy\" decoding=\"async\" data-attachment-id=\"68741\" data-permalink=\"https:\/\/www.hoymercedes.com.ar\/principal\/2017\/10\/25\/estudiantes-sumo-tres-campeonas-y-una-subcampeona\/22790735_10203961171747675_592738665_o\/#main\" data-orig-file=\"https:\/\/www.hoymercedes.com.ar\/principal\/wp-content\/uploads\/2017\/10\/22790735_10203961171747675_592738665_o.jpg\" data-orig-size=\"774,1032\" data-comments-opened=\"0\" data-image-meta=\"{&quot;aperture&quot;:&quot;0&quot;,&quot;credit&quot;:&quot;&quot;,&quot;camera&quot;:&quot;&quot;,&quot;caption&quot;:&quot;&quot;,&quot;created_timestamp&quot;:&quot;0&quot;,&quot;copyright&quot;:&quot;&quot;,&quot;focal_length&quot;:&quot;0&quot;,&quot;iso&quot;:&quot;0&quot;,&quot;shutter_speed&quot;:&quot;0&quot;,&quot;title&quot;:&quot;&quot;,&quot;orientation&quot;:&quot;0&quot;}\" data-image-title=\"22790735_10203961171747675_592738665_o\" data-image-description=\"\" data-image-caption=\"\" data-large-file=\"https:\/\/www.hoymercedes.com.ar\/principal\/wp-content\/uploads\/2017\/10\/22790735_10203961171747675_592738665_o-768x1024.jpg\" class=\"size-medium wp-image-68741 aligncenter\" src=\"https:\/\/www.hoymercedes.com.ar\/principal\/wp-content\/uploads\/2017\/10\/22790735_10203961171747675_592738665_o-465x620.jpg\" alt=\"\" width=\"465\" height=\"620\" srcset=\"https:\/\/www.hoymercedes.com.ar\/principal\/wp-content\/uploads\/2017\/10\/22790735_10203961171747675_592738665_o-465x620.jpg 465w, https:\/\/www.hoymercedes.com.ar\/principal\/wp-content\/uploads\/2017\/10\/22790735_10203961171747675_592738665_o-113x150.jpg 113w, https:\/\/www.hoymercedes.com.ar\/principal\/wp-content\/uploads\/2017\/10\/22790735_10203961171747675_592738665_o-768x1024.jpg 768w, https:\/\/www.hoymercedes.com.ar\/principal\/wp-content\/uploads\/2017\/10\/22790735_10203961171747675_592738665_o.jpg 774w\" sizes=\"auto, (max-width: 465px) 100vw, 465px\" \/><\/p>\n","protected":false},"excerpt":{"rendered":"<p>El s\u00e1bado 21 de octubre se realiz\u00f3 la primera jornada de la \u00faltima fecha de la Liga Cedep, en las &#8230; <a title=\"Estudiantes sum\u00f3 tres campeonas y una subcampeona\" class=\"read-more\" href=\"https:\/\/www.hoymercedes.com.ar\/principal\/2017\/10\/25\/estudiantes-sumo-tres-campeonas-y-una-subcampeona\/\" aria-label=\"Leer m\u00e1s sobre Estudiantes sum\u00f3 tres campeonas y una subcampeona\">Leer m\u00e1s<\/a><\/p>\n","protected":false},"author":1,"featured_media":68739,"comment_status":"closed","ping_status":"open","sticky":false,"template":"","format":"standard","meta":{"_monsterinsights_skip_tracking":false,"_monsterinsights_sitenote_active":false,"_monsterinsights_sitenote_note":"","_monsterinsights_sitenote_category":0,"jetpack_post_was_ever_published":false,"_jetpack_newsletter_access":"","_jetpack_dont_email_post_to_subs":false,"_jetpack_newsletter_tier_id":0,"_jetpack_memberships_contains_paywalled_content":false,"_jetpack_memberships_contains_paid_content":false,"footnotes":"","jetpack_publicize_message":"","jetpack_publicize_feature_enabled":true,"jetpack_social_post_already_shared":true,"jetpack_social_options":{"image_generator_settings":{"template":"highway","default_image_id":0,"font":"","enabled":false},"version":2},"_wpas_customize_per_network":false},"categories":[21],"tags":[204,829,10,6702],"class_list":["post-68738","post","type-post","status-publish","format-standard","has-post-thumbnail","hentry","category-deportes","tag-deportes-2","tag-estudiantes","tag-mercedes","tag-patin","generate-columns","tablet-grid-50","mobile-grid-100","grid-parent","grid-50"],"jetpack_publicize_connections":[],"jetpack_featured_media_url":"https:\/\/www.hoymercedes.com.ar\/principal\/wp-content\/uploads\/2017\/10\/22768434_10203961172907704_982130153_o.jpg","wps_subtitle":"Pat\u00edn","jetpack_sharing_enabled":true,"_links":{"self":[{"href":"https:\/\/www.hoymercedes.com.ar\/principal\/wp-json\/wp\/v2\/posts\/68738","targetHints":{"allow":["GET"]}}],"collection":[{"href":"https:\/\/www.hoymercedes.com.ar\/principal\/wp-json\/wp\/v2\/posts"}],"about":[{"href":"https:\/\/www.hoymercedes.com.ar\/principal\/wp-json\/wp\/v2\/types\/post"}],"author":[{"embeddable":true,"href":"https:\/\/www.hoymercedes.com.ar\/principal\/wp-json\/wp\/v2\/users\/1"}],"replies":[{"embeddable":true,"href":"https:\/\/www.hoymercedes.com.ar\/principal\/wp-json\/wp\/v2\/comments?post=68738"}],"version-history":[{"count":0,"href":"https:\/\/www.hoymercedes.com.ar\/principal\/wp-json\/wp\/v2\/posts\/68738\/revisions"}],"wp:featuredmedia":[{"embeddable":true,"href":"https:\/\/www.hoymercedes.com.ar\/principal\/wp-json\/wp\/v2\/media\/68739"}],"wp:attachment":[{"href":"https:\/\/www.hoymercedes.com.ar\/principal\/wp-json\/wp\/v2\/media?parent=68738"}],"wp:term":[{"taxonomy":"category","embeddable":true,"href":"https:\/\/www.hoymercedes.com.ar\/principal\/wp-json\/wp\/v2\/categories?post=68738"},{"taxonomy":"post_tag","embeddable":true,"href":"https:\/\/www.hoymercedes.com.ar\/principal\/wp-json\/wp\/v2\/tags?post=68738"}],"curies":[{"name":"wp","href":"https:\/\/api.w.org\/{rel}","templated":true}]}}