{"id":68764,"date":"2017-10-27T20:29:31","date_gmt":"2017-10-27T23:29:31","guid":{"rendered":"http:\/\/www.hoymercedes.com.ar\/principal\/?p=68764"},"modified":"2017-10-26T21:42:39","modified_gmt":"2017-10-27T00:42:39","slug":"encuentro-de-grabadores-en-el-mamm","status":"publish","type":"post","link":"https:\/\/www.hoymercedes.com.ar\/principal\/2017\/10\/27\/encuentro-de-grabadores-en-el-mamm\/","title":{"rendered":"Encuentro de grabadores en el MAMM"},"content":{"rendered":"<p>El s\u00e1bado 28, en el marco del Mes del Grabado en el Museo de Arte Municipalidad de Mercedes (MAMM) se llevar\u00e1 a cabo una mesa abierta de Grabadores. Estar\u00e1n presentes los artistas que actualmente exponen sus trabajos en el espacio cultura de calle 23.<\/p>\n<p>Entre quienes estar\u00e1n presentes se encuentran N\u00e9stor Goyanes, Rafael Gil, Carlos Scannapieco, Fernando Polito, Lidia Paladino y otros grandes de la disciplina que recibir\u00e1n al p\u00fablico para recorrer y conversar sobre los maravillosos trabajos que han decidido donar.<\/p>\n<p>En el encuentro hablar\u00e1n de t\u00e9cnicas, procedimientos, y cuestiones relacionadas al mundo del Grabado y el panorama que hoy atraviesa esta rama del arte.<\/p>\n<p>La cita es el 28 de octubre, 19 horas, con entrada libre y gratuita.<\/p>\n<p>&nbsp;<\/p>\n<p>Fuente: MAMM<\/p>\n","protected":false},"excerpt":{"rendered":"<p>El s\u00e1bado 28, en el marco del Mes del Grabado en el Museo de Arte Municipalidad de Mercedes (MAMM) se &#8230; <a title=\"Encuentro de grabadores en el MAMM\" class=\"read-more\" href=\"https:\/\/www.hoymercedes.com.ar\/principal\/2017\/10\/27\/encuentro-de-grabadores-en-el-mamm\/\" aria-label=\"Leer m\u00e1s sobre Encuentro de grabadores en el MAMM\">Leer m\u00e1s<\/a><\/p>\n","protected":false},"author":1,"featured_media":68876,"comment_status":"closed","ping_status":"open","sticky":false,"template":"","format":"standard","meta":{"_monsterinsights_skip_tracking":false,"_monsterinsights_sitenote_active":false,"_monsterinsights_sitenote_note":"","_monsterinsights_sitenote_category":0,"jetpack_post_was_ever_published":false,"_jetpack_newsletter_access":"","_jetpack_dont_email_post_to_subs":false,"_jetpack_newsletter_tier_id":0,"_jetpack_memberships_contains_paywalled_content":false,"_jetpack_memberships_contains_paid_content":false,"footnotes":"","jetpack_publicize_message":"","jetpack_publicize_feature_enabled":true,"jetpack_social_post_already_shared":true,"jetpack_social_options":{"image_generator_settings":{"template":"highway","default_image_id":0,"font":"","enabled":false},"version":2},"_wpas_customize_per_network":false},"categories":[104],"tags":[7805,12130,8674,10],"class_list":["post-68764","post","type-post","status-publish","format-standard","has-post-thumbnail","hentry","category-cultura","tag-cultura","tag-encuentro-de-grabadores","tag-mamm","tag-mercedes","generate-columns","tablet-grid-50","mobile-grid-100","grid-parent","grid-50"],"jetpack_publicize_connections":[],"jetpack_featured_media_url":"https:\/\/www.hoymercedes.com.ar\/principal\/wp-content\/uploads\/2017\/10\/27-Mes-del-Grabado.jpg","wps_subtitle":"Este s\u00e1bado 28","jetpack_sharing_enabled":true,"_links":{"self":[{"href":"https:\/\/www.hoymercedes.com.ar\/principal\/wp-json\/wp\/v2\/posts\/68764","targetHints":{"allow":["GET"]}}],"collection":[{"href":"https:\/\/www.hoymercedes.com.ar\/principal\/wp-json\/wp\/v2\/posts"}],"about":[{"href":"https:\/\/www.hoymercedes.com.ar\/principal\/wp-json\/wp\/v2\/types\/post"}],"author":[{"embeddable":true,"href":"https:\/\/www.hoymercedes.com.ar\/principal\/wp-json\/wp\/v2\/users\/1"}],"replies":[{"embeddable":true,"href":"https:\/\/www.hoymercedes.com.ar\/principal\/wp-json\/wp\/v2\/comments?post=68764"}],"version-history":[{"count":0,"href":"https:\/\/www.hoymercedes.com.ar\/principal\/wp-json\/wp\/v2\/posts\/68764\/revisions"}],"wp:featuredmedia":[{"embeddable":true,"href":"https:\/\/www.hoymercedes.com.ar\/principal\/wp-json\/wp\/v2\/media\/68876"}],"wp:attachment":[{"href":"https:\/\/www.hoymercedes.com.ar\/principal\/wp-json\/wp\/v2\/media?parent=68764"}],"wp:term":[{"taxonomy":"category","embeddable":true,"href":"https:\/\/www.hoymercedes.com.ar\/principal\/wp-json\/wp\/v2\/categories?post=68764"},{"taxonomy":"post_tag","embeddable":true,"href":"https:\/\/www.hoymercedes.com.ar\/principal\/wp-json\/wp\/v2\/tags?post=68764"}],"curies":[{"name":"wp","href":"https:\/\/api.w.org\/{rel}","templated":true}]}}