{"id":68796,"date":"2017-10-27T15:15:07","date_gmt":"2017-10-27T18:15:07","guid":{"rendered":"http:\/\/www.hoymercedes.com.ar\/principal\/?p=68796"},"modified":"2017-10-26T15:24:52","modified_gmt":"2017-10-26T18:24:52","slug":"taller-de-tecnicas-mural-al-fresco-en-el-limonero","status":"publish","type":"post","link":"https:\/\/www.hoymercedes.com.ar\/principal\/2017\/10\/27\/taller-de-tecnicas-mural-al-fresco-en-el-limonero\/","title":{"rendered":"Taller de t\u00e9cnicas mural al fresco en El Limonero"},"content":{"rendered":"<p>En el Movimiento Cultural El Limonero de Mercedes se llevar\u00e1 adelante un taller de t\u00e9cnica mural al fresco. Durante tres jornadas seguidas comenzado el lunes 30 de octubre, la inscripci\u00f3n se encuentra abierta en el espacio cultural de calle 21, entre 14 y 16.<\/p>\n<p>El objetivo del taller, que se brindar\u00e1 lunes 30, martes 31 y mi\u00e9rcoles 1, es proporcionar a los participantes los conocimientos hist\u00f3ricos, te\u00f3ricos y pr\u00e1cticos b\u00e1sicos para identificar y elaborar un mural en la t\u00e9cnica \u201cal fresco\u201d. Adem\u00e1s de brindar las herramientas t\u00e9cnicas y los materiales para su ejecuci\u00f3n sobre\u00a0una superficie de madera o muro. Est\u00e1 dirigido a j\u00f3venes y adultos interesados en la pintura, a cargo del instructor Arq,\u00a0Antonio Mart\u00ednez P\u00e9rez, artista mexicano.<\/p>\n<p>El curso tiene un arancel de\u00a0$ 700 que incluye todos los materiales. Son tres encuentros de 4 horas cada uno en el\u00a0\u201cEl Limonero\u201d Movimiento Cultural. Calle 21 entre 14 y 16, N\u00b0 327 Mercedes Bs. As. En el horario de 15 a 19 horas. La inscripci\u00f3n puede hacerse v\u00eda telef\u00f3nica al 02324-421005<\/p>\n<p>El m\u00e9todo de la pintura al fresco tiene un origen incierto, sin embargo muchas de las grandes obras de la pintura del Renacimiento fueron ejecutadas en esta t\u00e9cnica, donde alcanz\u00f3 mayor esplendor.<\/p>\n<p>Este m\u00e9todo ya era conocido por los antiguos egipcios quienes lo empleaban en la pintura mural de las c\u00e1maras funerarias; y en Creta hay restos de \u201cfrescos\u201d encontrados en el palacio de Cnossos. Tambi\u00e9n los romanos decoraron con esta t\u00e9cnica los muros de los edificios p\u00fablicos en Herculano y Pompeya antes de la erupci\u00f3n del Vesubio. Entre las culturas prehisp\u00e1nicas de Mesoam\u00e9rica, los mayas y los teotihuacanos usaron tanto la t\u00e9cnica de pintura al temple, como al fresco, en sus dos versiones.<\/p>\n<p>El n\u00facleo m\u00e1s importante de pintura al fresco en el siglo XX, ha sido M\u00e9xico, donde Diego Rivera, Jos\u00e9 Clemente Orozco y David Alfaro Siqueiros destacan por la creaci\u00f3n de notables y monumentales frescos en edificios gubernamentales y privados.<\/p>\n<p>La t\u00e9cnica al fresco se trabaja sobre una base acuosa cuidadosamente preparada con cal y polvo de m\u00e1rmol donde los pigmentos se aplican sobre la superficie h\u00fameda generando as\u00ed la integraci\u00f3n de los materiales en una masa. Al secar la cal, con el cambio qu\u00edmico, se aglutinan los pigmentos y se fijan los colores volvi\u00e9ndose insolubles al agua.<\/p>\n<p>&nbsp;<\/p>\n<p>Fuente: El Limonero<\/p>\n<p>&nbsp;<\/p>\n","protected":false},"excerpt":{"rendered":"<p>En el Movimiento Cultural El Limonero de Mercedes se llevar\u00e1 adelante un taller de t\u00e9cnica mural al fresco. Durante tres &#8230; <a title=\"Taller de t\u00e9cnicas mural al fresco en El Limonero\" class=\"read-more\" href=\"https:\/\/www.hoymercedes.com.ar\/principal\/2017\/10\/27\/taller-de-tecnicas-mural-al-fresco-en-el-limonero\/\" aria-label=\"Leer m\u00e1s sobre Taller de t\u00e9cnicas mural al fresco en El Limonero\">Leer m\u00e1s<\/a><\/p>\n","protected":false},"author":1,"featured_media":68798,"comment_status":"closed","ping_status":"open","sticky":false,"template":"","format":"standard","meta":{"_monsterinsights_skip_tracking":false,"_monsterinsights_sitenote_active":false,"_monsterinsights_sitenote_note":"","_monsterinsights_sitenote_category":0,"jetpack_post_was_ever_published":false,"_jetpack_newsletter_access":"","_jetpack_dont_email_post_to_subs":false,"_jetpack_newsletter_tier_id":0,"_jetpack_memberships_contains_paywalled_content":false,"_jetpack_memberships_contains_paid_content":false,"footnotes":"","jetpack_publicize_message":"","jetpack_publicize_feature_enabled":true,"jetpack_social_post_already_shared":true,"jetpack_social_options":{"image_generator_settings":{"template":"highway","default_image_id":0,"font":"","enabled":false},"version":2},"_wpas_customize_per_network":false},"categories":[104],"tags":[7805,522,10,12127],"class_list":["post-68796","post","type-post","status-publish","format-standard","has-post-thumbnail","hentry","category-cultura","tag-cultura","tag-el-limonero","tag-mercedes","tag-taller-mural-al-fresco","generate-columns","tablet-grid-50","mobile-grid-100","grid-parent","grid-50"],"jetpack_publicize_connections":[],"jetpack_featured_media_url":"https:\/\/www.hoymercedes.com.ar\/principal\/wp-content\/uploads\/2017\/10\/26-limonero.jpg","wps_subtitle":"Tres encuentros seguidos","jetpack_sharing_enabled":true,"_links":{"self":[{"href":"https:\/\/www.hoymercedes.com.ar\/principal\/wp-json\/wp\/v2\/posts\/68796","targetHints":{"allow":["GET"]}}],"collection":[{"href":"https:\/\/www.hoymercedes.com.ar\/principal\/wp-json\/wp\/v2\/posts"}],"about":[{"href":"https:\/\/www.hoymercedes.com.ar\/principal\/wp-json\/wp\/v2\/types\/post"}],"author":[{"embeddable":true,"href":"https:\/\/www.hoymercedes.com.ar\/principal\/wp-json\/wp\/v2\/users\/1"}],"replies":[{"embeddable":true,"href":"https:\/\/www.hoymercedes.com.ar\/principal\/wp-json\/wp\/v2\/comments?post=68796"}],"version-history":[{"count":0,"href":"https:\/\/www.hoymercedes.com.ar\/principal\/wp-json\/wp\/v2\/posts\/68796\/revisions"}],"wp:featuredmedia":[{"embeddable":true,"href":"https:\/\/www.hoymercedes.com.ar\/principal\/wp-json\/wp\/v2\/media\/68798"}],"wp:attachment":[{"href":"https:\/\/www.hoymercedes.com.ar\/principal\/wp-json\/wp\/v2\/media?parent=68796"}],"wp:term":[{"taxonomy":"category","embeddable":true,"href":"https:\/\/www.hoymercedes.com.ar\/principal\/wp-json\/wp\/v2\/categories?post=68796"},{"taxonomy":"post_tag","embeddable":true,"href":"https:\/\/www.hoymercedes.com.ar\/principal\/wp-json\/wp\/v2\/tags?post=68796"}],"curies":[{"name":"wp","href":"https:\/\/api.w.org\/{rel}","templated":true}]}}