{"id":68816,"date":"2017-10-25T17:16:13","date_gmt":"2017-10-25T20:16:13","guid":{"rendered":"http:\/\/www.hoymercedes.com.ar\/principal\/?p=68816"},"modified":"2017-10-25T21:27:22","modified_gmt":"2017-10-26T00:27:22","slug":"literalmammbo-se-dedico-al-rio","status":"publish","type":"post","link":"https:\/\/www.hoymercedes.com.ar\/principal\/2017\/10\/25\/literalmammbo-se-dedico-al-rio\/","title":{"rendered":"LiteralMAMMbo se dedic\u00f3 al r\u00edo"},"content":{"rendered":"<div>\n<p><em><strong>Escritores y m\u00fasicos convivieron en las salas del Museo de Arte en la edici\u00f3n del s\u00e1bado pasado del LiteralMAMMbo.\u00a0<\/strong><\/em><\/p>\n<p><img loading=\"lazy\" decoding=\"async\" data-attachment-id=\"68817\" data-permalink=\"https:\/\/www.hoymercedes.com.ar\/principal\/2017\/10\/25\/literalmammbo-se-dedico-al-rio\/25-literalmammbo-octubre\/#main\" data-orig-file=\"https:\/\/www.hoymercedes.com.ar\/principal\/wp-content\/uploads\/2017\/10\/25-LiteralMAMMbo-Octubre.jpg\" data-orig-size=\"630,473\" data-comments-opened=\"0\" data-image-meta=\"{&quot;aperture&quot;:&quot;0&quot;,&quot;credit&quot;:&quot;&quot;,&quot;camera&quot;:&quot;&quot;,&quot;caption&quot;:&quot;&quot;,&quot;created_timestamp&quot;:&quot;0&quot;,&quot;copyright&quot;:&quot;&quot;,&quot;focal_length&quot;:&quot;0&quot;,&quot;iso&quot;:&quot;0&quot;,&quot;shutter_speed&quot;:&quot;0&quot;,&quot;title&quot;:&quot;&quot;,&quot;orientation&quot;:&quot;0&quot;}\" data-image-title=\"25 LiteralMAMMbo Octubre\" data-image-description=\"\" data-image-caption=\"\" data-large-file=\"https:\/\/www.hoymercedes.com.ar\/principal\/wp-content\/uploads\/2017\/10\/25-LiteralMAMMbo-Octubre.jpg\" class=\"aligncenter size-medium wp-image-68817\" src=\"https:\/\/www.hoymercedes.com.ar\/principal\/wp-content\/uploads\/2017\/10\/25-LiteralMAMMbo-Octubre-630x473.jpg\" alt=\"\" width=\"630\" height=\"473\" srcset=\"https:\/\/www.hoymercedes.com.ar\/principal\/wp-content\/uploads\/2017\/10\/25-LiteralMAMMbo-Octubre.jpg 630w, https:\/\/www.hoymercedes.com.ar\/principal\/wp-content\/uploads\/2017\/10\/25-LiteralMAMMbo-Octubre-150x113.jpg 150w\" sizes=\"auto, (max-width: 630px) 100vw, 630px\" \/><\/p>\n<p>Como todos los meses, el grupo LiteralMAMMbo volvi\u00f3 a proponer el \u00faltimo s\u00e1bado en el Museo de Arte un encuentro inundado de emociones. Como las que el mismo r\u00edo genera ante sus movimientos inesperados, caducos de raz\u00f3n y generosos en cantidad de lo que quiera dar. O quitar.\u00a0El r\u00edo como forma de conexi\u00f3n entre quienes lo leen y lo escriben. El r\u00edo como parte de un todo po\u00e9tico. El r\u00edo sucio de complicidad o ajeno de intensi\u00f3n al mismo tiempo. O en tiempos desiguales. A destiempo, el r\u00edo.<\/p>\n<p>En un marco perfectamente ambientado con los elementos indispensables de los navegantes, las declaraciones de ambig\u00fcedad emocional comenzaron con la proyecci\u00f3n de un material audiovisual dedicado a Santiago Maldonado, hallado horas antes, justamente, en un r\u00edo y reconocido por su hermano el mismo s\u00e1bado.<\/p>\n<p>Sensaciones encontradas para llevar adelante un homenaje a quien actu\u00f3 como cobija de la muerte y el misterio. Pero, a la vez, un r\u00edo desesperado por vaciarse para no colaborar con el temor de que ocurriera lo peor.<\/p>\n<p>Desde las orillas del delta llegaron dos escritoras: Claudia Aboaf e In\u00e9s Kreplak. Juntas, cada una a su manera, habl\u00f3 de su relaci\u00f3n con el r\u00edo y de la necesidad de escribirlo que les gener\u00f3 su correntada. Adem\u00e1s, con la coordinaci\u00f3n de Ver\u00f3nica Mateo, hubo m\u00fasica en vivo convidando m\u00e1s r\u00edo. Por all\u00ed pasaron Mariel Solari, Daniel Capaccio, Delfina Canessa y Enzo Vivas.<\/p>\n<p>Y all\u00ed, un farol, como testigo principal del sensible encuentro que se llev\u00f3 a cabo en las primeras horas de la noche. Un sinf\u00edn de conclusiones que nacen a partir de la literatura y la m\u00fasica. Un espacio que acompa\u00f1\u00f3 el p\u00fablico que desde hace ya unos meses se pregunta qu\u00e9 propondr\u00e1n los Literales la pr\u00f3xima edici\u00f3n.<\/p>\n<p>&nbsp;<\/p>\n<p>Fuente: Prensa Municipal<\/p>\n<\/div>\n","protected":false},"excerpt":{"rendered":"<p>Escritores y m\u00fasicos convivieron en las salas del Museo de Arte en la edici\u00f3n del s\u00e1bado pasado del LiteralMAMMbo.\u00a0 Como &#8230; <a title=\"LiteralMAMMbo se dedic\u00f3 al r\u00edo\" class=\"read-more\" href=\"https:\/\/www.hoymercedes.com.ar\/principal\/2017\/10\/25\/literalmammbo-se-dedico-al-rio\/\" aria-label=\"Leer m\u00e1s sobre LiteralMAMMbo se dedic\u00f3 al r\u00edo\">Leer m\u00e1s<\/a><\/p>\n","protected":false},"author":1,"featured_media":68817,"comment_status":"closed","ping_status":"open","sticky":false,"template":"","format":"standard","meta":{"_monsterinsights_skip_tracking":false,"_monsterinsights_sitenote_active":false,"_monsterinsights_sitenote_note":"","_monsterinsights_sitenote_category":0,"jetpack_post_was_ever_published":false,"_jetpack_newsletter_access":"","_jetpack_dont_email_post_to_subs":false,"_jetpack_newsletter_tier_id":0,"_jetpack_memberships_contains_paywalled_content":false,"_jetpack_memberships_contains_paid_content":false,"footnotes":"","jetpack_publicize_message":"","jetpack_publicize_feature_enabled":true,"jetpack_social_post_already_shared":true,"jetpack_social_options":{"image_generator_settings":{"template":"highway","default_image_id":0,"font":"","enabled":false},"version":2},"_wpas_customize_per_network":false},"categories":[104],"tags":[7805,11448,8674,10],"class_list":["post-68816","post","type-post","status-publish","format-standard","has-post-thumbnail","hentry","category-cultura","tag-cultura","tag-literalmammbo","tag-mamm","tag-mercedes","generate-columns","tablet-grid-50","mobile-grid-100","grid-parent","grid-50"],"jetpack_publicize_connections":[],"jetpack_featured_media_url":"https:\/\/www.hoymercedes.com.ar\/principal\/wp-content\/uploads\/2017\/10\/25-LiteralMAMMbo-Octubre.jpg","wps_subtitle":"S\u00e1bado pasado ","jetpack_sharing_enabled":true,"_links":{"self":[{"href":"https:\/\/www.hoymercedes.com.ar\/principal\/wp-json\/wp\/v2\/posts\/68816","targetHints":{"allow":["GET"]}}],"collection":[{"href":"https:\/\/www.hoymercedes.com.ar\/principal\/wp-json\/wp\/v2\/posts"}],"about":[{"href":"https:\/\/www.hoymercedes.com.ar\/principal\/wp-json\/wp\/v2\/types\/post"}],"author":[{"embeddable":true,"href":"https:\/\/www.hoymercedes.com.ar\/principal\/wp-json\/wp\/v2\/users\/1"}],"replies":[{"embeddable":true,"href":"https:\/\/www.hoymercedes.com.ar\/principal\/wp-json\/wp\/v2\/comments?post=68816"}],"version-history":[{"count":0,"href":"https:\/\/www.hoymercedes.com.ar\/principal\/wp-json\/wp\/v2\/posts\/68816\/revisions"}],"wp:featuredmedia":[{"embeddable":true,"href":"https:\/\/www.hoymercedes.com.ar\/principal\/wp-json\/wp\/v2\/media\/68817"}],"wp:attachment":[{"href":"https:\/\/www.hoymercedes.com.ar\/principal\/wp-json\/wp\/v2\/media?parent=68816"}],"wp:term":[{"taxonomy":"category","embeddable":true,"href":"https:\/\/www.hoymercedes.com.ar\/principal\/wp-json\/wp\/v2\/categories?post=68816"},{"taxonomy":"post_tag","embeddable":true,"href":"https:\/\/www.hoymercedes.com.ar\/principal\/wp-json\/wp\/v2\/tags?post=68816"}],"curies":[{"name":"wp","href":"https:\/\/api.w.org\/{rel}","templated":true}]}}