{"id":68843,"date":"2017-10-26T15:12:53","date_gmt":"2017-10-26T18:12:53","guid":{"rendered":"http:\/\/www.hoymercedes.com.ar\/principal\/?p=68843"},"modified":"2017-10-26T15:27:45","modified_gmt":"2017-10-26T18:27:45","slug":"estudiantes-secundarios-mercedinos-participaron-del-parlamento-juvenil-del-mercosur","status":"publish","type":"post","link":"https:\/\/www.hoymercedes.com.ar\/principal\/2017\/10\/26\/estudiantes-secundarios-mercedinos-participaron-del-parlamento-juvenil-del-mercosur\/","title":{"rendered":"Estudiantes secundarios mercedinos participaron del Parlamento Juvenil del Mercosur"},"content":{"rendered":"<p><em><strong>En la jornada del martes pasado, alumnos de diferentes escuelas del nivel secundario de Mercedes dijeron presentes en el Parlamento Juvenil del Mercosur. Estudiantes de las Escuelas Secundaria 13, Secundaria 14, Secundario 3 (Nacional), Secundaria 11, T\u00e9cnica N\u00b0 1, T\u00e9cnica N\u00b0 2 y Colegio San Patricio intercambiaron proyectos con otros 1900 estudiantes de la provincia de Buenos Aires.\u00a0<\/strong><\/em><\/p>\n<p><img loading=\"lazy\" decoding=\"async\" data-attachment-id=\"68845\" data-permalink=\"https:\/\/www.hoymercedes.com.ar\/principal\/2017\/10\/26\/estudiantes-secundarios-mercedinos-participaron-del-parlamento-juvenil-del-mercosur\/26-parlamento_principal1\/#main\" data-orig-file=\"https:\/\/www.hoymercedes.com.ar\/principal\/wp-content\/uploads\/2017\/10\/26-parlamento_principal1.jpeg\" data-orig-size=\"630,412\" data-comments-opened=\"0\" data-image-meta=\"{&quot;aperture&quot;:&quot;0&quot;,&quot;credit&quot;:&quot;&quot;,&quot;camera&quot;:&quot;&quot;,&quot;caption&quot;:&quot;&quot;,&quot;created_timestamp&quot;:&quot;0&quot;,&quot;copyright&quot;:&quot;&quot;,&quot;focal_length&quot;:&quot;0&quot;,&quot;iso&quot;:&quot;0&quot;,&quot;shutter_speed&quot;:&quot;0&quot;,&quot;title&quot;:&quot;&quot;,&quot;orientation&quot;:&quot;0&quot;}\" data-image-title=\"26 parlamento_principal1\" data-image-description=\"\" data-image-caption=\"\" data-large-file=\"https:\/\/www.hoymercedes.com.ar\/principal\/wp-content\/uploads\/2017\/10\/26-parlamento_principal1.jpeg\" class=\"aligncenter size-medium wp-image-68845\" src=\"https:\/\/www.hoymercedes.com.ar\/principal\/wp-content\/uploads\/2017\/10\/26-parlamento_principal1-630x412.jpeg\" alt=\"\" width=\"630\" height=\"412\" srcset=\"https:\/\/www.hoymercedes.com.ar\/principal\/wp-content\/uploads\/2017\/10\/26-parlamento_principal1.jpeg 630w, https:\/\/www.hoymercedes.com.ar\/principal\/wp-content\/uploads\/2017\/10\/26-parlamento_principal1-150x98.jpeg 150w\" sizes=\"auto, (max-width: 630px) 100vw, 630px\" \/><\/p>\n<p>&nbsp;<\/p>\n<p>Unos 1.900 alumnos de Escuelas Secundarias de la provincia de Buenos Aires protagonizaron el Sexto Encuentro Provincial del Parlamento Juvenil del Mercosur 2017, que se realiz\u00f3 en el Pasaje Dardo Rocha de La Plata bajo el lema \u201cAbramos debate\u201d.<\/p>\n<p>Entre los estudiantes secundarios presentes participaron alumnos de las\u00a0Escuelas mercedinas Secundaria N\u00b0 13, Secundaria N\u00b0 14, Secundario N\u00b0 3 (Nacional), Secundaria N\u00b0 11, Escuela T\u00e9cnica N\u00b0 1, Escuela T\u00e9cnica N\u00b0 2 (Gowland) y Colegio San Patricio. A \u00faltimo momento no pudieron viajar estudiantes de la Secundaria N\u00b0 7 y Secundaria N\u00b0 5 (Escuela Normal).<\/p>\n<p>El protocolo provincial se elabor\u00f3 tras un debate sobre los ejes tem\u00e1ticos: g\u00e9nero, derechos humanos, j\u00f3venes y trabajo, inclusi\u00f3n educativa, participaci\u00f3n ciudadana de los j\u00f3venes y convivencia digital. Cada uno de los representantes de las diversas escuelas presentaron sus proyectos de acuerdo a las tem\u00e1ticas planteadas. Luego, en el intercambio de propuestas en peque\u00f1os grupos, se elaboraban los documentos.<\/p>\n<p>La actividad termin\u00f3 en la C\u00e1mara de Diputados donde los estudiantes redactaron y leyeron los documentos finales que ser\u00e1n presentados por una comisi\u00f3n de j\u00f3venes que representar\u00e1 a la Provincia en la etapa nacional en noviembre.<\/p>\n<p>El Parlamento Juvenil es un proyecto que se desarrolla en las Escuelas Secundarias de la Argentina, Bolivia, Brasil, Colombia y Uruguay, con el objetivo de promover espacios de participaci\u00f3n y canales de di\u00e1logo entre los j\u00f3venes en relaci\u00f3n a su desarrollo educativo y las pol\u00edticas p\u00fablicas dirigidas a este sector de la poblaci\u00f3n.<\/p>\n<p>Cabe mencionar que este a\u00f1o, entre las instancias provinciales y distritales, participaron\u00a0 45 mil j\u00f3venes de Nivel Secundario pertenecientes a 1.080 escuelas de gesti\u00f3n p\u00fablica y privada.<\/p>\n<p>Fuente: ABC.gov.ar<\/p>\n<p><img loading=\"lazy\" decoding=\"async\" data-attachment-id=\"68846\" data-permalink=\"https:\/\/www.hoymercedes.com.ar\/principal\/2017\/10\/26\/estudiantes-secundarios-mercedinos-participaron-del-parlamento-juvenil-del-mercosur\/26-parlamento_principal2\/#main\" data-orig-file=\"https:\/\/www.hoymercedes.com.ar\/principal\/wp-content\/uploads\/2017\/10\/26-parlamento_principal2.jpeg\" data-orig-size=\"630,395\" data-comments-opened=\"0\" data-image-meta=\"{&quot;aperture&quot;:&quot;0&quot;,&quot;credit&quot;:&quot;&quot;,&quot;camera&quot;:&quot;&quot;,&quot;caption&quot;:&quot;&quot;,&quot;created_timestamp&quot;:&quot;0&quot;,&quot;copyright&quot;:&quot;&quot;,&quot;focal_length&quot;:&quot;0&quot;,&quot;iso&quot;:&quot;0&quot;,&quot;shutter_speed&quot;:&quot;0&quot;,&quot;title&quot;:&quot;&quot;,&quot;orientation&quot;:&quot;0&quot;}\" data-image-title=\"26 parlamento_principal2\" data-image-description=\"\" data-image-caption=\"\" data-large-file=\"https:\/\/www.hoymercedes.com.ar\/principal\/wp-content\/uploads\/2017\/10\/26-parlamento_principal2.jpeg\" class=\"aligncenter size-medium wp-image-68846\" src=\"https:\/\/www.hoymercedes.com.ar\/principal\/wp-content\/uploads\/2017\/10\/26-parlamento_principal2-630x395.jpeg\" alt=\"\" width=\"630\" height=\"395\" srcset=\"https:\/\/www.hoymercedes.com.ar\/principal\/wp-content\/uploads\/2017\/10\/26-parlamento_principal2.jpeg 630w, https:\/\/www.hoymercedes.com.ar\/principal\/wp-content\/uploads\/2017\/10\/26-parlamento_principal2-150x94.jpeg 150w, https:\/\/www.hoymercedes.com.ar\/principal\/wp-content\/uploads\/2017\/10\/26-parlamento_principal2-400x250.jpeg 400w\" sizes=\"auto, (max-width: 630px) 100vw, 630px\" \/><\/p>\n","protected":false},"excerpt":{"rendered":"<p>En la jornada del martes pasado, alumnos de diferentes escuelas del nivel secundario de Mercedes dijeron presentes en el Parlamento &#8230; <a title=\"Estudiantes secundarios mercedinos participaron del Parlamento Juvenil del Mercosur\" class=\"read-more\" href=\"https:\/\/www.hoymercedes.com.ar\/principal\/2017\/10\/26\/estudiantes-secundarios-mercedinos-participaron-del-parlamento-juvenil-del-mercosur\/\" aria-label=\"Leer m\u00e1s sobre Estudiantes secundarios mercedinos participaron del Parlamento Juvenil del Mercosur\">Leer m\u00e1s<\/a><\/p>\n","protected":false},"author":1,"featured_media":68844,"comment_status":"closed","ping_status":"open","sticky":false,"template":"","format":"standard","meta":{"_monsterinsights_skip_tracking":false,"_monsterinsights_sitenote_active":false,"_monsterinsights_sitenote_note":"","_monsterinsights_sitenote_category":0,"jetpack_post_was_ever_published":false,"_jetpack_newsletter_access":"","_jetpack_dont_email_post_to_subs":false,"_jetpack_newsletter_tier_id":0,"_jetpack_memberships_contains_paywalled_content":false,"_jetpack_memberships_contains_paid_content":false,"footnotes":"","jetpack_publicize_message":"","jetpack_publicize_feature_enabled":true,"jetpack_social_post_already_shared":true,"jetpack_social_options":{"image_generator_settings":{"template":"highway","default_image_id":0,"font":"","enabled":false},"version":2},"_wpas_customize_per_network":false},"categories":[23],"tags":[47,829,10,10179],"class_list":["post-68843","post","type-post","status-publish","format-standard","has-post-thumbnail","hentry","category-educacion","tag-educacion-2","tag-estudiantes","tag-mercedes","tag-parlamento-juvenil-del-mercosur","generate-columns","tablet-grid-50","mobile-grid-100","grid-parent","grid-50"],"jetpack_publicize_connections":[],"jetpack_featured_media_url":"https:\/\/www.hoymercedes.com.ar\/principal\/wp-content\/uploads\/2017\/10\/26-parlamento_principal-e1509041537695.jpeg","wps_subtitle":"En La Plata","jetpack_sharing_enabled":true,"_links":{"self":[{"href":"https:\/\/www.hoymercedes.com.ar\/principal\/wp-json\/wp\/v2\/posts\/68843","targetHints":{"allow":["GET"]}}],"collection":[{"href":"https:\/\/www.hoymercedes.com.ar\/principal\/wp-json\/wp\/v2\/posts"}],"about":[{"href":"https:\/\/www.hoymercedes.com.ar\/principal\/wp-json\/wp\/v2\/types\/post"}],"author":[{"embeddable":true,"href":"https:\/\/www.hoymercedes.com.ar\/principal\/wp-json\/wp\/v2\/users\/1"}],"replies":[{"embeddable":true,"href":"https:\/\/www.hoymercedes.com.ar\/principal\/wp-json\/wp\/v2\/comments?post=68843"}],"version-history":[{"count":0,"href":"https:\/\/www.hoymercedes.com.ar\/principal\/wp-json\/wp\/v2\/posts\/68843\/revisions"}],"wp:featuredmedia":[{"embeddable":true,"href":"https:\/\/www.hoymercedes.com.ar\/principal\/wp-json\/wp\/v2\/media\/68844"}],"wp:attachment":[{"href":"https:\/\/www.hoymercedes.com.ar\/principal\/wp-json\/wp\/v2\/media?parent=68843"}],"wp:term":[{"taxonomy":"category","embeddable":true,"href":"https:\/\/www.hoymercedes.com.ar\/principal\/wp-json\/wp\/v2\/categories?post=68843"},{"taxonomy":"post_tag","embeddable":true,"href":"https:\/\/www.hoymercedes.com.ar\/principal\/wp-json\/wp\/v2\/tags?post=68843"}],"curies":[{"name":"wp","href":"https:\/\/api.w.org\/{rel}","templated":true}]}}