{"id":68850,"date":"2017-10-26T16:00:40","date_gmt":"2017-10-26T19:00:40","guid":{"rendered":"http:\/\/www.hoymercedes.com.ar\/principal\/?p=68850"},"modified":"2017-10-26T15:32:18","modified_gmt":"2017-10-26T18:32:18","slug":"concierto-juan-donalicio-y-andres-mendiola","status":"publish","type":"post","link":"https:\/\/www.hoymercedes.com.ar\/principal\/2017\/10\/26\/concierto-juan-donalicio-y-andres-mendiola\/","title":{"rendered":"Concierto Juan Donalicio y Andr\u00e9s Mendiola"},"content":{"rendered":"<p>El d\u00eda viernes 27 de octubre, a la hora 20, el profesor de m\u00fasica Juan Donalicio y su alumno Andr\u00e9s Mendiola brindar\u00e1n un concierto de piano, interpretando un repertorio que incluye obras de Chopin, Yann Tiersen, Alexander Scriabin y m\u00e1s. La entrada es libre y gratuita en el Museo de Arte Municipalidad de Mercedes, calle 23 N\u00b0 383.<\/p>\n<p><img loading=\"lazy\" decoding=\"async\" data-attachment-id=\"68853\" data-permalink=\"https:\/\/www.hoymercedes.com.ar\/principal\/2017\/10\/26\/concierto-juan-donalicio-y-andres-mendiola\/25-piano-mamm\/#main\" data-orig-file=\"https:\/\/www.hoymercedes.com.ar\/principal\/wp-content\/uploads\/2017\/10\/25-piano-mamm.jpg\" data-orig-size=\"446,630\" data-comments-opened=\"0\" data-image-meta=\"{&quot;aperture&quot;:&quot;0&quot;,&quot;credit&quot;:&quot;&quot;,&quot;camera&quot;:&quot;&quot;,&quot;caption&quot;:&quot;&quot;,&quot;created_timestamp&quot;:&quot;0&quot;,&quot;copyright&quot;:&quot;&quot;,&quot;focal_length&quot;:&quot;0&quot;,&quot;iso&quot;:&quot;0&quot;,&quot;shutter_speed&quot;:&quot;0&quot;,&quot;title&quot;:&quot;&quot;,&quot;orientation&quot;:&quot;0&quot;}\" data-image-title=\"25 piano mamm\" data-image-description=\"\" data-image-caption=\"\" data-large-file=\"https:\/\/www.hoymercedes.com.ar\/principal\/wp-content\/uploads\/2017\/10\/25-piano-mamm.jpg\" class=\"aligncenter size-medium wp-image-68853\" src=\"https:\/\/www.hoymercedes.com.ar\/principal\/wp-content\/uploads\/2017\/10\/25-piano-mamm-439x620.jpg\" alt=\"\" width=\"439\" height=\"620\" srcset=\"https:\/\/www.hoymercedes.com.ar\/principal\/wp-content\/uploads\/2017\/10\/25-piano-mamm-439x620.jpg 439w, https:\/\/www.hoymercedes.com.ar\/principal\/wp-content\/uploads\/2017\/10\/25-piano-mamm-106x150.jpg 106w, https:\/\/www.hoymercedes.com.ar\/principal\/wp-content\/uploads\/2017\/10\/25-piano-mamm.jpg 446w\" sizes=\"auto, (max-width: 439px) 100vw, 439px\" \/><\/p>\n","protected":false},"excerpt":{"rendered":"<p>El d\u00eda viernes 27 de octubre, a la hora 20, el profesor de m\u00fasica Juan Donalicio y su alumno Andr\u00e9s &#8230; <a title=\"Concierto Juan Donalicio y Andr\u00e9s Mendiola\" class=\"read-more\" href=\"https:\/\/www.hoymercedes.com.ar\/principal\/2017\/10\/26\/concierto-juan-donalicio-y-andres-mendiola\/\" aria-label=\"Leer m\u00e1s sobre Concierto Juan Donalicio y Andr\u00e9s Mendiola\">Leer m\u00e1s<\/a><\/p>\n","protected":false},"author":1,"featured_media":68853,"comment_status":"closed","ping_status":"open","sticky":false,"template":"","format":"standard","meta":{"_monsterinsights_skip_tracking":false,"_monsterinsights_sitenote_active":false,"_monsterinsights_sitenote_note":"","_monsterinsights_sitenote_category":0,"jetpack_post_was_ever_published":false,"_jetpack_newsletter_access":"","_jetpack_dont_email_post_to_subs":false,"_jetpack_newsletter_tier_id":0,"_jetpack_memberships_contains_paywalled_content":false,"_jetpack_memberships_contains_paid_content":false,"footnotes":"","jetpack_publicize_message":"","jetpack_publicize_feature_enabled":true,"jetpack_social_post_already_shared":true,"jetpack_social_options":{"image_generator_settings":{"template":"highway","default_image_id":0,"font":"","enabled":false},"version":2},"_wpas_customize_per_network":false},"categories":[104],"tags":[7805,8674,10,12128],"class_list":["post-68850","post","type-post","status-publish","format-standard","has-post-thumbnail","hentry","category-cultura","tag-cultura","tag-mamm","tag-mercedes","tag-piano","generate-columns","tablet-grid-50","mobile-grid-100","grid-parent","grid-50"],"jetpack_publicize_connections":[],"jetpack_featured_media_url":"https:\/\/www.hoymercedes.com.ar\/principal\/wp-content\/uploads\/2017\/10\/25-piano-mamm.jpg","wps_subtitle":"En el MAMM","jetpack_sharing_enabled":true,"_links":{"self":[{"href":"https:\/\/www.hoymercedes.com.ar\/principal\/wp-json\/wp\/v2\/posts\/68850","targetHints":{"allow":["GET"]}}],"collection":[{"href":"https:\/\/www.hoymercedes.com.ar\/principal\/wp-json\/wp\/v2\/posts"}],"about":[{"href":"https:\/\/www.hoymercedes.com.ar\/principal\/wp-json\/wp\/v2\/types\/post"}],"author":[{"embeddable":true,"href":"https:\/\/www.hoymercedes.com.ar\/principal\/wp-json\/wp\/v2\/users\/1"}],"replies":[{"embeddable":true,"href":"https:\/\/www.hoymercedes.com.ar\/principal\/wp-json\/wp\/v2\/comments?post=68850"}],"version-history":[{"count":0,"href":"https:\/\/www.hoymercedes.com.ar\/principal\/wp-json\/wp\/v2\/posts\/68850\/revisions"}],"wp:featuredmedia":[{"embeddable":true,"href":"https:\/\/www.hoymercedes.com.ar\/principal\/wp-json\/wp\/v2\/media\/68853"}],"wp:attachment":[{"href":"https:\/\/www.hoymercedes.com.ar\/principal\/wp-json\/wp\/v2\/media?parent=68850"}],"wp:term":[{"taxonomy":"category","embeddable":true,"href":"https:\/\/www.hoymercedes.com.ar\/principal\/wp-json\/wp\/v2\/categories?post=68850"},{"taxonomy":"post_tag","embeddable":true,"href":"https:\/\/www.hoymercedes.com.ar\/principal\/wp-json\/wp\/v2\/tags?post=68850"}],"curies":[{"name":"wp","href":"https:\/\/api.w.org\/{rel}","templated":true}]}}