{"id":68960,"date":"2017-10-31T07:31:26","date_gmt":"2017-10-31T10:31:26","guid":{"rendered":"http:\/\/www.hoymercedes.com.ar\/principal\/?p=68960"},"modified":"2017-10-30T22:29:29","modified_gmt":"2017-10-31T01:29:29","slug":"en-futbol-femenino-alfa-y-el-fronton-ya-estan-clasificados-a-semifinales","status":"publish","type":"post","link":"https:\/\/www.hoymercedes.com.ar\/principal\/2017\/10\/31\/en-futbol-femenino-alfa-y-el-fronton-ya-estan-clasificados-a-semifinales\/","title":{"rendered":"En F\u00fatbol Femenino, ALFA y El Front\u00f3n ya est\u00e1n clasificados a semifinales"},"content":{"rendered":"<p><em><strong>Ser\u00e1n cuatro los equipos que pasen a la instancia de semifinales del torneo de Primera Divisi\u00f3n del F\u00fatbol Femenino de la Liga Mercedina y ya hay dos que tienen los pasajes asegurados. Tras los resultados del fin de semana, El Front\u00f3n, con la derrota de Comunicaciones ante Defensores, qued\u00f3 clasificado, mientras que ALFA venci\u00f3 y es el que pasa como l\u00edder de la Zona B. Mercedes, en la C, empat\u00f3 ante Uni\u00f3n y sigue con chances de clasificar, ya que en la pr\u00f3xima fecha se medir\u00e1 ante V\u00e9lez y de vencerlo, pasar\u00e1 como el mejor del grupo.<\/strong><\/em><\/p>\n<p>La \u00faltima fecha, adem\u00e1s de clasificar al mejor de la Zona C, tambi\u00e9n dir\u00e1 quien es el mejor segundo y en este sentido Comunicaciones y Uni\u00f3n ya no tienen chances de lograrlo, mientras que la pelea quedar\u00e1 para Defensores, Estudiantes, Programa Envi\u00f3n, y el que no sea el mejor de V\u00e9lez y Mercedes.<\/p>\n<p><strong>ALFA: -2-;<\/strong>\u00a0Patricia Barzola, Victoria Mu\u00f1oz<br \/>\n<strong>PROGRAMA ENVION: -0-<\/strong><\/p>\n<p><strong>MERCEDES: -0-<br \/>\nUNION: -0-<\/strong><\/p>\n<p><strong>COMUNICACIONES: -1-;<\/strong>\u00a0Amparo D\u00edaz<br \/>\n<strong>DEFENSORES JUNIORS: -2-;<\/strong>\u00a0Jorgelina Landini (2)<\/p>\n<p><em><strong>Pr\u00f3xima fecha: \u00faltima ronda clasificaci\u00f3n<\/strong><\/em><br \/>\nEl Front\u00f3n Vs. Defensores<br \/>\nEstudiantes Vs. Envi\u00f3n<br \/>\nV\u00e9lez Vs. Mercedes<\/p>\n<p>&nbsp;<\/p>\n<p><img loading=\"lazy\" decoding=\"async\" data-attachment-id=\"68961\" data-permalink=\"https:\/\/www.hoymercedes.com.ar\/principal\/2017\/10\/31\/en-futbol-femenino-alfa-y-el-fronton-ya-estan-clasificados-a-semifinales\/primera-100\/#main\" data-orig-file=\"https:\/\/www.hoymercedes.com.ar\/principal\/wp-content\/uploads\/2017\/10\/PRIMERA-4.png\" data-orig-size=\"490,367\" data-comments-opened=\"0\" data-image-meta=\"{&quot;aperture&quot;:&quot;0&quot;,&quot;credit&quot;:&quot;&quot;,&quot;camera&quot;:&quot;&quot;,&quot;caption&quot;:&quot;&quot;,&quot;created_timestamp&quot;:&quot;0&quot;,&quot;copyright&quot;:&quot;&quot;,&quot;focal_length&quot;:&quot;0&quot;,&quot;iso&quot;:&quot;0&quot;,&quot;shutter_speed&quot;:&quot;0&quot;,&quot;title&quot;:&quot;&quot;,&quot;orientation&quot;:&quot;0&quot;}\" data-image-title=\"PRIMERA\" data-image-description=\"\" data-image-caption=\"\" data-large-file=\"https:\/\/www.hoymercedes.com.ar\/principal\/wp-content\/uploads\/2017\/10\/PRIMERA-4.png\" class=\"aligncenter size-full wp-image-68961\" src=\"https:\/\/www.hoymercedes.com.ar\/principal\/wp-content\/uploads\/2017\/10\/PRIMERA-4.png\" alt=\"\" width=\"490\" height=\"367\" srcset=\"https:\/\/www.hoymercedes.com.ar\/principal\/wp-content\/uploads\/2017\/10\/PRIMERA-4.png 490w, https:\/\/www.hoymercedes.com.ar\/principal\/wp-content\/uploads\/2017\/10\/PRIMERA-4-150x112.png 150w\" sizes=\"auto, (max-width: 490px) 100vw, 490px\" \/> <img loading=\"lazy\" decoding=\"async\" data-attachment-id=\"68962\" data-permalink=\"https:\/\/www.hoymercedes.com.ar\/principal\/2017\/10\/31\/en-futbol-femenino-alfa-y-el-fronton-ya-estan-clasificados-a-semifinales\/goles-primera-8\/#main\" data-orig-file=\"https:\/\/www.hoymercedes.com.ar\/principal\/wp-content\/uploads\/2017\/10\/Goles-Primera-2.png\" data-orig-size=\"307,410\" data-comments-opened=\"0\" data-image-meta=\"{&quot;aperture&quot;:&quot;0&quot;,&quot;credit&quot;:&quot;&quot;,&quot;camera&quot;:&quot;&quot;,&quot;caption&quot;:&quot;&quot;,&quot;created_timestamp&quot;:&quot;0&quot;,&quot;copyright&quot;:&quot;&quot;,&quot;focal_length&quot;:&quot;0&quot;,&quot;iso&quot;:&quot;0&quot;,&quot;shutter_speed&quot;:&quot;0&quot;,&quot;title&quot;:&quot;&quot;,&quot;orientation&quot;:&quot;0&quot;}\" data-image-title=\"Goles Primera\" data-image-description=\"\" data-image-caption=\"\" data-large-file=\"https:\/\/www.hoymercedes.com.ar\/principal\/wp-content\/uploads\/2017\/10\/Goles-Primera-2.png\" class=\"aligncenter size-medium wp-image-68962\" src=\"https:\/\/www.hoymercedes.com.ar\/principal\/wp-content\/uploads\/2017\/10\/Goles-Primera-2.png\" alt=\"\" width=\"307\" height=\"410\" srcset=\"https:\/\/www.hoymercedes.com.ar\/principal\/wp-content\/uploads\/2017\/10\/Goles-Primera-2.png 307w, https:\/\/www.hoymercedes.com.ar\/principal\/wp-content\/uploads\/2017\/10\/Goles-Primera-2-112x150.png 112w\" sizes=\"auto, (max-width: 307px) 100vw, 307px\" \/><\/p>\n","protected":false},"excerpt":{"rendered":"<p>Ser\u00e1n cuatro los equipos que pasen a la instancia de semifinales del torneo de Primera Divisi\u00f3n del F\u00fatbol Femenino de &#8230; <a title=\"En F\u00fatbol Femenino, ALFA y El Front\u00f3n ya est\u00e1n clasificados a semifinales\" class=\"read-more\" href=\"https:\/\/www.hoymercedes.com.ar\/principal\/2017\/10\/31\/en-futbol-femenino-alfa-y-el-fronton-ya-estan-clasificados-a-semifinales\/\" aria-label=\"Leer m\u00e1s sobre En F\u00fatbol Femenino, ALFA y El Front\u00f3n ya est\u00e1n clasificados a semifinales\">Leer m\u00e1s<\/a><\/p>\n","protected":false},"author":1,"featured_media":68961,"comment_status":"closed","ping_status":"open","sticky":false,"template":"","format":"standard","meta":{"_monsterinsights_skip_tracking":false,"_monsterinsights_sitenote_active":false,"_monsterinsights_sitenote_note":"","_monsterinsights_sitenote_category":0,"jetpack_post_was_ever_published":false,"_jetpack_newsletter_access":"","_jetpack_dont_email_post_to_subs":false,"_jetpack_newsletter_tier_id":0,"_jetpack_memberships_contains_paywalled_content":false,"_jetpack_memberships_contains_paid_content":false,"footnotes":"","jetpack_publicize_message":"","jetpack_publicize_feature_enabled":true,"jetpack_social_post_already_shared":true,"jetpack_social_options":{"image_generator_settings":{"template":"highway","default_image_id":0,"font":"","enabled":false},"version":2},"_wpas_customize_per_network":false},"categories":[21],"tags":[11322,204,1812,895,1901,10],"class_list":["post-68960","post","type-post","status-publish","format-standard","has-post-thumbnail","hentry","category-deportes","tag-alfa","tag-deportes-2","tag-el-fronton","tag-futbol-femenino","tag-liga-mercedina","tag-mercedes","generate-columns","tablet-grid-50","mobile-grid-100","grid-parent","grid-50"],"jetpack_publicize_connections":[],"jetpack_featured_media_url":"https:\/\/www.hoymercedes.com.ar\/principal\/wp-content\/uploads\/2017\/10\/PRIMERA-4.png","wps_subtitle":"Liga Mercedina","jetpack_sharing_enabled":true,"_links":{"self":[{"href":"https:\/\/www.hoymercedes.com.ar\/principal\/wp-json\/wp\/v2\/posts\/68960","targetHints":{"allow":["GET"]}}],"collection":[{"href":"https:\/\/www.hoymercedes.com.ar\/principal\/wp-json\/wp\/v2\/posts"}],"about":[{"href":"https:\/\/www.hoymercedes.com.ar\/principal\/wp-json\/wp\/v2\/types\/post"}],"author":[{"embeddable":true,"href":"https:\/\/www.hoymercedes.com.ar\/principal\/wp-json\/wp\/v2\/users\/1"}],"replies":[{"embeddable":true,"href":"https:\/\/www.hoymercedes.com.ar\/principal\/wp-json\/wp\/v2\/comments?post=68960"}],"version-history":[{"count":0,"href":"https:\/\/www.hoymercedes.com.ar\/principal\/wp-json\/wp\/v2\/posts\/68960\/revisions"}],"wp:featuredmedia":[{"embeddable":true,"href":"https:\/\/www.hoymercedes.com.ar\/principal\/wp-json\/wp\/v2\/media\/68961"}],"wp:attachment":[{"href":"https:\/\/www.hoymercedes.com.ar\/principal\/wp-json\/wp\/v2\/media?parent=68960"}],"wp:term":[{"taxonomy":"category","embeddable":true,"href":"https:\/\/www.hoymercedes.com.ar\/principal\/wp-json\/wp\/v2\/categories?post=68960"},{"taxonomy":"post_tag","embeddable":true,"href":"https:\/\/www.hoymercedes.com.ar\/principal\/wp-json\/wp\/v2\/tags?post=68960"}],"curies":[{"name":"wp","href":"https:\/\/api.w.org\/{rel}","templated":true}]}}