{"id":68972,"date":"2017-11-01T07:15:55","date_gmt":"2017-11-01T10:15:55","guid":{"rendered":"http:\/\/www.hoymercedes.com.ar\/principal\/?p=68972"},"modified":"2017-10-31T23:12:29","modified_gmt":"2017-11-01T02:12:29","slug":"buena-actuacion-mercedina-en-el-circuito-de-baradero","status":"publish","type":"post","link":"https:\/\/www.hoymercedes.com.ar\/principal\/2017\/11\/01\/buena-actuacion-mercedina-en-el-circuito-de-baradero\/","title":{"rendered":"Buena actuaci\u00f3n mercedina en el circuito de Baradero"},"content":{"rendered":"<p><strong>MX La Revista.<\/strong> <em><strong>Entre s\u00e1bado y domingo se llev\u00f3 adelante en el circuito Barrancas de Baradero una nueva fecha del certamen provincial de Motocross. El MX del Norte pas\u00f3 por este trazado por tercera vez en las \u00faltimas siete temporadas. All\u00ed estuvieron todas las categor\u00edas brindando un interesante espect\u00e1culo con carreras atractivas que ya hab\u00edan comenzado el s\u00e1bado y presentaban una especie de revancha para las definiciones del domingo.<\/strong><\/em><\/p>\n<p><img loading=\"lazy\" decoding=\"async\" data-attachment-id=\"68973\" data-permalink=\"https:\/\/www.hoymercedes.com.ar\/principal\/2017\/11\/01\/buena-actuacion-mercedina-en-el-circuito-de-baradero\/mxenbaradero\/#main\" data-orig-file=\"https:\/\/www.hoymercedes.com.ar\/principal\/wp-content\/uploads\/2017\/10\/MXENBARADERO.jpg\" data-orig-size=\"512,361\" data-comments-opened=\"0\" data-image-meta=\"{&quot;aperture&quot;:&quot;0&quot;,&quot;credit&quot;:&quot;&quot;,&quot;camera&quot;:&quot;&quot;,&quot;caption&quot;:&quot;&quot;,&quot;created_timestamp&quot;:&quot;0&quot;,&quot;copyright&quot;:&quot;&quot;,&quot;focal_length&quot;:&quot;0&quot;,&quot;iso&quot;:&quot;0&quot;,&quot;shutter_speed&quot;:&quot;0&quot;,&quot;title&quot;:&quot;&quot;,&quot;orientation&quot;:&quot;0&quot;}\" data-image-title=\"MXENBARADERO\" data-image-description=\"\" data-image-caption=\"\" data-large-file=\"https:\/\/www.hoymercedes.com.ar\/principal\/wp-content\/uploads\/2017\/10\/MXENBARADERO.jpg\" class=\"aligncenter size-full wp-image-68973\" src=\"https:\/\/www.hoymercedes.com.ar\/principal\/wp-content\/uploads\/2017\/10\/MXENBARADERO.jpg\" alt=\"\" width=\"512\" height=\"361\" srcset=\"https:\/\/www.hoymercedes.com.ar\/principal\/wp-content\/uploads\/2017\/10\/MXENBARADERO.jpg 512w, https:\/\/www.hoymercedes.com.ar\/principal\/wp-content\/uploads\/2017\/10\/MXENBARADERO-150x106.jpg 150w, https:\/\/www.hoymercedes.com.ar\/principal\/wp-content\/uploads\/2017\/10\/MXENBARADERO-140x100.jpg 140w\" sizes=\"auto, (max-width: 512px) 100vw, 512px\" \/><\/p>\n<p>Ya hemos hablado de lo sucedido con el Minicross donde Felipe \u00c1lvarez en Minicross B y Juli\u00e1n Garrido en 65 cc, se hab\u00edan quedado con sendas victorias. Pero vayamos a las categor\u00edas que definieron la historia de la s\u00e9ptima fecha. La Promocional tuvo en esta oportunidad a su cargo la apertura de la acci\u00f3n. Una clara victoria de Diego Astudillo el s\u00e1bado, y triunfo para Marcelo Lombardo el domingo.<\/p>\n<p>El de la Costa Atl\u00e1ntica iba a ser el due\u00f1o de la general, secundado por Mat\u00edas Cabrera, Francisco Mosca, Joaqu\u00edn Reichel y Franco Colombo. En tanto los Debutantes tambi\u00e9n hicieron un gran papel. Dos buenas mangas brindaron con triunfos de Emilio Faga y Lucas Llambi que se iban a quedar con el primer y segundo lugar respectivamente de la general.<\/p>\n<p>Completando la zona de podio en los primeros cinco puestos estuvieron Agust\u00edn Campora, Juan Pablo Pira y Mateo Giampietro. En la categor\u00eda 85 B, Tomas Brazao pudo sumar la totalidad de los puntos y en tal sentido sacar una diferencia que lo consagra campe\u00f3n de su divisional de manera anticipado. Mateo Campagnole y Marcos Garrido completaron el podio, en tanto Francisco De Rose fue justo ganador de la 85 A.<\/p>\n<p>La categor\u00eda Master PRO tuvo absoluto dominio de Pablo Frigerio, quien domin\u00f3 sin dificultades ambas bater\u00edas. Estanislao Salanueva y Diego Lacognata fueron segundo y tercero. En la Master A se observ\u00f3 la contundencia de Germ\u00e1n Boris, como en la B estuvo intratable el flaco Fabio Dobal. Los Expertos por su parte compartieron escenario con la Intermedia. En esta \u00faltima categor\u00eda Tomas Montes Gadda se alz\u00f3 con el 1 por sobre Tomas La Cava y Agust\u00edn Quarterolo que estuvieron cerca de la lucha.<\/p>\n<p>En MX2 repartieron mangas y puntos Benjam\u00edn Cassano y Santiago Montero, qued\u00e1ndose el primero de ellos con el triunfo de la general en Baradero. Tercero termin\u00f3 Bernardo Prostch. En MX1 quien sino. Joaqu\u00edn Poli fue claro triunfador en ambas carreras, encamin\u00e1ndose para un nuevo t\u00edtulo. Agust\u00edn Poli y Dar\u00edo Arco pulsearon por los dos escalones restantes del podio. Las definiciones se hacen esperar y llegar\u00e1n en la fecha Coronaci\u00f3n 25 y 26 de Noviembre, donde el puntaje y medio que se otorgar\u00e1, hace que las expectativas crezcan.<\/p>\n","protected":false},"excerpt":{"rendered":"<p>MX La Revista. Entre s\u00e1bado y domingo se llev\u00f3 adelante en el circuito Barrancas de Baradero una nueva fecha del &#8230; <a title=\"Buena actuaci\u00f3n mercedina en el circuito de Baradero\" class=\"read-more\" href=\"https:\/\/www.hoymercedes.com.ar\/principal\/2017\/11\/01\/buena-actuacion-mercedina-en-el-circuito-de-baradero\/\" aria-label=\"Leer m\u00e1s sobre Buena actuaci\u00f3n mercedina en el circuito de Baradero\">Leer m\u00e1s<\/a><\/p>\n","protected":false},"author":1,"featured_media":68973,"comment_status":"closed","ping_status":"open","sticky":false,"template":"","format":"standard","meta":{"_monsterinsights_skip_tracking":false,"_monsterinsights_sitenote_active":false,"_monsterinsights_sitenote_note":"","_monsterinsights_sitenote_category":0,"jetpack_post_was_ever_published":false,"_jetpack_newsletter_access":"","_jetpack_dont_email_post_to_subs":false,"_jetpack_newsletter_tier_id":0,"_jetpack_memberships_contains_paywalled_content":false,"_jetpack_memberships_contains_paid_content":false,"footnotes":"","jetpack_publicize_message":"","jetpack_publicize_feature_enabled":true,"jetpack_social_post_already_shared":true,"jetpack_social_options":{"image_generator_settings":{"template":"highway","default_image_id":0,"font":"","enabled":false},"version":2},"_wpas_customize_per_network":false},"categories":[21],"tags":[204,10,10984],"class_list":["post-68972","post","type-post","status-publish","format-standard","has-post-thumbnail","hentry","category-deportes","tag-deportes-2","tag-mercedes","tag-motocross","generate-columns","tablet-grid-50","mobile-grid-100","grid-parent","grid-50"],"jetpack_publicize_connections":[],"jetpack_featured_media_url":"https:\/\/www.hoymercedes.com.ar\/principal\/wp-content\/uploads\/2017\/10\/MXENBARADERO.jpg","wps_subtitle":"Motocross","jetpack_sharing_enabled":true,"_links":{"self":[{"href":"https:\/\/www.hoymercedes.com.ar\/principal\/wp-json\/wp\/v2\/posts\/68972","targetHints":{"allow":["GET"]}}],"collection":[{"href":"https:\/\/www.hoymercedes.com.ar\/principal\/wp-json\/wp\/v2\/posts"}],"about":[{"href":"https:\/\/www.hoymercedes.com.ar\/principal\/wp-json\/wp\/v2\/types\/post"}],"author":[{"embeddable":true,"href":"https:\/\/www.hoymercedes.com.ar\/principal\/wp-json\/wp\/v2\/users\/1"}],"replies":[{"embeddable":true,"href":"https:\/\/www.hoymercedes.com.ar\/principal\/wp-json\/wp\/v2\/comments?post=68972"}],"version-history":[{"count":0,"href":"https:\/\/www.hoymercedes.com.ar\/principal\/wp-json\/wp\/v2\/posts\/68972\/revisions"}],"wp:featuredmedia":[{"embeddable":true,"href":"https:\/\/www.hoymercedes.com.ar\/principal\/wp-json\/wp\/v2\/media\/68973"}],"wp:attachment":[{"href":"https:\/\/www.hoymercedes.com.ar\/principal\/wp-json\/wp\/v2\/media?parent=68972"}],"wp:term":[{"taxonomy":"category","embeddable":true,"href":"https:\/\/www.hoymercedes.com.ar\/principal\/wp-json\/wp\/v2\/categories?post=68972"},{"taxonomy":"post_tag","embeddable":true,"href":"https:\/\/www.hoymercedes.com.ar\/principal\/wp-json\/wp\/v2\/tags?post=68972"}],"curies":[{"name":"wp","href":"https:\/\/api.w.org\/{rel}","templated":true}]}}