{"id":68976,"date":"2017-11-01T11:50:51","date_gmt":"2017-11-01T14:50:51","guid":{"rendered":"http:\/\/www.hoymercedes.com.ar\/principal\/?p=68976"},"modified":"2017-10-31T23:35:59","modified_gmt":"2017-11-01T02:35:59","slug":"los-infantiles-del-cef-40-viajaron-a-carmen-de-areco","status":"publish","type":"post","link":"https:\/\/www.hoymercedes.com.ar\/principal\/2017\/11\/01\/los-infantiles-del-cef-40-viajaron-a-carmen-de-areco\/","title":{"rendered":"Los Infantiles del CEF 40 viajaron a Carmen de Areco"},"content":{"rendered":"<p><strong>Prensa LiMeBa. <em>En la tarde del d\u00eda martes, los alumnos de la categor\u00eda Infantil del Centro de Educaci\u00f3n F\u00edsica N\u00b040, viajaron a la ciudad de Carmen de Areco para realizar varios partidos amistosos con los chicos del Centro de Educaci\u00f3n F\u00edsica N\u00b010 de esa ciudad. La delegaci\u00f3n mercedina, fue integrada por un equipo femenino y un equipo masculino, acompa\u00f1ados por los docentes M\u00f3nica Morell y Agust\u00edn Blanco.<\/em><\/strong><\/p>\n<p><img loading=\"lazy\" decoding=\"async\" data-attachment-id=\"68982\" data-permalink=\"https:\/\/www.hoymercedes.com.ar\/principal\/2017\/11\/01\/los-infantiles-del-cef-40-viajaron-a-carmen-de-areco\/cef-carmen-de-areco-handbal\/#main\" data-orig-file=\"https:\/\/www.hoymercedes.com.ar\/principal\/wp-content\/uploads\/2017\/10\/cef-carmen-de-areco-handbal.jpg\" data-orig-size=\"960,540\" data-comments-opened=\"0\" data-image-meta=\"{&quot;aperture&quot;:&quot;0&quot;,&quot;credit&quot;:&quot;&quot;,&quot;camera&quot;:&quot;&quot;,&quot;caption&quot;:&quot;&quot;,&quot;created_timestamp&quot;:&quot;0&quot;,&quot;copyright&quot;:&quot;&quot;,&quot;focal_length&quot;:&quot;0&quot;,&quot;iso&quot;:&quot;0&quot;,&quot;shutter_speed&quot;:&quot;0&quot;,&quot;title&quot;:&quot;&quot;,&quot;orientation&quot;:&quot;0&quot;}\" data-image-title=\"cef carmen de areco handbal\" data-image-description=\"\" data-image-caption=\"\" data-large-file=\"https:\/\/www.hoymercedes.com.ar\/principal\/wp-content\/uploads\/2017\/10\/cef-carmen-de-areco-handbal.jpg\" class=\"aligncenter size-medium wp-image-68982\" src=\"https:\/\/www.hoymercedes.com.ar\/principal\/wp-content\/uploads\/2017\/10\/cef-carmen-de-areco-handbal-630x354.jpg\" alt=\"\" width=\"630\" height=\"354\" srcset=\"https:\/\/www.hoymercedes.com.ar\/principal\/wp-content\/uploads\/2017\/10\/cef-carmen-de-areco-handbal-630x354.jpg 630w, https:\/\/www.hoymercedes.com.ar\/principal\/wp-content\/uploads\/2017\/10\/cef-carmen-de-areco-handbal-150x84.jpg 150w, https:\/\/www.hoymercedes.com.ar\/principal\/wp-content\/uploads\/2017\/10\/cef-carmen-de-areco-handbal.jpg 960w\" sizes=\"auto, (max-width: 630px) 100vw, 630px\" \/><\/p>\n<p>Los equipos de ambos Centros de Educaci\u00f3n F\u00edsica disputaron varios partidos a los largo de la jornada con diferentes resultados, buscando siempre que los chicos participen la mayor cantidad de minutos en cancha, jugando, interactuando y compartiendo muchas alegr\u00edas con sus compa\u00f1eros, disfrutando del handball.<\/p>\n<p>Los equipos de handball de ambos CEF, se volver\u00e1n a reunir el pr\u00f3ximo jueves 2 de noviembre en las instalaciones del Centro de Educaci\u00f3n F\u00edsica N\u00b024 de la ciudad de San Andr\u00e9s de Giles cuando se enfrenten en un Encuentro Cuadrangular amistoso junto al CEF N\u00b0127 de San Antonio de Areco y el equipo local en las categor\u00edas Menores y Juveniles masculino.<\/p>\n<p>&nbsp;<\/p>\n","protected":false},"excerpt":{"rendered":"<p>Prensa LiMeBa. En la tarde del d\u00eda martes, los alumnos de la categor\u00eda Infantil del Centro de Educaci\u00f3n F\u00edsica N\u00b040, &#8230; <a title=\"Los Infantiles del CEF 40 viajaron a Carmen de Areco\" class=\"read-more\" href=\"https:\/\/www.hoymercedes.com.ar\/principal\/2017\/11\/01\/los-infantiles-del-cef-40-viajaron-a-carmen-de-areco\/\" aria-label=\"Leer m\u00e1s sobre Los Infantiles del CEF 40 viajaron a Carmen de Areco\">Leer m\u00e1s<\/a><\/p>\n","protected":false},"author":1,"featured_media":68982,"comment_status":"closed","ping_status":"open","sticky":false,"template":"","format":"standard","meta":{"_monsterinsights_skip_tracking":false,"_monsterinsights_sitenote_active":false,"_monsterinsights_sitenote_note":"","_monsterinsights_sitenote_category":0,"jetpack_post_was_ever_published":false,"_jetpack_newsletter_access":"","_jetpack_dont_email_post_to_subs":false,"_jetpack_newsletter_tier_id":0,"_jetpack_memberships_contains_paywalled_content":false,"_jetpack_memberships_contains_paid_content":false,"footnotes":"","jetpack_publicize_message":"","jetpack_publicize_feature_enabled":true,"jetpack_social_post_already_shared":true,"jetpack_social_options":{"image_generator_settings":{"template":"highway","default_image_id":0,"font":"","enabled":false},"version":2},"_wpas_customize_per_network":false},"categories":[21],"tags":[3169,11181,204,8487,12146,10],"class_list":["post-68976","post","type-post","status-publish","format-standard","has-post-thumbnail","hentry","category-deportes","tag-carmen-de-areco","tag-cef-n-40","tag-deportes-2","tag-handball","tag-infantiles","tag-mercedes","generate-columns","tablet-grid-50","mobile-grid-100","grid-parent","grid-50"],"jetpack_publicize_connections":[],"jetpack_featured_media_url":"https:\/\/www.hoymercedes.com.ar\/principal\/wp-content\/uploads\/2017\/10\/cef-carmen-de-areco-handbal.jpg","wps_subtitle":"Handball","jetpack_sharing_enabled":true,"_links":{"self":[{"href":"https:\/\/www.hoymercedes.com.ar\/principal\/wp-json\/wp\/v2\/posts\/68976","targetHints":{"allow":["GET"]}}],"collection":[{"href":"https:\/\/www.hoymercedes.com.ar\/principal\/wp-json\/wp\/v2\/posts"}],"about":[{"href":"https:\/\/www.hoymercedes.com.ar\/principal\/wp-json\/wp\/v2\/types\/post"}],"author":[{"embeddable":true,"href":"https:\/\/www.hoymercedes.com.ar\/principal\/wp-json\/wp\/v2\/users\/1"}],"replies":[{"embeddable":true,"href":"https:\/\/www.hoymercedes.com.ar\/principal\/wp-json\/wp\/v2\/comments?post=68976"}],"version-history":[{"count":0,"href":"https:\/\/www.hoymercedes.com.ar\/principal\/wp-json\/wp\/v2\/posts\/68976\/revisions"}],"wp:featuredmedia":[{"embeddable":true,"href":"https:\/\/www.hoymercedes.com.ar\/principal\/wp-json\/wp\/v2\/media\/68982"}],"wp:attachment":[{"href":"https:\/\/www.hoymercedes.com.ar\/principal\/wp-json\/wp\/v2\/media?parent=68976"}],"wp:term":[{"taxonomy":"category","embeddable":true,"href":"https:\/\/www.hoymercedes.com.ar\/principal\/wp-json\/wp\/v2\/categories?post=68976"},{"taxonomy":"post_tag","embeddable":true,"href":"https:\/\/www.hoymercedes.com.ar\/principal\/wp-json\/wp\/v2\/tags?post=68976"}],"curies":[{"name":"wp","href":"https:\/\/api.w.org\/{rel}","templated":true}]}}