{"id":69020,"date":"2017-11-02T11:21:24","date_gmt":"2017-11-02T14:21:24","guid":{"rendered":"http:\/\/www.hoymercedes.com.ar\/principal\/?p=69020"},"modified":"2017-11-01T22:48:01","modified_gmt":"2017-11-02T01:48:01","slug":"colectivo-itinerante-latinoamericano-converge-en-el-mamm","status":"publish","type":"post","link":"https:\/\/www.hoymercedes.com.ar\/principal\/2017\/11\/02\/colectivo-itinerante-latinoamericano-converge-en-el-mamm\/","title":{"rendered":"Colectivo Itinerante Latinoamericano converge en el MAMM"},"content":{"rendered":"<p>El Colectivo Itinerante Latinoamericano llega a Mercedes con la exposici\u00f3n ya <a href=\"https:\/\/www.hoymercedes.com.ar\/principal\/2017\/04\/26\/el-limonero-presenta-proyecto-editorial-independiente\/\" target=\"_blank\" rel=\"noopener\">anunciada\u00a0<\/a>y en el marco de su visita en la ciudad donde algunos de sus integrantes presentaron muestras individuales y <a href=\"https:\/\/www.hoymercedes.com.ar\/principal\/2017\/10\/27\/taller-de-tecnicas-mural-al-fresco-en-el-limonero\/\" target=\"_blank\" rel=\"noopener\">talleres <\/a>para los artistas pl\u00e1sticos locales. Este s\u00e1bado 4 de noviembre inauguraran \u00abConvergencia\u00bb, una muestra de artistas pl\u00e1sticos de pa\u00edses latinoamericanos en el Museo de Arte de Mercedes.<\/p>\n<p>Colectivo Itinerante Latinoamericano (CO.I.L.)\u00a0 es una agrupaci\u00f3n que est\u00e1 \u00aben constante desarrollo\u00bb y crecimiento. Al igual que permanece en la b\u00fasqueda de nuevas vertientes creadoras a trav\u00e9s del hacer y el oficio pl\u00e1stico. \u00abLa din\u00e1mica del colectivo est\u00e1 basada fundamentalmente en lo que podr\u00edamos definir como un \u201cejercicio de voluntades\u201d, convirtiendo la colaboraci\u00f3n mutua en el cimiento preponderante en cada una de las etapas del proceso. Cada exposici\u00f3n es un nuevo viaje, un nuevo desaf\u00edo, que va desde la concepci\u00f3n de la obra, pasando por el montaje, hasta llegar a la interacci\u00f3n grupal interna y con el espectador;\u00a0 ese intercambio multicultural es la columna vertebral de este proyecto\u00bb, explican los artistas incluidos en el colectivo cultural.<\/p>\n<p>A partir de la hora 20, del s\u00e1bado 4 quedar\u00e1\u00a0oficialmente inaugurada \u201cConvergencia\u201d, la primera exposici\u00f3n internacional del Museo de Arte. Artistas de pa\u00edses hermanos como Argentina, M\u00e9xico, Colombia y Venezuela se dar\u00e1n cita en el MAMM para exhibir las obras que vienen viajando por el continente.<\/p>\n<p>Antonio Mart\u00ednez, Jos\u00e9 Medina, C\u00e9sar Barrantes, Sabrina Coco, Ana Paula Hall, Miriam Pe\u00f1aranda Chadid, Brando Fern\u00e1ndez y el artista local Pablo Russo, forman este colectivo latinoamericano que crece apostando al intercambio permanente y la diversidad de miradas.<\/p>\n<p>\u201cConvergencia\u201d es la muestra que el colectivo presenta en la perla del oeste donde entrar\u00e1n en dialogo dibujos, pintura, escultura y fotograf\u00eda como pasos variados y a veces singulares, pero que entretejen y construyen un espacio, un mapa de huellas, que como transe\u00fantes de este continente recorremos y vivimos, la huella es el acto, la pr\u00e1ctica, ese esfuerzo por dejar una marca en la memoria del olvido.<\/p>\n<p>&nbsp;<\/p>\n<p>Fuente: MAMM<\/p>\n","protected":false},"excerpt":{"rendered":"<p>El Colectivo Itinerante Latinoamericano llega a Mercedes con la exposici\u00f3n ya anunciada\u00a0y en el marco de su visita en la &#8230; <a title=\"Colectivo Itinerante Latinoamericano converge en el MAMM\" class=\"read-more\" href=\"https:\/\/www.hoymercedes.com.ar\/principal\/2017\/11\/02\/colectivo-itinerante-latinoamericano-converge-en-el-mamm\/\" aria-label=\"Leer m\u00e1s sobre Colectivo Itinerante Latinoamericano converge en el MAMM\">Leer m\u00e1s<\/a><\/p>\n","protected":false},"author":1,"featured_media":69021,"comment_status":"closed","ping_status":"open","sticky":false,"template":"","format":"standard","meta":{"_monsterinsights_skip_tracking":false,"_monsterinsights_sitenote_active":false,"_monsterinsights_sitenote_note":"","_monsterinsights_sitenote_category":0,"jetpack_post_was_ever_published":false,"_jetpack_newsletter_access":"","_jetpack_dont_email_post_to_subs":false,"_jetpack_newsletter_tier_id":0,"_jetpack_memberships_contains_paywalled_content":false,"_jetpack_memberships_contains_paid_content":false,"footnotes":"","jetpack_publicize_message":"","jetpack_publicize_feature_enabled":true,"jetpack_social_post_already_shared":true,"jetpack_social_options":{"image_generator_settings":{"template":"highway","default_image_id":0,"font":"","enabled":false},"version":2},"_wpas_customize_per_network":false},"categories":[104],"tags":[12154,7805,8674,10],"class_list":["post-69020","post","type-post","status-publish","format-standard","has-post-thumbnail","hentry","category-cultura","tag-colectivo-itinerante-latinoamericano","tag-cultura","tag-mamm","tag-mercedes","generate-columns","tablet-grid-50","mobile-grid-100","grid-parent","grid-50"],"jetpack_publicize_connections":[],"jetpack_featured_media_url":"https:\/\/www.hoymercedes.com.ar\/principal\/wp-content\/uploads\/2017\/10\/2-COIL-MAMM.jpg","wps_subtitle":"Muestra desde el s\u00e1bado","jetpack_sharing_enabled":true,"_links":{"self":[{"href":"https:\/\/www.hoymercedes.com.ar\/principal\/wp-json\/wp\/v2\/posts\/69020","targetHints":{"allow":["GET"]}}],"collection":[{"href":"https:\/\/www.hoymercedes.com.ar\/principal\/wp-json\/wp\/v2\/posts"}],"about":[{"href":"https:\/\/www.hoymercedes.com.ar\/principal\/wp-json\/wp\/v2\/types\/post"}],"author":[{"embeddable":true,"href":"https:\/\/www.hoymercedes.com.ar\/principal\/wp-json\/wp\/v2\/users\/1"}],"replies":[{"embeddable":true,"href":"https:\/\/www.hoymercedes.com.ar\/principal\/wp-json\/wp\/v2\/comments?post=69020"}],"version-history":[{"count":0,"href":"https:\/\/www.hoymercedes.com.ar\/principal\/wp-json\/wp\/v2\/posts\/69020\/revisions"}],"wp:featuredmedia":[{"embeddable":true,"href":"https:\/\/www.hoymercedes.com.ar\/principal\/wp-json\/wp\/v2\/media\/69021"}],"wp:attachment":[{"href":"https:\/\/www.hoymercedes.com.ar\/principal\/wp-json\/wp\/v2\/media?parent=69020"}],"wp:term":[{"taxonomy":"category","embeddable":true,"href":"https:\/\/www.hoymercedes.com.ar\/principal\/wp-json\/wp\/v2\/categories?post=69020"},{"taxonomy":"post_tag","embeddable":true,"href":"https:\/\/www.hoymercedes.com.ar\/principal\/wp-json\/wp\/v2\/tags?post=69020"}],"curies":[{"name":"wp","href":"https:\/\/api.w.org\/{rel}","templated":true}]}}