{"id":6905,"date":"2011-09-01T21:57:12","date_gmt":"2011-09-01T21:57:12","guid":{"rendered":"http:\/\/www.hoymercedes.com.ar\/principal\/?p=6905"},"modified":"2011-09-01T21:57:12","modified_gmt":"2011-09-01T21:57:12","slug":"juan-ustarroz-se-reunio-con-referentes-barriales","status":"publish","type":"post","link":"https:\/\/www.hoymercedes.com.ar\/principal\/2011\/09\/01\/juan-ustarroz-se-reunio-con-referentes-barriales\/","title":{"rendered":"Juan Ustarroz se reuni\u00f3 con referentes barriales"},"content":{"rendered":"<p>El candidato a Intendente por el Frente Mercedino Para la Victoria, Juan Ignacio Ustarroz, se reuni\u00f3 durante la semana con diferentes l\u00edderes barriales, con la firme idea de continuar caminando la ciudad, como lo viene haciendo desde hace mucho tiempo, en lo que ya es la previa a las elecciones del 23 de octubre.<\/p>\n<p>La primera de las reuniones se realiz\u00f3 este lunes, cuando cerca de 30 referentes de barrios se acercaron al local del Frente, en 25 entre 14 y 16, para escuchar las palabras de quien gan\u00f3 las elecciones primarias.<\/p>\n<p>La idea de fondo es la de continuar lo realizado hasta el momento, e incluso superarlo, ya que en este tiempo que queda hasta las pr\u00f3ximas elecciones, Ustarroz profundizar\u00e1 la realizado, completando el recorrido por toda la ciudad.<\/p>\n<p>Llegadas las elecciones pasadas, Ustarroz reconoci\u00f3 que no hab\u00eda podido llegar a casi un 30% de la poblaci\u00f3n y es ah\u00ed donde empezar\u00e1 su recorrida post electoral, sin dejar de lado los lugares en los que ya estuvo.<\/p>\n<p>Es por eso que se reuni\u00f3 con los l\u00edderes de barrio, para desarrollar un diagrama de trabajo y un recorrido que sea eficiente para poder llegar a cada una de las casas de la ciudad, como se propuso en el inicio de su campa\u00f1a y para que, en octubre, todos los mercedinos hayan conocido a su grupo de trabajo y sus propuestas.<\/p>\n<p>Fueron muchos los barrios representados en esta reuni\u00f3n, mostrando el fuerte apoyo que tiene Juan Ustarroz en la sociedad mercedina, que qued\u00f3 demostrado el 14 de agosto pasado y que se confirm\u00f3 en estos d\u00edas, cuando desde la Junta Electoral se disiparon las dudas creadas sobre la leg\u00edtima victoria de Juani.<\/p>\n","protected":false},"excerpt":{"rendered":"<p>El candidato a Intendente por el Frente Mercedino Para la Victoria, Juan Ignacio Ustarroz, se reuni\u00f3 durante la semana con &#8230; <a title=\"Juan Ustarroz se reuni\u00f3 con referentes barriales\" class=\"read-more\" href=\"https:\/\/www.hoymercedes.com.ar\/principal\/2011\/09\/01\/juan-ustarroz-se-reunio-con-referentes-barriales\/\" aria-label=\"Leer m\u00e1s sobre Juan Ustarroz se reuni\u00f3 con referentes barriales\">Leer m\u00e1s<\/a><\/p>\n","protected":false},"author":1,"featured_media":0,"comment_status":"open","ping_status":"open","sticky":false,"template":"","format":"standard","meta":{"_monsterinsights_skip_tracking":false,"_monsterinsights_sitenote_active":false,"_monsterinsights_sitenote_note":"","_monsterinsights_sitenote_category":0,"jetpack_post_was_ever_published":false,"_jetpack_newsletter_access":"","_jetpack_dont_email_post_to_subs":false,"_jetpack_newsletter_tier_id":0,"_jetpack_memberships_contains_paywalled_content":false,"_jetpack_memberships_contains_paid_content":false,"footnotes":"","jetpack_publicize_message":"","jetpack_publicize_feature_enabled":true,"jetpack_social_post_already_shared":false,"jetpack_social_options":{"image_generator_settings":{"template":"highway","default_image_id":0,"font":"","enabled":false},"version":2},"_wpas_customize_per_network":false},"categories":[5],"tags":[1007,424],"class_list":["post-6905","post","type-post","status-publish","format-standard","hentry","category-politica","tag-frente-mercedino","tag-ustarroz","generate-columns","tablet-grid-50","mobile-grid-100","grid-parent","grid-50"],"jetpack_publicize_connections":[],"jetpack_featured_media_url":"","wps_subtitle":"","jetpack_sharing_enabled":true,"_links":{"self":[{"href":"https:\/\/www.hoymercedes.com.ar\/principal\/wp-json\/wp\/v2\/posts\/6905","targetHints":{"allow":["GET"]}}],"collection":[{"href":"https:\/\/www.hoymercedes.com.ar\/principal\/wp-json\/wp\/v2\/posts"}],"about":[{"href":"https:\/\/www.hoymercedes.com.ar\/principal\/wp-json\/wp\/v2\/types\/post"}],"author":[{"embeddable":true,"href":"https:\/\/www.hoymercedes.com.ar\/principal\/wp-json\/wp\/v2\/users\/1"}],"replies":[{"embeddable":true,"href":"https:\/\/www.hoymercedes.com.ar\/principal\/wp-json\/wp\/v2\/comments?post=6905"}],"version-history":[{"count":0,"href":"https:\/\/www.hoymercedes.com.ar\/principal\/wp-json\/wp\/v2\/posts\/6905\/revisions"}],"wp:attachment":[{"href":"https:\/\/www.hoymercedes.com.ar\/principal\/wp-json\/wp\/v2\/media?parent=6905"}],"wp:term":[{"taxonomy":"category","embeddable":true,"href":"https:\/\/www.hoymercedes.com.ar\/principal\/wp-json\/wp\/v2\/categories?post=6905"},{"taxonomy":"post_tag","embeddable":true,"href":"https:\/\/www.hoymercedes.com.ar\/principal\/wp-json\/wp\/v2\/tags?post=6905"}],"curies":[{"name":"wp","href":"https:\/\/api.w.org\/{rel}","templated":true}]}}