{"id":69083,"date":"2017-11-01T21:49:03","date_gmt":"2017-11-02T00:49:03","guid":{"rendered":"http:\/\/www.hoymercedes.com.ar\/principal\/?p=69083"},"modified":"2017-11-01T21:49:03","modified_gmt":"2017-11-02T00:49:03","slug":"despidieron-los-restos-del-jefe-de-bomberos-roberto-ferrari","status":"publish","type":"post","link":"https:\/\/www.hoymercedes.com.ar\/principal\/2017\/11\/01\/despidieron-los-restos-del-jefe-de-bomberos-roberto-ferrari\/","title":{"rendered":"Despidieron los restos del Jefe de Bomberos Roberto Ferrari"},"content":{"rendered":"<p>Emotiva fue la despedida de los restos del Jefe del Cuerpo Activo de Bomberos Voluntarios, Comandante Mayor Roberto Ferrari. En las \u00faltimas horas de la tarde de este mi\u00e9rcoles 1\u00b0 de noviembre, el cortejo f\u00fanebre parti\u00f3 del cuartel de bomberos seguido de algunos veh\u00edculos y muchos de los presentes caminando hasta la Iglesia San Luis, mientras los comerciantes de la calle 22 y de la calle 15 sal\u00edan a la vereda de sus negocios en se\u00f1al de respeto.<\/p>\n<p><img loading=\"lazy\" decoding=\"async\" data-attachment-id=\"69088\" data-permalink=\"https:\/\/www.hoymercedes.com.ar\/principal\/2017\/11\/01\/despidieron-los-restos-del-jefe-de-bomberos-roberto-ferrari\/01-despedida-ferrari-3\/#main\" data-orig-file=\"https:\/\/www.hoymercedes.com.ar\/principal\/wp-content\/uploads\/2017\/11\/01-despedida-ferrari-3.jpg\" data-orig-size=\"750,500\" data-comments-opened=\"0\" data-image-meta=\"{&quot;aperture&quot;:&quot;4&quot;,&quot;credit&quot;:&quot;SEBASTIANAMBROSSIO&quot;,&quot;camera&quot;:&quot;&quot;,&quot;caption&quot;:&quot;&quot;,&quot;created_timestamp&quot;:&quot;0&quot;,&quot;copyright&quot;:&quot;SebastianAmbrossio&quot;,&quot;focal_length&quot;:&quot;40&quot;,&quot;iso&quot;:&quot;0&quot;,&quot;shutter_speed&quot;:&quot;0.008&quot;,&quot;title&quot;:&quot;&quot;,&quot;orientation&quot;:&quot;1&quot;}\" data-image-title=\"01 despedida ferrari 3\" data-image-description=\"\" data-image-caption=\"\" data-large-file=\"https:\/\/www.hoymercedes.com.ar\/principal\/wp-content\/uploads\/2017\/11\/01-despedida-ferrari-3.jpg\" class=\"aligncenter size-medium wp-image-69088\" src=\"https:\/\/www.hoymercedes.com.ar\/principal\/wp-content\/uploads\/2017\/11\/01-despedida-ferrari-3-630x420.jpg\" alt=\"\" width=\"630\" height=\"420\" srcset=\"https:\/\/www.hoymercedes.com.ar\/principal\/wp-content\/uploads\/2017\/11\/01-despedida-ferrari-3-630x420.jpg 630w, https:\/\/www.hoymercedes.com.ar\/principal\/wp-content\/uploads\/2017\/11\/01-despedida-ferrari-3-150x100.jpg 150w, https:\/\/www.hoymercedes.com.ar\/principal\/wp-content\/uploads\/2017\/11\/01-despedida-ferrari-3-300x200.jpg 300w, https:\/\/www.hoymercedes.com.ar\/principal\/wp-content\/uploads\/2017\/11\/01-despedida-ferrari-3.jpg 750w\" sizes=\"auto, (max-width: 630px) 100vw, 630px\" \/><\/p>\n<p>En la Iglesia, el padre Mario Peralta esperaba el cortejo que acompa\u00f1aba los restos de Ferrari. Una vez en la capilla, el sacerdote habl\u00f3 del Jefe de Bomberos Voluntarios, de su entrega a la comunidad desde muy joven. Al t\u00e9rmino de las oraciones, el cortejo parti\u00f3 por calle 24 con veh\u00edculos de la cocher\u00eda que trasladaban a los familiares, detr\u00e1s\u00a0varios m\u00f3viles del cuartel de Bomberos de Mercedes y de diferentes localidades que se hicieron presentes para despedir a Roberto Ferrari, compa\u00f1ero, amigo e instructor de otros bomberos.<\/p>\n<p>El veh\u00edculo de transporte de personal de Bomberos y dos veh\u00edculos m\u00e1s cedidos por Gendarmer\u00eda, cerraban el cortejo que lleg\u00f3 hasta el cementerio municipal los veh\u00edculos particulares.<\/p>\n<p><img loading=\"lazy\" decoding=\"async\" data-attachment-id=\"69087\" data-permalink=\"https:\/\/www.hoymercedes.com.ar\/principal\/2017\/11\/01\/despidieron-los-restos-del-jefe-de-bomberos-roberto-ferrari\/01-despedida-ferrari-2\/#main\" data-orig-file=\"https:\/\/www.hoymercedes.com.ar\/principal\/wp-content\/uploads\/2017\/11\/01-despedida-ferrari-2.jpg\" data-orig-size=\"750,500\" data-comments-opened=\"0\" data-image-meta=\"{&quot;aperture&quot;:&quot;4&quot;,&quot;credit&quot;:&quot;SEBASTIANAMBROSSIO&quot;,&quot;camera&quot;:&quot;&quot;,&quot;caption&quot;:&quot;&quot;,&quot;created_timestamp&quot;:&quot;0&quot;,&quot;copyright&quot;:&quot;SebastianAmbrossio&quot;,&quot;focal_length&quot;:&quot;60&quot;,&quot;iso&quot;:&quot;0&quot;,&quot;shutter_speed&quot;:&quot;0.008&quot;,&quot;title&quot;:&quot;&quot;,&quot;orientation&quot;:&quot;1&quot;}\" data-image-title=\"01 despedida ferrari 2\" data-image-description=\"\" data-image-caption=\"\" data-large-file=\"https:\/\/www.hoymercedes.com.ar\/principal\/wp-content\/uploads\/2017\/11\/01-despedida-ferrari-2.jpg\" class=\"aligncenter size-medium wp-image-69087\" src=\"https:\/\/www.hoymercedes.com.ar\/principal\/wp-content\/uploads\/2017\/11\/01-despedida-ferrari-2-630x420.jpg\" alt=\"\" width=\"630\" height=\"420\" srcset=\"https:\/\/www.hoymercedes.com.ar\/principal\/wp-content\/uploads\/2017\/11\/01-despedida-ferrari-2-630x420.jpg 630w, https:\/\/www.hoymercedes.com.ar\/principal\/wp-content\/uploads\/2017\/11\/01-despedida-ferrari-2-150x100.jpg 150w, https:\/\/www.hoymercedes.com.ar\/principal\/wp-content\/uploads\/2017\/11\/01-despedida-ferrari-2-300x200.jpg 300w, https:\/\/www.hoymercedes.com.ar\/principal\/wp-content\/uploads\/2017\/11\/01-despedida-ferrari-2.jpg 750w\" sizes=\"auto, (max-width: 630px) 100vw, 630px\" \/><\/p>\n<p>Una vez en el pante\u00f3n algunos de los presentes dirigieron breves y emotivas palabras.\u00a0Quienes estuvieron all\u00ed fueron turn\u00e1ndose para despedir a Roberto Ferrari una vez m\u00e1s. Tras la despedida, varios fueron los Bomberos que volvieron al cuartel y \u00abcon todo el dolor a cuesta\u00bb, volvieron a trabajar para acondicionar los veh\u00edculos y el cuartel para estar preparados ante una posible salida de emergencia.<\/p>\n<p>Colaboraci\u00f3n: Graciela Medina<\/p>\n<p>Fotograf\u00edas: Sebasti\u00e1n Ambrossio<\/p>\n<p><img loading=\"lazy\" decoding=\"async\" data-attachment-id=\"69086\" data-permalink=\"https:\/\/www.hoymercedes.com.ar\/principal\/2017\/11\/01\/despidieron-los-restos-del-jefe-de-bomberos-roberto-ferrari\/01-despedida-ferrari-1\/#main\" data-orig-file=\"https:\/\/www.hoymercedes.com.ar\/principal\/wp-content\/uploads\/2017\/11\/01-despedida-ferrari-1.jpg\" data-orig-size=\"750,500\" data-comments-opened=\"0\" data-image-meta=\"{&quot;aperture&quot;:&quot;4&quot;,&quot;credit&quot;:&quot;SEBASTIANAMBROSSIO&quot;,&quot;camera&quot;:&quot;&quot;,&quot;caption&quot;:&quot;&quot;,&quot;created_timestamp&quot;:&quot;0&quot;,&quot;copyright&quot;:&quot;SebastianAmbrossio&quot;,&quot;focal_length&quot;:&quot;70&quot;,&quot;iso&quot;:&quot;0&quot;,&quot;shutter_speed&quot;:&quot;0.005&quot;,&quot;title&quot;:&quot;&quot;,&quot;orientation&quot;:&quot;1&quot;}\" data-image-title=\"01 despedida ferrari 1\" data-image-description=\"\" data-image-caption=\"\" data-large-file=\"https:\/\/www.hoymercedes.com.ar\/principal\/wp-content\/uploads\/2017\/11\/01-despedida-ferrari-1.jpg\" class=\"aligncenter size-medium wp-image-69086\" src=\"https:\/\/www.hoymercedes.com.ar\/principal\/wp-content\/uploads\/2017\/11\/01-despedida-ferrari-1-630x420.jpg\" alt=\"\" width=\"630\" height=\"420\" srcset=\"https:\/\/www.hoymercedes.com.ar\/principal\/wp-content\/uploads\/2017\/11\/01-despedida-ferrari-1-630x420.jpg 630w, https:\/\/www.hoymercedes.com.ar\/principal\/wp-content\/uploads\/2017\/11\/01-despedida-ferrari-1-150x100.jpg 150w, https:\/\/www.hoymercedes.com.ar\/principal\/wp-content\/uploads\/2017\/11\/01-despedida-ferrari-1-300x200.jpg 300w, https:\/\/www.hoymercedes.com.ar\/principal\/wp-content\/uploads\/2017\/11\/01-despedida-ferrari-1.jpg 750w\" sizes=\"auto, (max-width: 630px) 100vw, 630px\" \/><\/p>\n","protected":false},"excerpt":{"rendered":"<p>Emotiva fue la despedida de los restos del Jefe del Cuerpo Activo de Bomberos Voluntarios, Comandante Mayor Roberto Ferrari. En &#8230; <a title=\"Despidieron los restos del Jefe de Bomberos Roberto Ferrari\" class=\"read-more\" href=\"https:\/\/www.hoymercedes.com.ar\/principal\/2017\/11\/01\/despidieron-los-restos-del-jefe-de-bomberos-roberto-ferrari\/\" aria-label=\"Leer m\u00e1s sobre Despidieron los restos del Jefe de Bomberos Roberto Ferrari\">Leer m\u00e1s<\/a><\/p>\n","protected":false},"author":1,"featured_media":69085,"comment_status":"closed","ping_status":"open","sticky":false,"template":"","format":"standard","meta":{"_monsterinsights_skip_tracking":false,"_monsterinsights_sitenote_active":false,"_monsterinsights_sitenote_note":"","_monsterinsights_sitenote_category":0,"jetpack_post_was_ever_published":false,"_jetpack_newsletter_access":"","_jetpack_dont_email_post_to_subs":false,"_jetpack_newsletter_tier_id":0,"_jetpack_memberships_contains_paywalled_content":false,"_jetpack_memberships_contains_paid_content":false,"footnotes":"","jetpack_publicize_message":"","jetpack_publicize_feature_enabled":true,"jetpack_social_post_already_shared":true,"jetpack_social_options":{"image_generator_settings":{"template":"highway","default_image_id":0,"font":"","enabled":false},"version":2},"_wpas_customize_per_network":false},"categories":[8],"tags":[865,8834,10,10226],"class_list":["post-69083","post","type-post","status-publish","format-standard","has-post-thumbnail","hentry","category-sociedad","tag-bomberos-voluntarios","tag-homenaje","tag-mercedes","tag-roberto-ferrari","generate-columns","tablet-grid-50","mobile-grid-100","grid-parent","grid-50"],"jetpack_publicize_connections":[],"jetpack_featured_media_url":"https:\/\/www.hoymercedes.com.ar\/principal\/wp-content\/uploads\/2017\/11\/01-despedida-ferrari-.jpg","wps_subtitle":"Con el dolor a cuesta","jetpack_sharing_enabled":true,"_links":{"self":[{"href":"https:\/\/www.hoymercedes.com.ar\/principal\/wp-json\/wp\/v2\/posts\/69083","targetHints":{"allow":["GET"]}}],"collection":[{"href":"https:\/\/www.hoymercedes.com.ar\/principal\/wp-json\/wp\/v2\/posts"}],"about":[{"href":"https:\/\/www.hoymercedes.com.ar\/principal\/wp-json\/wp\/v2\/types\/post"}],"author":[{"embeddable":true,"href":"https:\/\/www.hoymercedes.com.ar\/principal\/wp-json\/wp\/v2\/users\/1"}],"replies":[{"embeddable":true,"href":"https:\/\/www.hoymercedes.com.ar\/principal\/wp-json\/wp\/v2\/comments?post=69083"}],"version-history":[{"count":0,"href":"https:\/\/www.hoymercedes.com.ar\/principal\/wp-json\/wp\/v2\/posts\/69083\/revisions"}],"wp:featuredmedia":[{"embeddable":true,"href":"https:\/\/www.hoymercedes.com.ar\/principal\/wp-json\/wp\/v2\/media\/69085"}],"wp:attachment":[{"href":"https:\/\/www.hoymercedes.com.ar\/principal\/wp-json\/wp\/v2\/media?parent=69083"}],"wp:term":[{"taxonomy":"category","embeddable":true,"href":"https:\/\/www.hoymercedes.com.ar\/principal\/wp-json\/wp\/v2\/categories?post=69083"},{"taxonomy":"post_tag","embeddable":true,"href":"https:\/\/www.hoymercedes.com.ar\/principal\/wp-json\/wp\/v2\/tags?post=69083"}],"curies":[{"name":"wp","href":"https:\/\/api.w.org\/{rel}","templated":true}]}}