{"id":69094,"date":"2017-11-01T22:14:42","date_gmt":"2017-11-02T01:14:42","guid":{"rendered":"http:\/\/www.hoymercedes.com.ar\/principal\/?p=69094"},"modified":"2017-11-01T22:14:42","modified_gmt":"2017-11-02T01:14:42","slug":"todo-listo-para-un-nuevo-ciclo-de-exitoso-camino-de-los-bodegones","status":"publish","type":"post","link":"https:\/\/www.hoymercedes.com.ar\/principal\/2017\/11\/01\/todo-listo-para-un-nuevo-ciclo-de-exitoso-camino-de-los-bodegones\/","title":{"rendered":"Todo listo para un nuevo ciclo de exitoso \u201cCamino de los Bodegones\u201d"},"content":{"rendered":"<p>&nbsp;<\/p>\n<p>&nbsp;<\/p>\n<p><span class=\"embed-youtube\" style=\"text-align:center; display: block;\"><iframe loading=\"lazy\" class=\"youtube-player\" width=\"1200\" height=\"675\" src=\"https:\/\/www.youtube.com\/embed\/jSjtq5ZGMbY?version=3&#038;rel=1&#038;showsearch=0&#038;showinfo=1&#038;iv_load_policy=1&#038;fs=1&#038;hl=es-ES&#038;autohide=2&#038;wmode=transparent\" allowfullscreen=\"true\" style=\"border:0;\" sandbox=\"allow-scripts allow-same-origin allow-popups allow-presentation allow-popups-to-escape-sandbox\"><\/iframe><\/span><\/p>\n<p>M\u00fasica, arte, historia, encuentro, todos los condimentos para el segundo ciclo del a\u00f1o de \u201cCamino de los Bodegones\u201d. La propuesta busca potenciar el encuentro entre amigos, familiares, el arribo de turistas, dar un apoyo al comercio local y poner nuevamente en escena lo mejor de nuestros bodegones y tradici\u00f3n. Para Ustarroz es muy bueno contar con espacios de \u201crecreaci\u00f3n a la vez que se promociona nuestra ciudad\u201d.<\/p>\n<p><strong>Segunda en el a\u00f1o<\/strong><\/p>\n<p>Ante los medios de comunicaci\u00f3n el Director de Turismo, Manuel Risso, record\u00f3 que \u201cen marzo tuvimos la primera edici\u00f3n de este a\u00f1o del Camino del los Bodegones y como ha sido un \u00e9xito decidimos hacerla en noviembre con el clima m\u00e1s lindo. En esta edici\u00f3n hemos incorporado a las Pulper\u00eda que por la \u00faltima inundaci\u00f3n en el mes de marzo a\u00fan estaba cerrada y tambi\u00e9n hemos incorporado al Trompez\u00f3n, que es un t\u00edpico bar de campo, uno de los m\u00e1s lindos bodegones de la ciudad. Estamos contentos con este nuevo encuentro y esperamos que este sea igual o mejor que el anterior\u00bb, sostuvo el responsable de la cartera tur\u00edstica municipal.<\/p>\n<figure id=\"attachment_69095\" aria-describedby=\"caption-attachment-69095\" style=\"width: 620px\" class=\"wp-caption aligncenter\"><img loading=\"lazy\" decoding=\"async\" data-attachment-id=\"69095\" data-permalink=\"https:\/\/www.hoymercedes.com.ar\/principal\/2017\/11\/01\/todo-listo-para-un-nuevo-ciclo-de-exitoso-camino-de-los-bodegones\/bodegones-1\/#main\" data-orig-file=\"https:\/\/www.hoymercedes.com.ar\/principal\/wp-content\/uploads\/2017\/11\/Bodegones-1.jpg\" data-orig-size=\"880,588\" data-comments-opened=\"0\" data-image-meta=\"{&quot;aperture&quot;:&quot;0&quot;,&quot;credit&quot;:&quot;&quot;,&quot;camera&quot;:&quot;&quot;,&quot;caption&quot;:&quot;&quot;,&quot;created_timestamp&quot;:&quot;0&quot;,&quot;copyright&quot;:&quot;&quot;,&quot;focal_length&quot;:&quot;0&quot;,&quot;iso&quot;:&quot;0&quot;,&quot;shutter_speed&quot;:&quot;0&quot;,&quot;title&quot;:&quot;&quot;,&quot;orientation&quot;:&quot;0&quot;}\" data-image-title=\"Bodegones-1\" data-image-description=\"\" data-image-caption=\"&lt;p&gt;Presentaci\u00f3n del \u00abCamino de los Bodegones\u00bb &lt;\/p&gt;\n\" data-large-file=\"https:\/\/www.hoymercedes.com.ar\/principal\/wp-content\/uploads\/2017\/11\/Bodegones-1.jpg\" class=\"size-medium wp-image-69095\" src=\"https:\/\/www.hoymercedes.com.ar\/principal\/wp-content\/uploads\/2017\/11\/Bodegones-1-630x421.jpg\" alt=\"\" width=\"630\" height=\"421\" srcset=\"https:\/\/www.hoymercedes.com.ar\/principal\/wp-content\/uploads\/2017\/11\/Bodegones-1-630x421.jpg 630w, https:\/\/www.hoymercedes.com.ar\/principal\/wp-content\/uploads\/2017\/11\/Bodegones-1-150x100.jpg 150w, https:\/\/www.hoymercedes.com.ar\/principal\/wp-content\/uploads\/2017\/11\/Bodegones-1-300x200.jpg 300w, https:\/\/www.hoymercedes.com.ar\/principal\/wp-content\/uploads\/2017\/11\/Bodegones-1.jpg 880w\" sizes=\"auto, (max-width: 630px) 100vw, 630px\" \/><figcaption id=\"caption-attachment-69095\" class=\"wp-caption-text\">Presentaci\u00f3n del \u00abCamino de los Bodegones\u00bb<\/figcaption><\/figure>\n<p><strong>En conjunto <\/strong><\/p>\n<p>Por su parte, el Jefe Comunal, Juan Ignacio Ustarroz, remarc\u00f3 que \u201cquiero agradecer a la gente del Bar Laurino por recibirnos y felicitarlos porque est\u00e1 muy lindo. Somos todos conscientes que Mercedes tiene muy buenos bodegones y desde Turismo junto al Secretario de Gobierno Juan Pablo L\u00f3pez Baggio se pens\u00f3 esta idea de reiterar la actividad e impulsar y generar \u00e1mbitos culturales para dar a conocer todos nuestros bodegones para que el mercedino tenga un \u00e1mbito de recreaci\u00f3n y promocionar as\u00ed nuestra ciudad\u201d cont\u00f3 sobre un ciclo que ha sido potenciado y jerarquizado, con m\u00e1s artistas, lugares, arte y armado.<\/p>\n<p><strong>M\u00e1s espacios<\/strong><\/p>\n<p>\u201cDel 2 al 12 de noviembre vamos a estar realizando este 2\u00b0 Encuentro anual de Bodegones que tiene como objetivo estas dos cuestiones, por un lado fomentar el turismo que sabemos que es la industria sin chimenea, generando trabajo en nuestra ciudad siendo conscientes que Mercedes en t\u00e9rminos de turismo tiene que seguir trabajando y por eso nos parece que la f\u00f3rmula es \u00e9sta, del Estado junto al sector privado, acompa\u00f1\u00e1ndolo, apuntal\u00e1ndolo para generar una oferta tur\u00edstica. Ta nos acompa\u00f1a la Direcci\u00f3n de Cultura para poder desde la Municipalidad, a trav\u00e9s de los artistas locales, nutrir estos \u00e1mbitos para que la gente se acerque y salga disfrutar. Agradecemos al sector privado por acompa\u00f1ar esta propuesta que creemos beneficiosa para todos\u00bb reafirm\u00f3 el Jefe Comunal<\/p>\n<p><strong>Bodegones<\/strong><\/p>\n<p>Juan Pablo L\u00f3pez Baggio, Secretario de Gobierno, coment\u00f3 que \u201clos Bodegones tienen mucho que ver con Mercedes y con nosotros mismos, forman parte de nuestra historia y se encuentran muy arraigados en todo lo que es recreativo, por eso con mucho orgullo es que llevamos adelante esta nueva edici\u00f3n\u00bb palabras de Juan Pablo L\u00f3pez Baggio<\/p>\n<p>El representante del Bar Laurino, Oscar G\u00f3mez, sostuvo ante los medios que \u201cpara nosotros la primera experiencia fue buen\u00edsima, super\u00f3 nuestras expectativas y quisimos estar presentes en esta nueva edici\u00f3n, es muy bueno poder hacer esto, poder repetirlo y creo que suma mucho a la oferta de Mercedes\u00bb\u00a0 destac\u00f3 el encargado del tradicional bar de nuestra localidad.<\/p>\n<p><strong>Condimento especial<\/strong><\/p>\n<p>La cultura, el arte, la m\u00fasica es parte de la actividad y ante ello Luc\u00eda Capaccio sostuvo que \u201ces una propuesta amplia y siempre tratamos de sumar nuevos artistas y para este Camino de Bodegones decidimos poner a m\u00fasicos y a artistas pl\u00e1sticos que en otros eventos no lo pudimos llamar. Estamos muy contentos de poder mostrar todos nuestros talentos a la gente\u201d<\/p>\n<p><strong>La propuesta<\/strong><\/p>\n<p>El jueves 2 arranca en Bar Laurino desde 20hs con Pablo Aschero y Laura Parras, el viernes 3 en La Vieja Esquina con Pura Tierra tambi\u00e9n desde 20.00hs, Jueves 4 en Lo de Curly a las 17.00hs con Revoluci\u00f3n Folklore y Natalia Ochoa, el domingo 5 a las 17.00hs ser\u00e1 el turno de Lo de Puri con Sachapampa y Mirta Leyes. Ya la semana pr\u00f3xima retoma con el jueves\u00a0 9 a las 20hs en Vinilo con Tren Misterioso y Kitty, siguiendo el viernes 10 a las 20hs en La Pulper\u00eda con Lucas Maidana. El s\u00e1bado 11 desde 20hs en Don Oveja con M\u00fascia Latinoamericana y Marina L\u00f3pez mientras que el domingo ser\u00e1 en El Trompez\u00f3n con Santa Milonguita.<\/p>\n<p><img loading=\"lazy\" decoding=\"async\" data-attachment-id=\"69096\" data-permalink=\"https:\/\/www.hoymercedes.com.ar\/principal\/2017\/11\/01\/todo-listo-para-un-nuevo-ciclo-de-exitoso-camino-de-los-bodegones\/bodegones\/#main\" data-orig-file=\"https:\/\/www.hoymercedes.com.ar\/principal\/wp-content\/uploads\/2017\/11\/Bodegones.jpeg\" data-orig-size=\"905,1280\" data-comments-opened=\"0\" data-image-meta=\"{&quot;aperture&quot;:&quot;0&quot;,&quot;credit&quot;:&quot;&quot;,&quot;camera&quot;:&quot;&quot;,&quot;caption&quot;:&quot;&quot;,&quot;created_timestamp&quot;:&quot;0&quot;,&quot;copyright&quot;:&quot;&quot;,&quot;focal_length&quot;:&quot;0&quot;,&quot;iso&quot;:&quot;0&quot;,&quot;shutter_speed&quot;:&quot;0&quot;,&quot;title&quot;:&quot;&quot;,&quot;orientation&quot;:&quot;0&quot;}\" data-image-title=\"Bodegones\" data-image-description=\"\" data-image-caption=\"\" data-large-file=\"https:\/\/www.hoymercedes.com.ar\/principal\/wp-content\/uploads\/2017\/11\/Bodegones-724x1024.jpeg\" class=\"aligncenter size-medium wp-image-69096\" src=\"https:\/\/www.hoymercedes.com.ar\/principal\/wp-content\/uploads\/2017\/11\/Bodegones-438x620.jpeg\" alt=\"\" width=\"438\" height=\"620\" srcset=\"https:\/\/www.hoymercedes.com.ar\/principal\/wp-content\/uploads\/2017\/11\/Bodegones-438x620.jpeg 438w, https:\/\/www.hoymercedes.com.ar\/principal\/wp-content\/uploads\/2017\/11\/Bodegones-106x150.jpeg 106w, https:\/\/www.hoymercedes.com.ar\/principal\/wp-content\/uploads\/2017\/11\/Bodegones-724x1024.jpeg 724w, https:\/\/www.hoymercedes.com.ar\/principal\/wp-content\/uploads\/2017\/11\/Bodegones.jpeg 905w\" sizes=\"auto, (max-width: 438px) 100vw, 438px\" \/><\/p>\n<p>&nbsp;<\/p>\n<p><span style=\"color: #808080;\">Fuente: Municipio\u00a0<\/span><\/p>\n","protected":false},"excerpt":{"rendered":"<p>&nbsp; &nbsp; M\u00fasica, arte, historia, encuentro, todos los condimentos para el segundo ciclo del a\u00f1o de \u201cCamino de los Bodegones\u201d. &#8230; <a title=\"Todo listo para un nuevo ciclo de exitoso \u201cCamino de los Bodegones\u201d\" class=\"read-more\" href=\"https:\/\/www.hoymercedes.com.ar\/principal\/2017\/11\/01\/todo-listo-para-un-nuevo-ciclo-de-exitoso-camino-de-los-bodegones\/\" aria-label=\"Leer m\u00e1s sobre Todo listo para un nuevo ciclo de exitoso \u201cCamino de los Bodegones\u201d\">Leer m\u00e1s<\/a><\/p>\n","protected":false},"author":1,"featured_media":69096,"comment_status":"closed","ping_status":"open","sticky":false,"template":"","format":"standard","meta":{"_monsterinsights_skip_tracking":false,"_monsterinsights_sitenote_active":false,"_monsterinsights_sitenote_note":"","_monsterinsights_sitenote_category":0,"jetpack_post_was_ever_published":false,"_jetpack_newsletter_access":"","_jetpack_dont_email_post_to_subs":false,"_jetpack_newsletter_tier_id":0,"_jetpack_memberships_contains_paywalled_content":false,"_jetpack_memberships_contains_paid_content":false,"footnotes":"","jetpack_publicize_message":"","jetpack_publicize_feature_enabled":true,"jetpack_social_post_already_shared":true,"jetpack_social_options":{"image_generator_settings":{"template":"highway","default_image_id":0,"font":"","enabled":false},"version":2},"_wpas_customize_per_network":false},"categories":[104],"tags":[12164,2623,892,4180,585,11523,12165,197],"class_list":["post-69094","post","type-post","status-publish","format-standard","has-post-thumbnail","hentry","category-cultura","tag-camino-de-los-bodegones","tag-direccion-de-cultura-mercedes","tag-direccion-de-turismo-mercedes","tag-juan-pablo-lopez-baggio","tag-juan-ustarroz","tag-lucia-capacio","tag-manuel-risso","tag-municipalidad-de-mercedes","generate-columns","tablet-grid-50","mobile-grid-100","grid-parent","grid-50"],"jetpack_publicize_connections":[],"jetpack_featured_media_url":"https:\/\/www.hoymercedes.com.ar\/principal\/wp-content\/uploads\/2017\/11\/Bodegones.jpeg","wps_subtitle":"Cultura, arte, m\u00fasica y tradici\u00f3n ","jetpack_sharing_enabled":true,"_links":{"self":[{"href":"https:\/\/www.hoymercedes.com.ar\/principal\/wp-json\/wp\/v2\/posts\/69094","targetHints":{"allow":["GET"]}}],"collection":[{"href":"https:\/\/www.hoymercedes.com.ar\/principal\/wp-json\/wp\/v2\/posts"}],"about":[{"href":"https:\/\/www.hoymercedes.com.ar\/principal\/wp-json\/wp\/v2\/types\/post"}],"author":[{"embeddable":true,"href":"https:\/\/www.hoymercedes.com.ar\/principal\/wp-json\/wp\/v2\/users\/1"}],"replies":[{"embeddable":true,"href":"https:\/\/www.hoymercedes.com.ar\/principal\/wp-json\/wp\/v2\/comments?post=69094"}],"version-history":[{"count":0,"href":"https:\/\/www.hoymercedes.com.ar\/principal\/wp-json\/wp\/v2\/posts\/69094\/revisions"}],"wp:featuredmedia":[{"embeddable":true,"href":"https:\/\/www.hoymercedes.com.ar\/principal\/wp-json\/wp\/v2\/media\/69096"}],"wp:attachment":[{"href":"https:\/\/www.hoymercedes.com.ar\/principal\/wp-json\/wp\/v2\/media?parent=69094"}],"wp:term":[{"taxonomy":"category","embeddable":true,"href":"https:\/\/www.hoymercedes.com.ar\/principal\/wp-json\/wp\/v2\/categories?post=69094"},{"taxonomy":"post_tag","embeddable":true,"href":"https:\/\/www.hoymercedes.com.ar\/principal\/wp-json\/wp\/v2\/tags?post=69094"}],"curies":[{"name":"wp","href":"https:\/\/api.w.org\/{rel}","templated":true}]}}