{"id":69131,"date":"2017-11-03T11:16:12","date_gmt":"2017-11-03T14:16:12","guid":{"rendered":"http:\/\/www.hoymercedes.com.ar\/principal\/?p=69131"},"modified":"2017-11-02T19:32:50","modified_gmt":"2017-11-02T22:32:50","slug":"estudiantes-tuvo-otra-gran-jornada-en-cedep","status":"publish","type":"post","link":"https:\/\/www.hoymercedes.com.ar\/principal\/2017\/11\/03\/estudiantes-tuvo-otra-gran-jornada-en-cedep\/","title":{"rendered":"Estudiantes tuvo otra gran jornada en CEDEP"},"content":{"rendered":"<p class=\"Estilo25\"><em><strong>El s\u00e1bado 28 y domingo 29 de octubre se realizaron las \u00faltimas \u00a0jornadas de la por Cedep, fue en las instalaciones \u00a0del Club Villa Zagala y Club Las Heras respectivamente.<\/strong><\/em><\/p>\n<p><img loading=\"lazy\" decoding=\"async\" data-attachment-id=\"69134\" data-permalink=\"https:\/\/www.hoymercedes.com.ar\/principal\/2017\/11\/03\/estudiantes-tuvo-otra-gran-jornada-en-cedep\/23131293_10203993182347920_1874808345_o\/#main\" data-orig-file=\"https:\/\/www.hoymercedes.com.ar\/principal\/wp-content\/uploads\/2017\/11\/23131293_10203993182347920_1874808345_o.jpg\" data-orig-size=\"1776,999\" data-comments-opened=\"0\" data-image-meta=\"{&quot;aperture&quot;:&quot;0&quot;,&quot;credit&quot;:&quot;&quot;,&quot;camera&quot;:&quot;&quot;,&quot;caption&quot;:&quot;&quot;,&quot;created_timestamp&quot;:&quot;0&quot;,&quot;copyright&quot;:&quot;&quot;,&quot;focal_length&quot;:&quot;0&quot;,&quot;iso&quot;:&quot;0&quot;,&quot;shutter_speed&quot;:&quot;0&quot;,&quot;title&quot;:&quot;&quot;,&quot;orientation&quot;:&quot;0&quot;}\" data-image-title=\"23131293_10203993182347920_1874808345_o\" data-image-description=\"\" data-image-caption=\"\" data-large-file=\"https:\/\/www.hoymercedes.com.ar\/principal\/wp-content\/uploads\/2017\/11\/23131293_10203993182347920_1874808345_o-1024x576.jpg\" class=\"aligncenter size-medium wp-image-69134\" src=\"https:\/\/www.hoymercedes.com.ar\/principal\/wp-content\/uploads\/2017\/11\/23131293_10203993182347920_1874808345_o-630x354.jpg\" alt=\"\" width=\"630\" height=\"354\" srcset=\"https:\/\/www.hoymercedes.com.ar\/principal\/wp-content\/uploads\/2017\/11\/23131293_10203993182347920_1874808345_o-630x354.jpg 630w, https:\/\/www.hoymercedes.com.ar\/principal\/wp-content\/uploads\/2017\/11\/23131293_10203993182347920_1874808345_o-150x84.jpg 150w, https:\/\/www.hoymercedes.com.ar\/principal\/wp-content\/uploads\/2017\/11\/23131293_10203993182347920_1874808345_o-1024x576.jpg 1024w, https:\/\/www.hoymercedes.com.ar\/principal\/wp-content\/uploads\/2017\/11\/23131293_10203993182347920_1874808345_o.jpg 1776w\" sizes=\"auto, (max-width: 630px) 100vw, 630px\" \/><\/p>\n<p class=\"Estilo25\">En esta ocasi\u00f3n participaron 28 patinadoras del club Estudiantes, acompa\u00f1adas por sus t\u00e9cnicas Nacionales, Candela y Sof\u00eda Bruschi,\u00a0donde cabe destacar que la liga Cedep tiene un alto nivel de competencia donde las patinadoras de Estudiantes lograron sobresalir en cada participaci\u00f3n.<\/p>\n<p><img loading=\"lazy\" decoding=\"async\" data-attachment-id=\"69135\" data-permalink=\"https:\/\/www.hoymercedes.com.ar\/principal\/2017\/11\/03\/estudiantes-tuvo-otra-gran-jornada-en-cedep\/23134751_10203993182427922_1012303831_o\/#main\" data-orig-file=\"https:\/\/www.hoymercedes.com.ar\/principal\/wp-content\/uploads\/2017\/11\/23134751_10203993182427922_1012303831_o.jpg\" data-orig-size=\"1776,999\" data-comments-opened=\"0\" data-image-meta=\"{&quot;aperture&quot;:&quot;0&quot;,&quot;credit&quot;:&quot;&quot;,&quot;camera&quot;:&quot;&quot;,&quot;caption&quot;:&quot;&quot;,&quot;created_timestamp&quot;:&quot;0&quot;,&quot;copyright&quot;:&quot;&quot;,&quot;focal_length&quot;:&quot;0&quot;,&quot;iso&quot;:&quot;0&quot;,&quot;shutter_speed&quot;:&quot;0&quot;,&quot;title&quot;:&quot;&quot;,&quot;orientation&quot;:&quot;0&quot;}\" data-image-title=\"23134751_10203993182427922_1012303831_o\" data-image-description=\"\" data-image-caption=\"\" data-large-file=\"https:\/\/www.hoymercedes.com.ar\/principal\/wp-content\/uploads\/2017\/11\/23134751_10203993182427922_1012303831_o-1024x576.jpg\" class=\"aligncenter size-medium wp-image-69135\" src=\"https:\/\/www.hoymercedes.com.ar\/principal\/wp-content\/uploads\/2017\/11\/23134751_10203993182427922_1012303831_o-630x354.jpg\" alt=\"\" width=\"630\" height=\"354\" srcset=\"https:\/\/www.hoymercedes.com.ar\/principal\/wp-content\/uploads\/2017\/11\/23134751_10203993182427922_1012303831_o-630x354.jpg 630w, https:\/\/www.hoymercedes.com.ar\/principal\/wp-content\/uploads\/2017\/11\/23134751_10203993182427922_1012303831_o-150x84.jpg 150w, https:\/\/www.hoymercedes.com.ar\/principal\/wp-content\/uploads\/2017\/11\/23134751_10203993182427922_1012303831_o-1024x576.jpg 1024w, https:\/\/www.hoymercedes.com.ar\/principal\/wp-content\/uploads\/2017\/11\/23134751_10203993182427922_1012303831_o.jpg 1776w\" sizes=\"auto, (max-width: 630px) 100vw, 630px\" \/><\/p>\n<p class=\"Estilo25\">Los resultados obtenidos en esta oportunidad fueron los siguientes:<\/p>\n<p><strong>Iniciaci\u00f3n 6 a\u00f1os:<\/strong> Jazm\u00edn Caballero 1er puesto, Lola Ram\u00edrez 2do puesto de 6 patinadoras.<br \/>\n<strong>Iniciaci\u00f3n 8 a\u00f1os:<\/strong> Valentina Oliva 1er puesto, Felicitas Cortez 2do puesto, Agustina Araya 3er puesto, M\u00eda Lacoste 4to puesto, Valentina Lara 5to puesto, Emilia \u00a0Barreto 7mo puesto y Lourdes Galeano 8vo puesto de 17 patinadoras.<br \/>\nIniciaci\u00f3n 9 a\u00f1os: Abril Pascucciello 5to puesto de 9 patinadoras.<br \/>\n<strong>Iniciaci\u00f3n 11 a\u00f1os:<\/strong> Pau Mart\u00ednez 2do puesto, Jazm\u00edn Ramos 3er puesto y Catalina Vignati 4to puesto de 11 patinadoras.<\/p>\n<p class=\"Estilo25\"><img loading=\"lazy\" decoding=\"async\" data-attachment-id=\"69133\" data-permalink=\"https:\/\/www.hoymercedes.com.ar\/principal\/2017\/11\/03\/estudiantes-tuvo-otra-gran-jornada-en-cedep\/23131398_10203993696800781_1229866834_o\/#main\" data-orig-file=\"https:\/\/www.hoymercedes.com.ar\/principal\/wp-content\/uploads\/2017\/11\/23131398_10203993696800781_1229866834_o.jpg\" data-orig-size=\"1776,1776\" data-comments-opened=\"0\" data-image-meta=\"{&quot;aperture&quot;:&quot;0&quot;,&quot;credit&quot;:&quot;&quot;,&quot;camera&quot;:&quot;&quot;,&quot;caption&quot;:&quot;&quot;,&quot;created_timestamp&quot;:&quot;0&quot;,&quot;copyright&quot;:&quot;&quot;,&quot;focal_length&quot;:&quot;0&quot;,&quot;iso&quot;:&quot;0&quot;,&quot;shutter_speed&quot;:&quot;0&quot;,&quot;title&quot;:&quot;&quot;,&quot;orientation&quot;:&quot;0&quot;}\" data-image-title=\"23131398_10203993696800781_1229866834_o\" data-image-description=\"\" data-image-caption=\"\" data-large-file=\"https:\/\/www.hoymercedes.com.ar\/principal\/wp-content\/uploads\/2017\/11\/23131398_10203993696800781_1229866834_o-1024x1024.jpg\" class=\"aligncenter size-medium wp-image-69133\" src=\"https:\/\/www.hoymercedes.com.ar\/principal\/wp-content\/uploads\/2017\/11\/23131398_10203993696800781_1229866834_o-620x620.jpg\" alt=\"\" width=\"620\" height=\"620\" srcset=\"https:\/\/www.hoymercedes.com.ar\/principal\/wp-content\/uploads\/2017\/11\/23131398_10203993696800781_1229866834_o-620x620.jpg 620w, https:\/\/www.hoymercedes.com.ar\/principal\/wp-content\/uploads\/2017\/11\/23131398_10203993696800781_1229866834_o-150x150.jpg 150w, https:\/\/www.hoymercedes.com.ar\/principal\/wp-content\/uploads\/2017\/11\/23131398_10203993696800781_1229866834_o-1024x1024.jpg 1024w, https:\/\/www.hoymercedes.com.ar\/principal\/wp-content\/uploads\/2017\/11\/23131398_10203993696800781_1229866834_o.jpg 1776w\" sizes=\"auto, (max-width: 620px) 100vw, 620px\" \/><br \/>\n<strong>Iniciaci\u00f3n 12 a\u00f1os:<\/strong> Juana Fern\u00e1ndez campos 2do puesto y Dalila Gandino 3er puesto de 7 patinadoras.<br \/>\n<strong>Escuela Formativa 9 a\u00f1os:<\/strong> Morena Chamorro 3er puesto, Sof\u00eda Barrag\u00e1n 4to puesto y Priscila Ram\u00edrez 5to puesto de 19 patinadoras.<br \/>\n<strong>Escuela Formativa 1:<\/strong> Milagros Cobucho 1er puesto, Victoria Latapie 3er puesto, Malena Sosa 4to puesto de 25 patinadoras.<br \/>\n<strong>Escuela Formativa 12 a\u00f1os:<\/strong> Sof\u00eda Goicochea 3er puesto, Thea Fusco 4to puesto, Valentina Morales 6to puesto de entre 17 patinadoras.<br \/>\n<strong>Quinta C 14 a\u00f1os:<\/strong> Ailen Morales 1er puesto de 5 patinadoras.<br \/>\n<strong>Quinta C mayores:<\/strong> Nicole Lasalle 3er puesto de 4 patinadoras .<br \/>\n<strong>Cuarta C 15 a\u00f1os:<\/strong> Martina Carballo 1er puesto de 7 patinadoras.<br \/>\n<strong>Tercera B Juvenil:<\/strong> Sof\u00eda \u00a0Bruschi 3er puesto de 8 patinadoras.<\/p>\n<p class=\"Estilo25\">\nLa comisi\u00f3n directiva del club y sus t\u00e9cnicas felicitan a las patinadoras por su excelente desempe\u00f1o.<\/p>\n<p><img loading=\"lazy\" decoding=\"async\" data-attachment-id=\"69132\" data-permalink=\"https:\/\/www.hoymercedes.com.ar\/principal\/2017\/11\/03\/estudiantes-tuvo-otra-gran-jornada-en-cedep\/23131435_10203993182387921_1822593872_o\/#main\" data-orig-file=\"https:\/\/www.hoymercedes.com.ar\/principal\/wp-content\/uploads\/2017\/11\/23131435_10203993182387921_1822593872_o.jpg\" data-orig-size=\"999,1776\" data-comments-opened=\"0\" data-image-meta=\"{&quot;aperture&quot;:&quot;0&quot;,&quot;credit&quot;:&quot;&quot;,&quot;camera&quot;:&quot;&quot;,&quot;caption&quot;:&quot;&quot;,&quot;created_timestamp&quot;:&quot;0&quot;,&quot;copyright&quot;:&quot;&quot;,&quot;focal_length&quot;:&quot;0&quot;,&quot;iso&quot;:&quot;0&quot;,&quot;shutter_speed&quot;:&quot;0&quot;,&quot;title&quot;:&quot;&quot;,&quot;orientation&quot;:&quot;0&quot;}\" data-image-title=\"23131435_10203993182387921_1822593872_o\" data-image-description=\"\" data-image-caption=\"\" data-large-file=\"https:\/\/www.hoymercedes.com.ar\/principal\/wp-content\/uploads\/2017\/11\/23131435_10203993182387921_1822593872_o-576x1024.jpg\" class=\"aligncenter size-medium wp-image-69132\" src=\"https:\/\/www.hoymercedes.com.ar\/principal\/wp-content\/uploads\/2017\/11\/23131435_10203993182387921_1822593872_o-349x620.jpg\" alt=\"\" width=\"349\" height=\"620\" srcset=\"https:\/\/www.hoymercedes.com.ar\/principal\/wp-content\/uploads\/2017\/11\/23131435_10203993182387921_1822593872_o-349x620.jpg 349w, https:\/\/www.hoymercedes.com.ar\/principal\/wp-content\/uploads\/2017\/11\/23131435_10203993182387921_1822593872_o-84x150.jpg 84w, https:\/\/www.hoymercedes.com.ar\/principal\/wp-content\/uploads\/2017\/11\/23131435_10203993182387921_1822593872_o-576x1024.jpg 576w, https:\/\/www.hoymercedes.com.ar\/principal\/wp-content\/uploads\/2017\/11\/23131435_10203993182387921_1822593872_o.jpg 999w\" sizes=\"auto, (max-width: 349px) 100vw, 349px\" \/><\/p>\n","protected":false},"excerpt":{"rendered":"<p>El s\u00e1bado 28 y domingo 29 de octubre se realizaron las \u00faltimas \u00a0jornadas de la por Cedep, fue en las &#8230; <a title=\"Estudiantes tuvo otra gran jornada en CEDEP\" class=\"read-more\" href=\"https:\/\/www.hoymercedes.com.ar\/principal\/2017\/11\/03\/estudiantes-tuvo-otra-gran-jornada-en-cedep\/\" aria-label=\"Leer m\u00e1s sobre Estudiantes tuvo otra gran jornada en CEDEP\">Leer m\u00e1s<\/a><\/p>\n","protected":false},"author":1,"featured_media":69135,"comment_status":"closed","ping_status":"open","sticky":false,"template":"","format":"standard","meta":{"_monsterinsights_skip_tracking":false,"_monsterinsights_sitenote_active":false,"_monsterinsights_sitenote_note":"","_monsterinsights_sitenote_category":0,"jetpack_post_was_ever_published":false,"_jetpack_newsletter_access":"","_jetpack_dont_email_post_to_subs":false,"_jetpack_newsletter_tier_id":0,"_jetpack_memberships_contains_paywalled_content":false,"_jetpack_memberships_contains_paid_content":false,"footnotes":"","jetpack_publicize_message":"","jetpack_publicize_feature_enabled":true,"jetpack_social_post_already_shared":true,"jetpack_social_options":{"image_generator_settings":{"template":"highway","default_image_id":0,"font":"","enabled":false},"version":2},"_wpas_customize_per_network":false},"categories":[21],"tags":[11242,204,829,10,6702],"class_list":["post-69131","post","type-post","status-publish","format-standard","has-post-thumbnail","hentry","category-deportes","tag-cedep","tag-deportes-2","tag-estudiantes","tag-mercedes","tag-patin","generate-columns","tablet-grid-50","mobile-grid-100","grid-parent","grid-50"],"jetpack_publicize_connections":[],"jetpack_featured_media_url":"https:\/\/www.hoymercedes.com.ar\/principal\/wp-content\/uploads\/2017\/11\/23134751_10203993182427922_1012303831_o.jpg","wps_subtitle":"Pat\u00edn","jetpack_sharing_enabled":true,"_links":{"self":[{"href":"https:\/\/www.hoymercedes.com.ar\/principal\/wp-json\/wp\/v2\/posts\/69131","targetHints":{"allow":["GET"]}}],"collection":[{"href":"https:\/\/www.hoymercedes.com.ar\/principal\/wp-json\/wp\/v2\/posts"}],"about":[{"href":"https:\/\/www.hoymercedes.com.ar\/principal\/wp-json\/wp\/v2\/types\/post"}],"author":[{"embeddable":true,"href":"https:\/\/www.hoymercedes.com.ar\/principal\/wp-json\/wp\/v2\/users\/1"}],"replies":[{"embeddable":true,"href":"https:\/\/www.hoymercedes.com.ar\/principal\/wp-json\/wp\/v2\/comments?post=69131"}],"version-history":[{"count":0,"href":"https:\/\/www.hoymercedes.com.ar\/principal\/wp-json\/wp\/v2\/posts\/69131\/revisions"}],"wp:featuredmedia":[{"embeddable":true,"href":"https:\/\/www.hoymercedes.com.ar\/principal\/wp-json\/wp\/v2\/media\/69135"}],"wp:attachment":[{"href":"https:\/\/www.hoymercedes.com.ar\/principal\/wp-json\/wp\/v2\/media?parent=69131"}],"wp:term":[{"taxonomy":"category","embeddable":true,"href":"https:\/\/www.hoymercedes.com.ar\/principal\/wp-json\/wp\/v2\/categories?post=69131"},{"taxonomy":"post_tag","embeddable":true,"href":"https:\/\/www.hoymercedes.com.ar\/principal\/wp-json\/wp\/v2\/tags?post=69131"}],"curies":[{"name":"wp","href":"https:\/\/api.w.org\/{rel}","templated":true}]}}