{"id":69145,"date":"2017-11-02T22:39:25","date_gmt":"2017-11-03T01:39:25","guid":{"rendered":"http:\/\/www.hoymercedes.com.ar\/principal\/?p=69145"},"modified":"2017-11-02T19:46:11","modified_gmt":"2017-11-02T22:46:11","slug":"curiosidades-alguna-vez-condujiste-un-sulky","status":"publish","type":"post","link":"https:\/\/www.hoymercedes.com.ar\/principal\/2017\/11\/02\/curiosidades-alguna-vez-condujiste-un-sulky\/","title":{"rendered":"Curiosidades: \u00bfAlguna vez condujiste un sulky?"},"content":{"rendered":"<p>Por Fran Ferretto Fotograf\u00eda &#8211; Nac\u00ed en un pueblo y al terminar la secundaria me fui para la gran ciudad, a estudiar, a tratar de sobrevivir en el medio de esta jungla.<\/p>\n<p>Ac\u00e1 el \u201cbuenos d\u00edas\u201d parec\u00eda haber pasado de moda. Era todo tan distinto, hasta el silencio era raro. Las personas amanec\u00edan con el noticiero, en medio de tristes noticias y el pron\u00f3stico, claro. Es que en este lugar, nadie miraba al cielo la noche anterior para ver si la luna estaba con su aureola de agua, ya nadie percib\u00eda el volar de los alguaciles o el viento del este.<\/p>\n<p>Me preguntaban al o\u00edr mi tonada, si en el pueblo and\u00e1bamos en Sulky\u2026<\/p>\n<p>Carnet de Conductor _ Veh\u00edculo: Sulky _ A\u00f1o 1944<br \/>\nMunicipalidad de Mercedes \u2013 Provincia de Buenos Aires<\/p>\n<figure id=\"attachment_69146\" aria-describedby=\"caption-attachment-69146\" style=\"width: 620px\" class=\"wp-caption aligncenter\"><img loading=\"lazy\" decoding=\"async\" data-attachment-id=\"69146\" data-permalink=\"https:\/\/www.hoymercedes.com.ar\/principal\/2017\/11\/02\/curiosidades-alguna-vez-condujiste-un-sulky\/02-carnet-sulky\/#main\" data-orig-file=\"https:\/\/www.hoymercedes.com.ar\/principal\/wp-content\/uploads\/2017\/11\/02-carnet-sulky.jpg\" data-orig-size=\"750,498\" data-comments-opened=\"0\" data-image-meta=\"{&quot;aperture&quot;:&quot;0&quot;,&quot;credit&quot;:&quot;&quot;,&quot;camera&quot;:&quot;&quot;,&quot;caption&quot;:&quot;&quot;,&quot;created_timestamp&quot;:&quot;0&quot;,&quot;copyright&quot;:&quot;&quot;,&quot;focal_length&quot;:&quot;0&quot;,&quot;iso&quot;:&quot;0&quot;,&quot;shutter_speed&quot;:&quot;0&quot;,&quot;title&quot;:&quot;&quot;,&quot;orientation&quot;:&quot;0&quot;}\" data-image-title=\"02 carnet sulky\" data-image-description=\"\" data-image-caption=\"\" data-large-file=\"https:\/\/www.hoymercedes.com.ar\/principal\/wp-content\/uploads\/2017\/11\/02-carnet-sulky.jpg\" class=\"wp-image-69146 size-medium\" src=\"https:\/\/www.hoymercedes.com.ar\/principal\/wp-content\/uploads\/2017\/11\/02-carnet-sulky-630x418.jpg\" alt=\"\" width=\"630\" height=\"418\" srcset=\"https:\/\/www.hoymercedes.com.ar\/principal\/wp-content\/uploads\/2017\/11\/02-carnet-sulky-630x418.jpg 630w, https:\/\/www.hoymercedes.com.ar\/principal\/wp-content\/uploads\/2017\/11\/02-carnet-sulky-150x100.jpg 150w, https:\/\/www.hoymercedes.com.ar\/principal\/wp-content\/uploads\/2017\/11\/02-carnet-sulky-300x200.jpg 300w, https:\/\/www.hoymercedes.com.ar\/principal\/wp-content\/uploads\/2017\/11\/02-carnet-sulky.jpg 750w\" sizes=\"auto, (max-width: 630px) 100vw, 630px\" \/><figcaption id=\"caption-attachment-69146\" class=\"wp-caption-text\">Carnet de Conductor _ Veh\u00edculo: Sulky _ A\u00f1o 1944<\/figcaption><\/figure>\n","protected":false},"excerpt":{"rendered":"<p>Por Fran Ferretto Fotograf\u00eda &#8211; Nac\u00ed en un pueblo y al terminar la secundaria me fui para la gran ciudad, &#8230; <a title=\"Curiosidades: \u00bfAlguna vez condujiste un sulky?\" class=\"read-more\" href=\"https:\/\/www.hoymercedes.com.ar\/principal\/2017\/11\/02\/curiosidades-alguna-vez-condujiste-un-sulky\/\" aria-label=\"Leer m\u00e1s sobre Curiosidades: \u00bfAlguna vez condujiste un sulky?\">Leer m\u00e1s<\/a><\/p>\n","protected":false},"author":1,"featured_media":69146,"comment_status":"closed","ping_status":"open","sticky":false,"template":"","format":"standard","meta":{"_monsterinsights_skip_tracking":false,"_monsterinsights_sitenote_active":false,"_monsterinsights_sitenote_note":"","_monsterinsights_sitenote_category":0,"jetpack_post_was_ever_published":false,"_jetpack_newsletter_access":"","_jetpack_dont_email_post_to_subs":false,"_jetpack_newsletter_tier_id":0,"_jetpack_memberships_contains_paywalled_content":false,"_jetpack_memberships_contains_paid_content":false,"footnotes":"","jetpack_publicize_message":"","jetpack_publicize_feature_enabled":true,"jetpack_social_post_already_shared":true,"jetpack_social_options":{"image_generator_settings":{"template":"highway","default_image_id":0,"font":"","enabled":false},"version":2},"_wpas_customize_per_network":false},"categories":[5485],"tags":[8697,7805,10766,320,10],"class_list":["post-69145","post","type-post","status-publish","format-standard","has-post-thumbnail","hentry","category-comunidad","tag-comunidad","tag-cultura","tag-curiosidades","tag-historia","tag-mercedes","generate-columns","tablet-grid-50","mobile-grid-100","grid-parent","grid-50"],"jetpack_publicize_connections":[],"jetpack_featured_media_url":"https:\/\/www.hoymercedes.com.ar\/principal\/wp-content\/uploads\/2017\/11\/02-carnet-sulky.jpg","wps_subtitle":"Dato hist\u00f3rico","jetpack_sharing_enabled":true,"_links":{"self":[{"href":"https:\/\/www.hoymercedes.com.ar\/principal\/wp-json\/wp\/v2\/posts\/69145","targetHints":{"allow":["GET"]}}],"collection":[{"href":"https:\/\/www.hoymercedes.com.ar\/principal\/wp-json\/wp\/v2\/posts"}],"about":[{"href":"https:\/\/www.hoymercedes.com.ar\/principal\/wp-json\/wp\/v2\/types\/post"}],"author":[{"embeddable":true,"href":"https:\/\/www.hoymercedes.com.ar\/principal\/wp-json\/wp\/v2\/users\/1"}],"replies":[{"embeddable":true,"href":"https:\/\/www.hoymercedes.com.ar\/principal\/wp-json\/wp\/v2\/comments?post=69145"}],"version-history":[{"count":0,"href":"https:\/\/www.hoymercedes.com.ar\/principal\/wp-json\/wp\/v2\/posts\/69145\/revisions"}],"wp:featuredmedia":[{"embeddable":true,"href":"https:\/\/www.hoymercedes.com.ar\/principal\/wp-json\/wp\/v2\/media\/69146"}],"wp:attachment":[{"href":"https:\/\/www.hoymercedes.com.ar\/principal\/wp-json\/wp\/v2\/media?parent=69145"}],"wp:term":[{"taxonomy":"category","embeddable":true,"href":"https:\/\/www.hoymercedes.com.ar\/principal\/wp-json\/wp\/v2\/categories?post=69145"},{"taxonomy":"post_tag","embeddable":true,"href":"https:\/\/www.hoymercedes.com.ar\/principal\/wp-json\/wp\/v2\/tags?post=69145"}],"curies":[{"name":"wp","href":"https:\/\/api.w.org\/{rel}","templated":true}]}}