{"id":692,"date":"2010-11-29T03:35:13","date_gmt":"2010-11-29T03:35:13","guid":{"rendered":"http:\/\/www.hoymercedes.com.ar\/principal\/?p=692"},"modified":"2010-11-29T04:18:20","modified_gmt":"2010-11-29T04:18:20","slug":"jovenes-de-proyecto-sur-y-la-lucha-contra-el-sida","status":"publish","type":"post","link":"https:\/\/www.hoymercedes.com.ar\/principal\/2010\/11\/29\/jovenes-de-proyecto-sur-y-la-lucha-contra-el-sida\/","title":{"rendered":"J\u00f3venes de Proyecto Sur y la lucha contra el SIDA"},"content":{"rendered":"<p style=\"text-align: justify;\">El domingo en la Plaza San Mart\u00edn organizaron un espect\u00e1culo con diversos n\u00fameros art\u00edsticos para crear conciencia de un mal que aqueja al mundo sin ninguna clase de distinci\u00f3n, ante una significativa cantidad de publico, especialmente j\u00f3venes el acto de la plaza cont\u00f3 con diversos atractivos y en el centro del improvisado escenario una cama como s\u00edmbolo para la reflexi\u00f3n.<\/p>\n<p style=\"text-align: justify;\">C\u00e9sar Lalla integrante del grupo organizador manifest\u00f3 \u201cquisimos de esta manera al recordarse el d\u00eda Internacional de Lucha Contra el Sida hacer algo para que cada d\u00eda m\u00e1s tomemos conciencia de esta enfermedad que ya es directamente una pandemia en todo el mundo, para que vayamos de alguna manera desde los m\u00e1s chicos a tener la costumbre de ejercer al m\u00e1ximo todas las medidas preventivas que se recomiendan para no tener luego que lamentar cosas realmente muy tristes para toda la sociedad\u201d.<\/p>\n<p style=\"text-align: justify;\"><a href=\"https:\/\/www.hoymercedes.com.ar\/principal\/wp-content\/uploads\/2010\/11\/psur0.jpg\"><img loading=\"lazy\" decoding=\"async\" data-attachment-id=\"695\" data-permalink=\"https:\/\/www.hoymercedes.com.ar\/principal\/2010\/11\/29\/jovenes-de-proyecto-sur-y-la-lucha-contra-el-sida\/psur0\/#main\" data-orig-file=\"https:\/\/www.hoymercedes.com.ar\/principal\/wp-content\/uploads\/2010\/11\/psur0.jpg\" data-orig-size=\"500,375\" data-comments-opened=\"1\" data-image-meta=\"{&quot;aperture&quot;:&quot;2.8&quot;,&quot;credit&quot;:&quot;&quot;,&quot;camera&quot;:&quot;COOLPIX L10&quot;,&quot;caption&quot;:&quot;&quot;,&quot;created_timestamp&quot;:&quot;1290781439&quot;,&quot;copyright&quot;:&quot;Copyright 2006&quot;,&quot;focal_length&quot;:&quot;6.2&quot;,&quot;iso&quot;:&quot;100&quot;,&quot;shutter_speed&quot;:&quot;0.033333333333333&quot;,&quot;title&quot;:&quot;&quot;}\" data-image-title=\"psur0\" data-image-description=\"\" data-image-caption=\"\" data-large-file=\"https:\/\/www.hoymercedes.com.ar\/principal\/wp-content\/uploads\/2010\/11\/psur0.jpg\" class=\"aligncenter size-full wp-image-695\" title=\"psur0\" src=\"https:\/\/www.hoymercedes.com.ar\/principal\/wp-content\/uploads\/2010\/11\/psur0.jpg\" alt=\"\" width=\"500\" height=\"375\" \/><\/a><\/p>\n<p style=\"text-align: justify;\"><a href=\"https:\/\/www.hoymercedes.com.ar\/principal\/wp-content\/uploads\/2010\/11\/psur1.jpg\"><img loading=\"lazy\" decoding=\"async\" data-attachment-id=\"696\" data-permalink=\"https:\/\/www.hoymercedes.com.ar\/principal\/2010\/11\/29\/jovenes-de-proyecto-sur-y-la-lucha-contra-el-sida\/psur1\/#main\" data-orig-file=\"https:\/\/www.hoymercedes.com.ar\/principal\/wp-content\/uploads\/2010\/11\/psur1.jpg\" data-orig-size=\"500,375\" data-comments-opened=\"1\" data-image-meta=\"{&quot;aperture&quot;:&quot;2.8&quot;,&quot;credit&quot;:&quot;&quot;,&quot;camera&quot;:&quot;COOLPIX L10&quot;,&quot;caption&quot;:&quot;&quot;,&quot;created_timestamp&quot;:&quot;1290781403&quot;,&quot;copyright&quot;:&quot;Copyright 2006&quot;,&quot;focal_length&quot;:&quot;6.2&quot;,&quot;iso&quot;:&quot;200&quot;,&quot;shutter_speed&quot;:&quot;0.033333333333333&quot;,&quot;title&quot;:&quot;&quot;}\" data-image-title=\"psur1\" data-image-description=\"\" data-image-caption=\"\" data-large-file=\"https:\/\/www.hoymercedes.com.ar\/principal\/wp-content\/uploads\/2010\/11\/psur1.jpg\" class=\"aligncenter size-full wp-image-696\" title=\"psur1\" src=\"https:\/\/www.hoymercedes.com.ar\/principal\/wp-content\/uploads\/2010\/11\/psur1.jpg\" alt=\"\" width=\"500\" height=\"375\" srcset=\"https:\/\/www.hoymercedes.com.ar\/principal\/wp-content\/uploads\/2010\/11\/psur1.jpg 500w, https:\/\/www.hoymercedes.com.ar\/principal\/wp-content\/uploads\/2010\/11\/psur1-300x225.jpg 300w\" sizes=\"auto, (max-width: 500px) 100vw, 500px\" \/><\/a><\/p>\n<p style=\"text-align: justify;\"><a href=\"https:\/\/www.hoymercedes.com.ar\/principal\/wp-content\/uploads\/2010\/11\/psur0.jpg\"><img loading=\"lazy\" decoding=\"async\" data-attachment-id=\"695\" data-permalink=\"https:\/\/www.hoymercedes.com.ar\/principal\/2010\/11\/29\/jovenes-de-proyecto-sur-y-la-lucha-contra-el-sida\/psur0\/#main\" data-orig-file=\"https:\/\/www.hoymercedes.com.ar\/principal\/wp-content\/uploads\/2010\/11\/psur0.jpg\" data-orig-size=\"500,375\" data-comments-opened=\"1\" data-image-meta=\"{&quot;aperture&quot;:&quot;2.8&quot;,&quot;credit&quot;:&quot;&quot;,&quot;camera&quot;:&quot;COOLPIX L10&quot;,&quot;caption&quot;:&quot;&quot;,&quot;created_timestamp&quot;:&quot;1290781439&quot;,&quot;copyright&quot;:&quot;Copyright 2006&quot;,&quot;focal_length&quot;:&quot;6.2&quot;,&quot;iso&quot;:&quot;100&quot;,&quot;shutter_speed&quot;:&quot;0.033333333333333&quot;,&quot;title&quot;:&quot;&quot;}\" data-image-title=\"psur0\" data-image-description=\"\" data-image-caption=\"\" data-large-file=\"https:\/\/www.hoymercedes.com.ar\/principal\/wp-content\/uploads\/2010\/11\/psur0.jpg\" class=\"aligncenter size-full wp-image-695\" title=\"psur0\" src=\"https:\/\/www.hoymercedes.com.ar\/principal\/wp-content\/uploads\/2010\/11\/psur0.jpg\" alt=\"\" width=\"500\" height=\"375\" \/><\/a><\/p>\n<p style=\"text-align: justify;\">\n","protected":false},"excerpt":{"rendered":"<p>El domingo en la Plaza San Mart\u00edn organizaron un espect\u00e1culo con diversos n\u00fameros art\u00edsticos para crear conciencia de un mal &#8230; <a title=\"J\u00f3venes de Proyecto Sur y la lucha contra el SIDA\" class=\"read-more\" href=\"https:\/\/www.hoymercedes.com.ar\/principal\/2010\/11\/29\/jovenes-de-proyecto-sur-y-la-lucha-contra-el-sida\/\" aria-label=\"Leer m\u00e1s sobre J\u00f3venes de Proyecto Sur y la lucha contra el SIDA\">Leer m\u00e1s<\/a><\/p>\n","protected":false},"author":1,"featured_media":0,"comment_status":"open","ping_status":"open","sticky":false,"template":"","format":"standard","meta":{"_monsterinsights_skip_tracking":false,"_monsterinsights_sitenote_active":false,"_monsterinsights_sitenote_note":"","_monsterinsights_sitenote_category":0,"jetpack_post_was_ever_published":false,"_jetpack_newsletter_access":"","_jetpack_dont_email_post_to_subs":false,"_jetpack_newsletter_tier_id":0,"_jetpack_memberships_contains_paywalled_content":false,"_jetpack_memberships_contains_paid_content":false,"footnotes":"","jetpack_publicize_message":"","jetpack_publicize_feature_enabled":true,"jetpack_social_post_already_shared":false,"jetpack_social_options":{"image_generator_settings":{"template":"highway","default_image_id":0,"font":"","enabled":false},"version":2},"_wpas_customize_per_network":false},"categories":[5,8],"tags":[109],"class_list":["post-692","post","type-post","status-publish","format-standard","hentry","category-politica","category-sociedad","tag-proyecto-sur-mercedes","generate-columns","tablet-grid-50","mobile-grid-100","grid-parent","grid-50"],"jetpack_publicize_connections":[],"jetpack_featured_media_url":"","wps_subtitle":"","jetpack_sharing_enabled":true,"_links":{"self":[{"href":"https:\/\/www.hoymercedes.com.ar\/principal\/wp-json\/wp\/v2\/posts\/692","targetHints":{"allow":["GET"]}}],"collection":[{"href":"https:\/\/www.hoymercedes.com.ar\/principal\/wp-json\/wp\/v2\/posts"}],"about":[{"href":"https:\/\/www.hoymercedes.com.ar\/principal\/wp-json\/wp\/v2\/types\/post"}],"author":[{"embeddable":true,"href":"https:\/\/www.hoymercedes.com.ar\/principal\/wp-json\/wp\/v2\/users\/1"}],"replies":[{"embeddable":true,"href":"https:\/\/www.hoymercedes.com.ar\/principal\/wp-json\/wp\/v2\/comments?post=692"}],"version-history":[{"count":0,"href":"https:\/\/www.hoymercedes.com.ar\/principal\/wp-json\/wp\/v2\/posts\/692\/revisions"}],"wp:attachment":[{"href":"https:\/\/www.hoymercedes.com.ar\/principal\/wp-json\/wp\/v2\/media?parent=692"}],"wp:term":[{"taxonomy":"category","embeddable":true,"href":"https:\/\/www.hoymercedes.com.ar\/principal\/wp-json\/wp\/v2\/categories?post=692"},{"taxonomy":"post_tag","embeddable":true,"href":"https:\/\/www.hoymercedes.com.ar\/principal\/wp-json\/wp\/v2\/tags?post=692"}],"curies":[{"name":"wp","href":"https:\/\/api.w.org\/{rel}","templated":true}]}}