{"id":69203,"date":"2017-11-04T14:30:16","date_gmt":"2017-11-04T17:30:16","guid":{"rendered":"http:\/\/www.hoymercedes.com.ar\/principal\/?p=69203"},"modified":"2017-11-04T08:18:50","modified_gmt":"2017-11-04T11:18:50","slug":"region-sanitaria-x-toma-acciones-para-prevenir-enfermedades-zoonoticas","status":"publish","type":"post","link":"https:\/\/www.hoymercedes.com.ar\/principal\/2017\/11\/04\/region-sanitaria-x-toma-acciones-para-prevenir-enfermedades-zoonoticas\/","title":{"rendered":"Regi\u00f3n Sanitaria X toma acciones para prevenir enfermedades zoon\u00f3ticas"},"content":{"rendered":"<p><em><strong>Senasa y Ministerio de Salud bonaerense toman acciones para prevenir el avance de enfermedades zoon\u00f3ticas en la regi\u00f3n norte bonaerense.\u00a0Se realiz\u00f3 una reuni\u00f3n para afianzar metodolog\u00edas de trabajo aplicadas en las mesas interinstitucionales de cada municipio, entre ellos Mercedes.<\/strong><\/em><\/p>\n<figure id=\"attachment_69204\" aria-describedby=\"caption-attachment-69204\" style=\"width: 620px\" class=\"wp-caption aligncenter\"><img loading=\"lazy\" decoding=\"async\" data-attachment-id=\"69204\" data-permalink=\"https:\/\/www.hoymercedes.com.ar\/principal\/2017\/11\/04\/region-sanitaria-x-toma-acciones-para-prevenir-enfermedades-zoonoticas\/04-senasa-region-x\/#main\" data-orig-file=\"https:\/\/www.hoymercedes.com.ar\/principal\/wp-content\/uploads\/2017\/11\/04-senasa-region-X.jpg\" data-orig-size=\"750,498\" data-comments-opened=\"0\" data-image-meta=\"{&quot;aperture&quot;:&quot;4&quot;,&quot;credit&quot;:&quot;&quot;,&quot;camera&quot;:&quot;NIKON D3200&quot;,&quot;caption&quot;:&quot;&quot;,&quot;created_timestamp&quot;:&quot;1508925246&quot;,&quot;copyright&quot;:&quot;&quot;,&quot;focal_length&quot;:&quot;20&quot;,&quot;iso&quot;:&quot;400&quot;,&quot;shutter_speed&quot;:&quot;0.0125&quot;,&quot;title&quot;:&quot;&quot;,&quot;orientation&quot;:&quot;1&quot;}\" data-image-title=\"04 senasa region X\" data-image-description=\"\" data-image-caption=\"\" data-large-file=\"https:\/\/www.hoymercedes.com.ar\/principal\/wp-content\/uploads\/2017\/11\/04-senasa-region-X.jpg\" class=\"wp-image-69204 size-medium\" src=\"https:\/\/www.hoymercedes.com.ar\/principal\/wp-content\/uploads\/2017\/11\/04-senasa-region-X-630x418.jpg\" alt=\"\" width=\"630\" height=\"418\" srcset=\"https:\/\/www.hoymercedes.com.ar\/principal\/wp-content\/uploads\/2017\/11\/04-senasa-region-X-630x418.jpg 630w, https:\/\/www.hoymercedes.com.ar\/principal\/wp-content\/uploads\/2017\/11\/04-senasa-region-X-150x100.jpg 150w, https:\/\/www.hoymercedes.com.ar\/principal\/wp-content\/uploads\/2017\/11\/04-senasa-region-X-300x200.jpg 300w, https:\/\/www.hoymercedes.com.ar\/principal\/wp-content\/uploads\/2017\/11\/04-senasa-region-X.jpg 750w\" sizes=\"auto, (max-width: 630px) 100vw, 630px\" \/><figcaption id=\"caption-attachment-69204\" class=\"wp-caption-text\">Mesa de trabajo entre la Regi\u00f3n X de Salud provincial y SENASA<\/figcaption><\/figure>\n<p>Funcionarios del Servicio Nacional de Sanidad y Calidad Agroalimentaria (Senasa) y de la Regi\u00f3n Sanitaria X del Ministerio de Salud de la provincia de Buenos Aires (del cual Mercedes es parte) mantuvieron un encuentro con el fin de establecer estrategias de acci\u00f3n para trabajar en conjunto, al detectarse focos end\u00e9micos por enfermedades zoon\u00f3ticas en distintas localidades del centro y norte bonaerense.<\/p>\n<p>El principal objetivo fue identificar las patolog\u00edas encontradas en cada municipio y diagnosticar en consecuencia, para luego trabajar coordinadamente entre ambos organismos en acciones de prevenci\u00f3n y control de enfermedades zoon\u00f3ticas.<\/p>\n<p>En tal sentido se resalt\u00f3 la participaci\u00f3n tanto desde el Senasa como desde las diferentes regiones sanitarias en las mesas interinstitucionales de zoonosis convocadas en cada localidad. Adem\u00e1s de la imperiosa necesidad de generar espacios de formaci\u00f3n destinados a capacitar a los referentes del \u00e1rea de salud municipal. Tambi\u00e9n focalizaron en el dise\u00f1o del protocolo de intervenci\u00f3n y la realizaci\u00f3n de procedimientos de vigilancia epidemiol\u00f3gica en conjunto, m\u00e1s la creaci\u00f3n de una base estad\u00edstica de informaci\u00f3n compartida.<\/p>\n<p>El director del Centro Regional Buenos Aires Norte del Senasa, Juan Ernesto Rebagliati, y la directora de la Regional Sanitaria X, Ana Barbier, ambos acompa\u00f1ados por sus equipos t\u00e9cnicos y referentes sanitarios regionales, comprometieron el trabajo bajo el concepto de una \u201cSola Salud\u201d, enfatizando que tanto la salud humana como la sanidad animal son interdependientes y est\u00e1n vinculadas a los ecosistemas en los cuales coexisten.<\/p>\n<p>\u201cEs necesario formalizar y agilizar metodolog\u00edas de trabajo entre el \u00e1rea de salud municipal, el referente de la regi\u00f3n sanitaria en jurisdicci\u00f3n de dicha localidad y el veterinario local de Senasa, para que todos juntos, cada uno desde su espacio y funci\u00f3n, trabaje en la prevenci\u00f3n de enfermedades zoon\u00f3ticas, controlando al productor y concientizando al consumidor, a favor de un sistema de salud que funcione de manera preventiva y proactiva y no reactiva, donde las zoonosis sean consideradas en el diagn\u00f3stico m\u00e9dico\u201d, se\u00f1al\u00f3 Rebagliati.<\/p>\n<p>&nbsp;<\/p>\n<p>Fuente: SENASA<\/p>\n","protected":false},"excerpt":{"rendered":"<p>Senasa y Ministerio de Salud bonaerense toman acciones para prevenir el avance de enfermedades zoon\u00f3ticas en la regi\u00f3n norte bonaerense.\u00a0Se &#8230; <a title=\"Regi\u00f3n Sanitaria X toma acciones para prevenir enfermedades zoon\u00f3ticas\" class=\"read-more\" href=\"https:\/\/www.hoymercedes.com.ar\/principal\/2017\/11\/04\/region-sanitaria-x-toma-acciones-para-prevenir-enfermedades-zoonoticas\/\" aria-label=\"Leer m\u00e1s sobre Regi\u00f3n Sanitaria X toma acciones para prevenir enfermedades zoon\u00f3ticas\">Leer m\u00e1s<\/a><\/p>\n","protected":false},"author":1,"featured_media":69204,"comment_status":"closed","ping_status":"open","sticky":false,"template":"","format":"standard","meta":{"_monsterinsights_skip_tracking":false,"_monsterinsights_sitenote_active":false,"_monsterinsights_sitenote_note":"","_monsterinsights_sitenote_category":0,"jetpack_post_was_ever_published":false,"_jetpack_newsletter_access":"","_jetpack_dont_email_post_to_subs":false,"_jetpack_newsletter_tier_id":0,"_jetpack_memberships_contains_paywalled_content":false,"_jetpack_memberships_contains_paid_content":false,"footnotes":"","jetpack_publicize_message":"","jetpack_publicize_feature_enabled":true,"jetpack_social_post_already_shared":true,"jetpack_social_options":{"image_generator_settings":{"template":"highway","default_image_id":0,"font":"","enabled":false},"version":2},"_wpas_customize_per_network":false},"categories":[5501,9791],"tags":[6807,9322,8703,134,8450,12175],"class_list":["post-69203","post","type-post","status-publish","format-standard","has-post-thumbnail","hentry","category-region","category-salud","tag-ministerio-de-salud","tag-region","tag-region-sanitaria-x","tag-salud","tag-senasa","tag-zoonosis","generate-columns","tablet-grid-50","mobile-grid-100","grid-parent","grid-50"],"jetpack_publicize_connections":[],"jetpack_featured_media_url":"https:\/\/www.hoymercedes.com.ar\/principal\/wp-content\/uploads\/2017\/11\/04-senasa-region-X.jpg","wps_subtitle":"Mercedes se encuentra en la regi\u00f3n","jetpack_sharing_enabled":true,"_links":{"self":[{"href":"https:\/\/www.hoymercedes.com.ar\/principal\/wp-json\/wp\/v2\/posts\/69203","targetHints":{"allow":["GET"]}}],"collection":[{"href":"https:\/\/www.hoymercedes.com.ar\/principal\/wp-json\/wp\/v2\/posts"}],"about":[{"href":"https:\/\/www.hoymercedes.com.ar\/principal\/wp-json\/wp\/v2\/types\/post"}],"author":[{"embeddable":true,"href":"https:\/\/www.hoymercedes.com.ar\/principal\/wp-json\/wp\/v2\/users\/1"}],"replies":[{"embeddable":true,"href":"https:\/\/www.hoymercedes.com.ar\/principal\/wp-json\/wp\/v2\/comments?post=69203"}],"version-history":[{"count":0,"href":"https:\/\/www.hoymercedes.com.ar\/principal\/wp-json\/wp\/v2\/posts\/69203\/revisions"}],"wp:featuredmedia":[{"embeddable":true,"href":"https:\/\/www.hoymercedes.com.ar\/principal\/wp-json\/wp\/v2\/media\/69204"}],"wp:attachment":[{"href":"https:\/\/www.hoymercedes.com.ar\/principal\/wp-json\/wp\/v2\/media?parent=69203"}],"wp:term":[{"taxonomy":"category","embeddable":true,"href":"https:\/\/www.hoymercedes.com.ar\/principal\/wp-json\/wp\/v2\/categories?post=69203"},{"taxonomy":"post_tag","embeddable":true,"href":"https:\/\/www.hoymercedes.com.ar\/principal\/wp-json\/wp\/v2\/tags?post=69203"}],"curies":[{"name":"wp","href":"https:\/\/api.w.org\/{rel}","templated":true}]}}