{"id":6944,"date":"2011-09-03T23:55:11","date_gmt":"2011-09-03T23:55:11","guid":{"rendered":"http:\/\/www.hoymercedes.com.ar\/principal\/?p=6944"},"modified":"2011-09-03T23:55:11","modified_gmt":"2011-09-03T23:55:11","slug":"ustarroz-inaugura-centro-de-acceso-a-la-justicia-con-el-ministro-de-justicia-julio-alak","status":"publish","type":"post","link":"https:\/\/www.hoymercedes.com.ar\/principal\/2011\/09\/03\/ustarroz-inaugura-centro-de-acceso-a-la-justicia-con-el-ministro-de-justicia-julio-alak\/","title":{"rendered":"Ustarroz inaugura Centro de Acceso a la Justicia con el Ministro de Justicia Julio Alak"},"content":{"rendered":"<p>El candidato a Intendente Juan Ustarroz, junto con el Ministro de Justicia y Derechos Humanos de la Naci\u00f3n, Julio Alak, dejar\u00e1n inaugurado este mi\u00e9rcoles 7 a las 13hs. un Centro de Acceso a la Justicia en la Ciudad de Mercedes.<\/p>\n<p>El Centro de Acceso a la Justicia de Mercedes es el resultado de la gesti\u00f3n del candidato a Intendente Juan Ignacio Ustarroz ante el Secretario de Justicia de la Naci\u00f3n, Dr. Juli\u00e1n \u00c1lvarez, y el Ministro de Justicia Dr. Julio Alak. Funcionar\u00e1 en la calle 16 esquina 101 bis de 9 a 15hs. y ser\u00e1 el primer centro de estas caracter\u00edsticas que se abrir\u00e1 en la regi\u00f3n.<\/p>\n<p>Los Centros de Acceso est\u00e1n incluidos dentro del Programa \u00abJusticia para Todos\u00bb y ofrecen a la comunidad servicios de asesoramiento jur\u00eddico gratuito, mediaci\u00f3n, asistencia social y psicol\u00f3gica. Asimismo, en estas oficinas pueden gestionarse derechos y beneficios otorgados por diferentes organismos del Estado: tramitaci\u00f3n de DNI, pensiones, Asignaci\u00f3n Universal por Hijo y otros beneficios sociales, adem\u00e1s de vacunaci\u00f3n y otras campa\u00f1as sanitarias.<\/p>\n<p>El objetivo de los Centros es acercar la justicia a la ciudadan\u00eda, particularmente a aquellos sectores m\u00e1s vulnerables de la poblaci\u00f3n que desconocen los medios y las v\u00edas institucionales para hacer efectivos sus derechos o que, por diversos motivos, se encuentran imposibilitados para hacerlo. De esta manera, se busca garantizar un acceso a la justicia real y efectivo, eliminando las diversas barreras que restringen el ejercicio pleno de este derecho.<\/p>\n<p><span style=\"color: #c0c0c0;\">Fuente: FMV<\/span><\/p>\n","protected":false},"excerpt":{"rendered":"<p>El candidato a Intendente Juan Ustarroz, junto con el Ministro de Justicia y Derechos Humanos de la Naci\u00f3n, Julio Alak, &#8230; <a title=\"Ustarroz inaugura Centro de Acceso a la Justicia con el Ministro de Justicia Julio Alak\" class=\"read-more\" href=\"https:\/\/www.hoymercedes.com.ar\/principal\/2011\/09\/03\/ustarroz-inaugura-centro-de-acceso-a-la-justicia-con-el-ministro-de-justicia-julio-alak\/\" aria-label=\"Leer m\u00e1s sobre Ustarroz inaugura Centro de Acceso a la Justicia con el Ministro de Justicia Julio Alak\">Leer m\u00e1s<\/a><\/p>\n","protected":false},"author":1,"featured_media":0,"comment_status":"open","ping_status":"open","sticky":false,"template":"","format":"standard","meta":{"_monsterinsights_skip_tracking":false,"_monsterinsights_sitenote_active":false,"_monsterinsights_sitenote_note":"","_monsterinsights_sitenote_category":0,"jetpack_post_was_ever_published":false,"_jetpack_newsletter_access":"","_jetpack_dont_email_post_to_subs":false,"_jetpack_newsletter_tier_id":0,"_jetpack_memberships_contains_paywalled_content":false,"_jetpack_memberships_contains_paid_content":false,"footnotes":"","jetpack_publicize_message":"","jetpack_publicize_feature_enabled":true,"jetpack_social_post_already_shared":false,"jetpack_social_options":{"image_generator_settings":{"template":"highway","default_image_id":0,"font":"","enabled":false},"version":2},"_wpas_customize_per_network":false},"categories":[5],"tags":[1241,379,424],"class_list":["post-6944","post","type-post","status-publish","format-standard","hentry","category-politica","tag-alak","tag-frente-mercedino-para-la-victoria","tag-ustarroz","generate-columns","tablet-grid-50","mobile-grid-100","grid-parent","grid-50"],"jetpack_publicize_connections":[],"jetpack_featured_media_url":"","wps_subtitle":"","jetpack_sharing_enabled":true,"_links":{"self":[{"href":"https:\/\/www.hoymercedes.com.ar\/principal\/wp-json\/wp\/v2\/posts\/6944","targetHints":{"allow":["GET"]}}],"collection":[{"href":"https:\/\/www.hoymercedes.com.ar\/principal\/wp-json\/wp\/v2\/posts"}],"about":[{"href":"https:\/\/www.hoymercedes.com.ar\/principal\/wp-json\/wp\/v2\/types\/post"}],"author":[{"embeddable":true,"href":"https:\/\/www.hoymercedes.com.ar\/principal\/wp-json\/wp\/v2\/users\/1"}],"replies":[{"embeddable":true,"href":"https:\/\/www.hoymercedes.com.ar\/principal\/wp-json\/wp\/v2\/comments?post=6944"}],"version-history":[{"count":0,"href":"https:\/\/www.hoymercedes.com.ar\/principal\/wp-json\/wp\/v2\/posts\/6944\/revisions"}],"wp:attachment":[{"href":"https:\/\/www.hoymercedes.com.ar\/principal\/wp-json\/wp\/v2\/media?parent=6944"}],"wp:term":[{"taxonomy":"category","embeddable":true,"href":"https:\/\/www.hoymercedes.com.ar\/principal\/wp-json\/wp\/v2\/categories?post=6944"},{"taxonomy":"post_tag","embeddable":true,"href":"https:\/\/www.hoymercedes.com.ar\/principal\/wp-json\/wp\/v2\/tags?post=6944"}],"curies":[{"name":"wp","href":"https:\/\/api.w.org\/{rel}","templated":true}]}}