{"id":69486,"date":"2017-11-09T19:00:57","date_gmt":"2017-11-09T22:00:57","guid":{"rendered":"http:\/\/www.hoymercedes.com.ar\/principal\/?p=69486"},"modified":"2017-11-09T17:23:39","modified_gmt":"2017-11-09T20:23:39","slug":"terror-y-suspenso-durante-el-fin-de-semana-en-el-cine-mercedes","status":"publish","type":"post","link":"https:\/\/www.hoymercedes.com.ar\/principal\/2017\/11\/09\/terror-y-suspenso-durante-el-fin-de-semana-en-el-cine-mercedes\/","title":{"rendered":"Terror y suspenso durante el fin de semana en el Cine Mercedes"},"content":{"rendered":"<p>Del viernes 10 al martes 14 de noviembre, el Cine Mercedes proyectar\u00e1 dos pel\u00edculas en donde el suspenso y el terror reina la gran pantalla. \u00abEl Mu\u00f1eco de Nieve\u00bb podr\u00e1 verse a la hora 19.30; en tanto, \u00abJigsaw. El juego Contin\u00faa\u00bb se proyectar\u00e1 a la hora 22 y el s\u00e1bado a la medianoche.<\/p>\n<p>\u00abEl Mu\u00f1eco de Nieve\u00bb.\u00a019:30 hs. (2D) &#8211; subtitulada. Sinopsis:\u00a0Cuando el l\u00edder de un equipo de detectives comienza a investigar un caso de desaparici\u00f3n durante la primera nevada del invierno, temer\u00e1 el regreso de un astuto asesino serial. Con la ayuda de una brillante recluta, el polic\u00eda deber\u00e1 conectar miles de casos ocurridos d\u00e9cadas anteriores para descubrir la verdad sobre los brutales acontecimientos actuales antes de que llegue la pr\u00f3xima nevada. Basada en la novela de Jo Nesbo. G\u00e9nero: Policial, Drama.\u00a0Director: Tomas Alfredson.\u00a0Actores: Michael Fassbender, Rebecca Ferguson. Calificaci\u00f3n: Apta para mayores de 16 a\u00f1os.\u00a0Duraci\u00f3n: 119 Minutos.\u00a0Origen: Reino Unido, Estados Unidos.<\/p>\n<p>Trailer:<\/p>\n<p><span class=\"embed-youtube\" style=\"text-align:center; display: block;\"><iframe loading=\"lazy\" class=\"youtube-player\" width=\"1200\" height=\"675\" src=\"https:\/\/www.youtube.com\/embed\/DNeMVh-FvG8?version=3&#038;rel=1&#038;showsearch=0&#038;showinfo=1&#038;iv_load_policy=1&#038;fs=1&#038;hl=es-ES&#038;autohide=2&#038;wmode=transparent\" allowfullscreen=\"true\" style=\"border:0;\" sandbox=\"allow-scripts allow-same-origin allow-popups allow-presentation allow-popups-to-escape-sandbox\"><\/iframe><\/span><\/p>\n<p>&nbsp;<\/p>\n<p>Jigsaw: El juego contin\u00faa.\u00a022:00 hs. (2D) &#8211; subtitulada. S\u00e1bado Trasnoche:\u00a000:00 hs. (2D) &#8211; subtitulada. Sinopsis:<br \/>\nVarios cuerpos comienzan a aparecer por distintas partes de la ciudad. Todos ellos tienen algo en com\u00fan: han tenido una muerte \u00fanica y espantosa. A medida que avanza la investigaci\u00f3n todo apunta en la misma direcci\u00f3n: John Kramer. Sin embargo, \u00bfc\u00f3mo es posible esto si Jigsaw lleva muerto m\u00e1s de una d\u00e9cada? \u00bfAcaso hay un aprendiz que ha cogido el relevo de Jigsaw? \u00bfO tal vez sea alguien infiltrado en la propia investigaci\u00f3n del caso?\u00a0G\u00e9nero: Terror, Suspenso.\u00a0Director: Peter Spierig, Michael Spierig.\u00a0Actores: Laura Vandervoort, Tobin Bell, Hannah Emily Anderson.\u00a0Calificaci\u00f3n: Apta mayores de 16 a\u00f1os.\u00a0Duraci\u00f3n: 91 Minutos.\u00a0Origen: Estados Unidos.<\/p>\n<p>Trailer:<\/p>\n<p><span class=\"embed-youtube\" style=\"text-align:center; display: block;\"><iframe loading=\"lazy\" class=\"youtube-player\" width=\"1200\" height=\"675\" src=\"https:\/\/www.youtube.com\/embed\/BrmrBlI1brU?version=3&#038;rel=1&#038;showsearch=0&#038;showinfo=1&#038;iv_load_policy=1&#038;fs=1&#038;hl=es-ES&#038;autohide=2&#038;wmode=transparent\" allowfullscreen=\"true\" style=\"border:0;\" sandbox=\"allow-scripts allow-same-origin allow-popups allow-presentation allow-popups-to-escape-sandbox\"><\/iframe><\/span><\/p>\n","protected":false},"excerpt":{"rendered":"<p>Del viernes 10 al martes 14 de noviembre, el Cine Mercedes proyectar\u00e1 dos pel\u00edculas en donde el suspenso y el &#8230; <a title=\"Terror y suspenso durante el fin de semana en el Cine Mercedes\" class=\"read-more\" href=\"https:\/\/www.hoymercedes.com.ar\/principal\/2017\/11\/09\/terror-y-suspenso-durante-el-fin-de-semana-en-el-cine-mercedes\/\" aria-label=\"Leer m\u00e1s sobre Terror y suspenso durante el fin de semana en el Cine Mercedes\">Leer m\u00e1s<\/a><\/p>\n","protected":false},"author":1,"featured_media":69487,"comment_status":"closed","ping_status":"open","sticky":false,"template":"","format":"standard","meta":{"_monsterinsights_skip_tracking":false,"_monsterinsights_sitenote_active":false,"_monsterinsights_sitenote_note":"","_monsterinsights_sitenote_category":0,"jetpack_post_was_ever_published":false,"_jetpack_newsletter_access":"","_jetpack_dont_email_post_to_subs":false,"_jetpack_newsletter_tier_id":0,"_jetpack_memberships_contains_paywalled_content":false,"_jetpack_memberships_contains_paid_content":false,"footnotes":"","jetpack_publicize_message":"","jetpack_publicize_feature_enabled":true,"jetpack_social_post_already_shared":true,"jetpack_social_options":{"image_generator_settings":{"template":"highway","default_image_id":0,"font":"","enabled":false},"version":2},"_wpas_customize_per_network":false},"categories":[104,9000],"tags":[8770,984,7805],"class_list":["post-69486","post","type-post","status-publish","format-standard","has-post-thumbnail","hentry","category-cultura","category-promocion","tag-cartelera","tag-cine-mercedes","tag-cultura","generate-columns","tablet-grid-50","mobile-grid-100","grid-parent","grid-50"],"jetpack_publicize_connections":[],"jetpack_featured_media_url":"https:\/\/www.hoymercedes.com.ar\/principal\/wp-content\/uploads\/2017\/11\/09-cine-mu\u00f1econieve.jpg","wps_subtitle":"Cartelera local","jetpack_sharing_enabled":true,"_links":{"self":[{"href":"https:\/\/www.hoymercedes.com.ar\/principal\/wp-json\/wp\/v2\/posts\/69486","targetHints":{"allow":["GET"]}}],"collection":[{"href":"https:\/\/www.hoymercedes.com.ar\/principal\/wp-json\/wp\/v2\/posts"}],"about":[{"href":"https:\/\/www.hoymercedes.com.ar\/principal\/wp-json\/wp\/v2\/types\/post"}],"author":[{"embeddable":true,"href":"https:\/\/www.hoymercedes.com.ar\/principal\/wp-json\/wp\/v2\/users\/1"}],"replies":[{"embeddable":true,"href":"https:\/\/www.hoymercedes.com.ar\/principal\/wp-json\/wp\/v2\/comments?post=69486"}],"version-history":[{"count":0,"href":"https:\/\/www.hoymercedes.com.ar\/principal\/wp-json\/wp\/v2\/posts\/69486\/revisions"}],"wp:featuredmedia":[{"embeddable":true,"href":"https:\/\/www.hoymercedes.com.ar\/principal\/wp-json\/wp\/v2\/media\/69487"}],"wp:attachment":[{"href":"https:\/\/www.hoymercedes.com.ar\/principal\/wp-json\/wp\/v2\/media?parent=69486"}],"wp:term":[{"taxonomy":"category","embeddable":true,"href":"https:\/\/www.hoymercedes.com.ar\/principal\/wp-json\/wp\/v2\/categories?post=69486"},{"taxonomy":"post_tag","embeddable":true,"href":"https:\/\/www.hoymercedes.com.ar\/principal\/wp-json\/wp\/v2\/tags?post=69486"}],"curies":[{"name":"wp","href":"https:\/\/api.w.org\/{rel}","templated":true}]}}