{"id":69489,"date":"2017-11-09T21:27:13","date_gmt":"2017-11-10T00:27:13","guid":{"rendered":"http:\/\/www.hoymercedes.com.ar\/principal\/?p=69489"},"modified":"2017-11-09T18:10:39","modified_gmt":"2017-11-09T21:10:39","slug":"feria-de-arte-impreso-en-el-limonero","status":"publish","type":"post","link":"https:\/\/www.hoymercedes.com.ar\/principal\/2017\/11\/09\/feria-de-arte-impreso-en-el-limonero\/","title":{"rendered":"Feria de Arte Impreso en El Limonero"},"content":{"rendered":"<p>El 11 de noviembre, entre las 15 y las 20 horas, la sede del Movimiento Cultural El Limonero (calle 21 N\u00b0 327) llevar\u00e1 adelante una Feria de Arte que incluye muestras\u00a0proyecciones, talleres, charlas, t\u00e9 literario, t\u00edteres, venta de estampas, stickers, fanzines, ediciones, libros de artista, pop up, y dise\u00f1o gr\u00e1fico.\u00a0En este marco lanzar\u00e1n la editorial que tiene como objetivo difusi\u00f3n de las obras gr\u00e1ficas \u00fanicas para difundir el grabado y el arte impreso sobre papel.<\/p>\n<p>Lanzar\u00e1n la Editorial \u201cLimonero de papel\u201d a la hora 15 con la presentaci\u00f3n del fanzine \u00abHabitantes del Agua\u00bb.\u00a0Laura Parras, profesora de Artes visuales con orientaci\u00f3n en grabado; Diego Ismael Moyano, encuadernador, profesor de grabado e ingeniero de papel; Pablo Russo, artista visual, maestro nacional de Dibujo; Ernesto Moyano, artista visual, caricaturista e ilustrador; y Toti Fernandez, t\u00e9cnico en Dise\u00f1o Gr\u00e1fico, son quienes estar\u00e1n presente la tarde del s\u00e1bado.<\/p>\n<p>A las 15,30 se har\u00e1 una visita guiada por los talleres de El Limonero; a las 16 habr\u00e1 realizaci\u00f3n de estampas con los concurrentes, a cargo de Laura Parras y Pablo Russo; a las 17 se llevar\u00e1 adelante un t\u00e9 literario; a las 17,30 habr\u00e1 t\u00edteres a cargo del Colectivo 4 Manos; a las 18, Pop up: Ingenier\u00eda en papel, por Diego Ismael; a las 19 horas, Taller de fanzine, por Ernesto Moyano; a las 19,30 \u201cIntroducci\u00f3n a la imagen, color y vector\u201d, con Toti Fernandez; y a las 20 horas se abrir\u00e1 la Muestra \u00abTransformar\u00bb de Laura Parras.<\/p>\n<p>&nbsp;<\/p>\n<p>&nbsp;<\/p>\n","protected":false},"excerpt":{"rendered":"<p>El 11 de noviembre, entre las 15 y las 20 horas, la sede del Movimiento Cultural El Limonero (calle 21 &#8230; <a title=\"Feria de Arte Impreso en El Limonero\" class=\"read-more\" href=\"https:\/\/www.hoymercedes.com.ar\/principal\/2017\/11\/09\/feria-de-arte-impreso-en-el-limonero\/\" aria-label=\"Leer m\u00e1s sobre Feria de Arte Impreso en El Limonero\">Leer m\u00e1s<\/a><\/p>\n","protected":false},"author":1,"featured_media":69496,"comment_status":"closed","ping_status":"open","sticky":false,"template":"","format":"standard","meta":{"_monsterinsights_skip_tracking":false,"_monsterinsights_sitenote_active":false,"_monsterinsights_sitenote_note":"","_monsterinsights_sitenote_category":0,"jetpack_post_was_ever_published":false,"_jetpack_newsletter_access":"","_jetpack_dont_email_post_to_subs":false,"_jetpack_newsletter_tier_id":0,"_jetpack_memberships_contains_paywalled_content":false,"_jetpack_memberships_contains_paid_content":false,"footnotes":"","jetpack_publicize_message":"","jetpack_publicize_feature_enabled":true,"jetpack_social_post_already_shared":true,"jetpack_social_options":{"image_generator_settings":{"template":"highway","default_image_id":0,"font":"","enabled":false},"version":2},"_wpas_customize_per_network":false},"categories":[104],"tags":[7805,9421,522,12203],"class_list":["post-69489","post","type-post","status-publish","format-standard","has-post-thumbnail","hentry","category-cultura","tag-cultura","tag-editorial","tag-el-limonero","tag-impresiones-graficas","generate-columns","tablet-grid-50","mobile-grid-100","grid-parent","grid-50"],"jetpack_publicize_connections":[],"jetpack_featured_media_url":"https:\/\/www.hoymercedes.com.ar\/principal\/wp-content\/uploads\/2017\/11\/09-limonero.jpg","wps_subtitle":"Este s\u00e1bado 11","jetpack_sharing_enabled":true,"_links":{"self":[{"href":"https:\/\/www.hoymercedes.com.ar\/principal\/wp-json\/wp\/v2\/posts\/69489","targetHints":{"allow":["GET"]}}],"collection":[{"href":"https:\/\/www.hoymercedes.com.ar\/principal\/wp-json\/wp\/v2\/posts"}],"about":[{"href":"https:\/\/www.hoymercedes.com.ar\/principal\/wp-json\/wp\/v2\/types\/post"}],"author":[{"embeddable":true,"href":"https:\/\/www.hoymercedes.com.ar\/principal\/wp-json\/wp\/v2\/users\/1"}],"replies":[{"embeddable":true,"href":"https:\/\/www.hoymercedes.com.ar\/principal\/wp-json\/wp\/v2\/comments?post=69489"}],"version-history":[{"count":0,"href":"https:\/\/www.hoymercedes.com.ar\/principal\/wp-json\/wp\/v2\/posts\/69489\/revisions"}],"wp:featuredmedia":[{"embeddable":true,"href":"https:\/\/www.hoymercedes.com.ar\/principal\/wp-json\/wp\/v2\/media\/69496"}],"wp:attachment":[{"href":"https:\/\/www.hoymercedes.com.ar\/principal\/wp-json\/wp\/v2\/media?parent=69489"}],"wp:term":[{"taxonomy":"category","embeddable":true,"href":"https:\/\/www.hoymercedes.com.ar\/principal\/wp-json\/wp\/v2\/categories?post=69489"},{"taxonomy":"post_tag","embeddable":true,"href":"https:\/\/www.hoymercedes.com.ar\/principal\/wp-json\/wp\/v2\/tags?post=69489"}],"curies":[{"name":"wp","href":"https:\/\/api.w.org\/{rel}","templated":true}]}}