{"id":69549,"date":"2017-11-11T15:21:20","date_gmt":"2017-11-11T18:21:20","guid":{"rendered":"http:\/\/www.hoymercedes.com.ar\/principal\/?p=69549"},"modified":"2017-11-11T20:58:09","modified_gmt":"2017-11-11T23:58:09","slug":"investigacion-de-la-policia-comunal-permite-detener-autor-de-robo-calificado","status":"publish","type":"post","link":"https:\/\/www.hoymercedes.com.ar\/principal\/2017\/11\/11\/investigacion-de-la-policia-comunal-permite-detener-autor-de-robo-calificado\/","title":{"rendered":"Investigaci\u00f3n de la Polic\u00eda Comunal permite detener autor de robo calificado"},"content":{"rendered":"<figure id=\"attachment_69550\" aria-describedby=\"caption-attachment-69550\" style=\"width: 580px\" class=\"wp-caption aligncenter\"><img loading=\"lazy\" decoding=\"async\" data-attachment-id=\"69550\" data-permalink=\"https:\/\/www.hoymercedes.com.ar\/principal\/2017\/11\/11\/investigacion-de-la-policia-comunal-permite-detener-autor-de-robo-calificado\/detencion-robocalificado\/#main\" data-orig-file=\"https:\/\/www.hoymercedes.com.ar\/principal\/wp-content\/uploads\/2017\/11\/detencion-robocalificado.jpeg\" data-orig-size=\"774,813\" data-comments-opened=\"0\" data-image-meta=\"{&quot;aperture&quot;:&quot;0&quot;,&quot;credit&quot;:&quot;&quot;,&quot;camera&quot;:&quot;&quot;,&quot;caption&quot;:&quot;&quot;,&quot;created_timestamp&quot;:&quot;0&quot;,&quot;copyright&quot;:&quot;&quot;,&quot;focal_length&quot;:&quot;0&quot;,&quot;iso&quot;:&quot;0&quot;,&quot;shutter_speed&quot;:&quot;0&quot;,&quot;title&quot;:&quot;&quot;,&quot;orientation&quot;:&quot;0&quot;}\" data-image-title=\"detencion-robocalificado\" data-image-description=\"\" data-image-caption=\"&lt;p&gt;Detenci\u00f3n del autor del delito&lt;\/p&gt;\n\" data-large-file=\"https:\/\/www.hoymercedes.com.ar\/principal\/wp-content\/uploads\/2017\/11\/detencion-robocalificado.jpeg\" class=\"size-medium wp-image-69550\" src=\"https:\/\/www.hoymercedes.com.ar\/principal\/wp-content\/uploads\/2017\/11\/detencion-robocalificado-590x620.jpeg\" alt=\"\" width=\"590\" height=\"620\" srcset=\"https:\/\/www.hoymercedes.com.ar\/principal\/wp-content\/uploads\/2017\/11\/detencion-robocalificado-590x620.jpeg 590w, https:\/\/www.hoymercedes.com.ar\/principal\/wp-content\/uploads\/2017\/11\/detencion-robocalificado-143x150.jpeg 143w, https:\/\/www.hoymercedes.com.ar\/principal\/wp-content\/uploads\/2017\/11\/detencion-robocalificado.jpeg 774w\" sizes=\"auto, (max-width: 590px) 100vw, 590px\" \/><figcaption id=\"caption-attachment-69550\" class=\"wp-caption-text\">Detenci\u00f3n del autor del delito<\/figcaption><\/figure>\n<p>Polic\u00eda Comunal logr\u00f3 detener a un vecino acusado de cometer un robo a un comercio local. Fue a los pocos d\u00edas de cometido el hecho logrando nuevamente llevar tranquilidad a los mercedinos. Los conducidos por el Comisario Sergio Macedo y el personal del Gabinete Criminol\u00f3gico de la Estaci\u00f3n Mercedes tras varias actuaciones investigativas pudieron poner tras las rejas al acusado.<\/p>\n<p>Bajo la categor\u00eda de \u201crobo calificado\u201d cuyas v\u00edctimas hab\u00edan recientemente sido un comerciante local de apellido Dabove y un vecino de apellido Van\u00edn, la actuaci\u00f3n de la Polic\u00eda Comunal no s\u00f3lo resolvi\u00f3 el caso, sino que adem\u00e1s abri\u00f3 un nuevo campo investigativo para la justicia dado que el autor ahora estar\u00e1 bajo la lupa por hechos de hace tiempo.<\/p>\n<figure id=\"attachment_69551\" aria-describedby=\"caption-attachment-69551\" style=\"width: 165px\" class=\"wp-caption alignleft\"><img loading=\"lazy\" decoding=\"async\" data-attachment-id=\"69551\" data-permalink=\"https:\/\/www.hoymercedes.com.ar\/principal\/2017\/11\/11\/investigacion-de-la-policia-comunal-permite-detener-autor-de-robo-calificado\/elementos-robocalificado\/#main\" data-orig-file=\"https:\/\/www.hoymercedes.com.ar\/principal\/wp-content\/uploads\/2017\/11\/elementos-robocalificado.jpeg\" data-orig-size=\"700,978\" data-comments-opened=\"0\" data-image-meta=\"{&quot;aperture&quot;:&quot;0&quot;,&quot;credit&quot;:&quot;&quot;,&quot;camera&quot;:&quot;&quot;,&quot;caption&quot;:&quot;&quot;,&quot;created_timestamp&quot;:&quot;0&quot;,&quot;copyright&quot;:&quot;&quot;,&quot;focal_length&quot;:&quot;0&quot;,&quot;iso&quot;:&quot;0&quot;,&quot;shutter_speed&quot;:&quot;0&quot;,&quot;title&quot;:&quot;&quot;,&quot;orientation&quot;:&quot;0&quot;}\" data-image-title=\"elementos-robocalificado\" data-image-description=\"\" data-image-caption=\"&lt;p&gt;Elementos de prueba&lt;\/p&gt;\n\" data-large-file=\"https:\/\/www.hoymercedes.com.ar\/principal\/wp-content\/uploads\/2017\/11\/elementos-robocalificado.jpeg\" class=\" wp-image-69551\" src=\"https:\/\/www.hoymercedes.com.ar\/principal\/wp-content\/uploads\/2017\/11\/elementos-robocalificado-107x150.jpeg\" alt=\"\" width=\"175\" height=\"245\" srcset=\"https:\/\/www.hoymercedes.com.ar\/principal\/wp-content\/uploads\/2017\/11\/elementos-robocalificado-107x150.jpeg 107w, https:\/\/www.hoymercedes.com.ar\/principal\/wp-content\/uploads\/2017\/11\/elementos-robocalificado-444x620.jpeg 444w, https:\/\/www.hoymercedes.com.ar\/principal\/wp-content\/uploads\/2017\/11\/elementos-robocalificado.jpeg 700w\" sizes=\"auto, (max-width: 175px) 100vw, 175px\" \/><figcaption id=\"caption-attachment-69551\" class=\"wp-caption-text\">Elementos de prueba<\/figcaption><\/figure>\n<p>Con los resulta dos positivos de las investigaciones realizadas, tras la solicitud de \u201corden de allanamiento \u2013 secuestro y detenci\u00f3n\u201d respectiva, en domicilio de calle 511 e- 510 y 512 de la localidad de Gowland, donde reside uno de los autores, tambi\u00e9n se incautaron tel\u00e9fono m\u00f3vil, reloj marca Kevingston, ambos identificados por los asaltados, siendo elementos de prueba.<\/p>\n<p>&nbsp;<\/p>\n<p>Para Sergio Macedo es una \u201csatisfacci\u00f3n muy grande\u201d volver a llevar \u201ctranquilidad a los mercedinos\u201d y destac\u00f3 la gran tarea que vienen realizando el personal y las cuadrillas de calle que como en casos anteriores mostraron \u201ceficiencia y eficacia\u201d.<\/p>\n<p>La actuaci\u00f3n judicial recay\u00f3 sobre la Fuscal\u00eda N\u00b07, a cargo del Dr. H\u00e9ctor Zunino y luego por la Fiscal\u00eda de Instrucci\u00f3n N\u00b02 a cargo del Dr. Leandro Marquiegui del Departamento Judicial Mercedes.<\/p>\n","protected":false},"excerpt":{"rendered":"<p>Polic\u00eda Comunal logr\u00f3 detener a un vecino acusado de cometer un robo a un comercio local. Fue a los pocos &#8230; <a title=\"Investigaci\u00f3n de la Polic\u00eda Comunal permite detener autor de robo calificado\" class=\"read-more\" href=\"https:\/\/www.hoymercedes.com.ar\/principal\/2017\/11\/11\/investigacion-de-la-policia-comunal-permite-detener-autor-de-robo-calificado\/\" aria-label=\"Leer m\u00e1s sobre Investigaci\u00f3n de la Polic\u00eda Comunal permite detener autor de robo calificado\">Leer m\u00e1s<\/a><\/p>\n","protected":false},"author":1,"featured_media":69550,"comment_status":"closed","ping_status":"open","sticky":false,"template":"","format":"standard","meta":{"_monsterinsights_skip_tracking":false,"_monsterinsights_sitenote_active":false,"_monsterinsights_sitenote_note":"","_monsterinsights_sitenote_category":0,"jetpack_post_was_ever_published":false,"_jetpack_newsletter_access":"","_jetpack_dont_email_post_to_subs":false,"_jetpack_newsletter_tier_id":0,"_jetpack_memberships_contains_paywalled_content":false,"_jetpack_memberships_contains_paid_content":false,"footnotes":"","jetpack_publicize_message":"","jetpack_publicize_feature_enabled":true,"jetpack_social_post_already_shared":true,"jetpack_social_options":{"image_generator_settings":{"template":"highway","default_image_id":0,"font":"","enabled":false},"version":2},"_wpas_customize_per_network":false},"categories":[8],"tags":[5766,10277],"class_list":["post-69549","post","type-post","status-publish","format-standard","has-post-thumbnail","hentry","category-sociedad","tag-policia-comunal","tag-sergio-macedo","generate-columns","tablet-grid-50","mobile-grid-100","grid-parent","grid-50"],"jetpack_publicize_connections":[],"jetpack_featured_media_url":"https:\/\/www.hoymercedes.com.ar\/principal\/wp-content\/uploads\/2017\/11\/detencion-robocalificado.jpeg","wps_subtitle":"","jetpack_sharing_enabled":true,"_links":{"self":[{"href":"https:\/\/www.hoymercedes.com.ar\/principal\/wp-json\/wp\/v2\/posts\/69549","targetHints":{"allow":["GET"]}}],"collection":[{"href":"https:\/\/www.hoymercedes.com.ar\/principal\/wp-json\/wp\/v2\/posts"}],"about":[{"href":"https:\/\/www.hoymercedes.com.ar\/principal\/wp-json\/wp\/v2\/types\/post"}],"author":[{"embeddable":true,"href":"https:\/\/www.hoymercedes.com.ar\/principal\/wp-json\/wp\/v2\/users\/1"}],"replies":[{"embeddable":true,"href":"https:\/\/www.hoymercedes.com.ar\/principal\/wp-json\/wp\/v2\/comments?post=69549"}],"version-history":[{"count":0,"href":"https:\/\/www.hoymercedes.com.ar\/principal\/wp-json\/wp\/v2\/posts\/69549\/revisions"}],"wp:featuredmedia":[{"embeddable":true,"href":"https:\/\/www.hoymercedes.com.ar\/principal\/wp-json\/wp\/v2\/media\/69550"}],"wp:attachment":[{"href":"https:\/\/www.hoymercedes.com.ar\/principal\/wp-json\/wp\/v2\/media?parent=69549"}],"wp:term":[{"taxonomy":"category","embeddable":true,"href":"https:\/\/www.hoymercedes.com.ar\/principal\/wp-json\/wp\/v2\/categories?post=69549"},{"taxonomy":"post_tag","embeddable":true,"href":"https:\/\/www.hoymercedes.com.ar\/principal\/wp-json\/wp\/v2\/tags?post=69549"}],"curies":[{"name":"wp","href":"https:\/\/api.w.org\/{rel}","templated":true}]}}