{"id":69605,"date":"2017-11-12T15:57:47","date_gmt":"2017-11-12T18:57:47","guid":{"rendered":"http:\/\/www.hoymercedes.com.ar\/principal\/?p=69605"},"modified":"2017-11-12T18:17:25","modified_gmt":"2017-11-12T21:17:25","slug":"iniciaron-proyecto-gimnasia-y-deportes-para-adultos-mayores","status":"publish","type":"post","link":"https:\/\/www.hoymercedes.com.ar\/principal\/2017\/11\/12\/iniciaron-proyecto-gimnasia-y-deportes-para-adultos-mayores\/","title":{"rendered":"Iniciaron proyecto \u00abGimnasia y Deportes para Adultos Mayores\u00bb"},"content":{"rendered":"<p>Desde la Direcci\u00f3n de Adultos Mayores de la Municipalidad se lanz\u00f3 un nuevo proyecto denominado \u00abGimnasia y Deporte para Adultos Mayores\u00bb. Una propuesta que se presenta en tres puntos distintos de la cuidad y a la vez dispone de cuatro actividades diferentes para los Adultos Mayores.<\/p>\n<figure id=\"attachment_69607\" aria-describedby=\"caption-attachment-69607\" style=\"width: 740px\" class=\"wp-caption aligncenter\"><img loading=\"lazy\" decoding=\"async\" data-attachment-id=\"69607\" data-permalink=\"https:\/\/www.hoymercedes.com.ar\/principal\/2017\/11\/12\/iniciaron-proyecto-gimnasia-y-deportes-para-adultos-mayores\/12-adultos-mayores-2\/#main\" data-orig-file=\"https:\/\/www.hoymercedes.com.ar\/principal\/wp-content\/uploads\/2017\/11\/12-adultos-mayores-2.jpg\" data-orig-size=\"750,563\" data-comments-opened=\"0\" data-image-meta=\"{&quot;aperture&quot;:&quot;0&quot;,&quot;credit&quot;:&quot;&quot;,&quot;camera&quot;:&quot;&quot;,&quot;caption&quot;:&quot;&quot;,&quot;created_timestamp&quot;:&quot;0&quot;,&quot;copyright&quot;:&quot;&quot;,&quot;focal_length&quot;:&quot;0&quot;,&quot;iso&quot;:&quot;0&quot;,&quot;shutter_speed&quot;:&quot;0&quot;,&quot;title&quot;:&quot;&quot;,&quot;orientation&quot;:&quot;0&quot;}\" data-image-title=\"12 adultos mayores 2\" data-image-description=\"\" data-image-caption=\"&lt;p&gt;Los Adultos Mayores tienen la posibilidad de hacer tejo en Villa del Parque&lt;\/p&gt;\n\" data-large-file=\"https:\/\/www.hoymercedes.com.ar\/principal\/wp-content\/uploads\/2017\/11\/12-adultos-mayores-2.jpg\" class=\"size-full wp-image-69607\" src=\"https:\/\/www.hoymercedes.com.ar\/principal\/wp-content\/uploads\/2017\/11\/12-adultos-mayores-2.jpg\" alt=\"\" width=\"750\" height=\"563\" srcset=\"https:\/\/www.hoymercedes.com.ar\/principal\/wp-content\/uploads\/2017\/11\/12-adultos-mayores-2.jpg 750w, https:\/\/www.hoymercedes.com.ar\/principal\/wp-content\/uploads\/2017\/11\/12-adultos-mayores-2-150x113.jpg 150w, https:\/\/www.hoymercedes.com.ar\/principal\/wp-content\/uploads\/2017\/11\/12-adultos-mayores-2-630x473.jpg 630w\" sizes=\"auto, (max-width: 750px) 100vw, 750px\" \/><figcaption id=\"caption-attachment-69607\" class=\"wp-caption-text\">Los Adultos Mayores tienen la posibilidad de hacer tejo en Villa del Parque<\/figcaption><\/figure>\n<p>Con el objetivo de promover la salud, tanto f\u00edsica como emocional, propiciando la construcci\u00f3n de un envejecimiento normal, promoviendo tanto lazos sociales y evitando o mejorando cuadros cl\u00ednicos como hipertensi\u00f3n, diabetes, accidentes cerebrovasculares, mejorar la masa muscular y articular para evitar as\u00ed las \u00abtan temidas ca\u00eddas\u00bb.<\/p>\n<p>El proyecto de la Direcci\u00f3n se lleva adelante en La Trocha, en el Mart\u00edn Rodr\u00edguez y Sociedades de Fomento de Villa del Parque. Promociona actividades como el Tejo, la caminara, la gimnasia y el entrenamiento f\u00edsico. La participaci\u00f3n para los Adultos es libre y gratuita. Pueden presentarse los d\u00edas y horas pautadas y anotarse con el profesor Javier Sarangelo.<\/p>\n<ul>\n<li>Martes de 9 a 11 horas. Tejo en la Sociedad de Fomento Villa del Parque.<\/li>\n<li>Mi\u00e9rcoles de 9 a 11 horas. Gimnasia en el predio del Mart\u00edn Rodr\u00edguez (ingresando por 6 y 9).<\/li>\n<li>Jueves de 9 a 11 horas. Entrenamiento f\u00edsico en el predio del Mart\u00edn Rodr\u00edguez (ingresando por 6 y 9).<\/li>\n<li>Viernes de 9 a 11 horas. Caminata en La Trocha.<\/li>\n<\/ul>\n<figure id=\"attachment_69606\" aria-describedby=\"caption-attachment-69606\" style=\"width: 740px\" class=\"wp-caption aligncenter\"><img loading=\"lazy\" decoding=\"async\" data-attachment-id=\"69606\" data-permalink=\"https:\/\/www.hoymercedes.com.ar\/principal\/2017\/11\/12\/iniciaron-proyecto-gimnasia-y-deportes-para-adultos-mayores\/12-adultos-mayores-1\/#main\" data-orig-file=\"https:\/\/www.hoymercedes.com.ar\/principal\/wp-content\/uploads\/2017\/11\/12-adultos-mayores-1.jpg\" data-orig-size=\"750,563\" data-comments-opened=\"0\" data-image-meta=\"{&quot;aperture&quot;:&quot;0&quot;,&quot;credit&quot;:&quot;&quot;,&quot;camera&quot;:&quot;&quot;,&quot;caption&quot;:&quot;&quot;,&quot;created_timestamp&quot;:&quot;0&quot;,&quot;copyright&quot;:&quot;&quot;,&quot;focal_length&quot;:&quot;0&quot;,&quot;iso&quot;:&quot;0&quot;,&quot;shutter_speed&quot;:&quot;0&quot;,&quot;title&quot;:&quot;&quot;,&quot;orientation&quot;:&quot;0&quot;}\" data-image-title=\"12 adultos mayores 1\" data-image-description=\"\" data-image-caption=\"&lt;p&gt;Gimnasia y Entrenamiento f\u00edsico en el Mart\u00edn Rodr\u00edguez&lt;\/p&gt;\n\" data-large-file=\"https:\/\/www.hoymercedes.com.ar\/principal\/wp-content\/uploads\/2017\/11\/12-adultos-mayores-1.jpg\" class=\"size-full wp-image-69606\" src=\"https:\/\/www.hoymercedes.com.ar\/principal\/wp-content\/uploads\/2017\/11\/12-adultos-mayores-1.jpg\" alt=\"\" width=\"750\" height=\"563\" srcset=\"https:\/\/www.hoymercedes.com.ar\/principal\/wp-content\/uploads\/2017\/11\/12-adultos-mayores-1.jpg 750w, https:\/\/www.hoymercedes.com.ar\/principal\/wp-content\/uploads\/2017\/11\/12-adultos-mayores-1-150x113.jpg 150w, https:\/\/www.hoymercedes.com.ar\/principal\/wp-content\/uploads\/2017\/11\/12-adultos-mayores-1-630x473.jpg 630w\" sizes=\"auto, (max-width: 750px) 100vw, 750px\" \/><figcaption id=\"caption-attachment-69606\" class=\"wp-caption-text\">Gimnasia y Entrenamiento f\u00edsico en el Mart\u00edn Rodr\u00edguez<\/figcaption><\/figure>\n","protected":false},"excerpt":{"rendered":"<p>Desde la Direcci\u00f3n de Adultos Mayores de la Municipalidad se lanz\u00f3 un nuevo proyecto denominado \u00abGimnasia y Deporte para Adultos &#8230; <a title=\"Iniciaron proyecto \u00abGimnasia y Deportes para Adultos Mayores\u00bb\" class=\"read-more\" href=\"https:\/\/www.hoymercedes.com.ar\/principal\/2017\/11\/12\/iniciaron-proyecto-gimnasia-y-deportes-para-adultos-mayores\/\" aria-label=\"Leer m\u00e1s sobre Iniciaron proyecto \u00abGimnasia y Deportes para Adultos Mayores\u00bb\">Leer m\u00e1s<\/a><\/p>\n","protected":false},"author":1,"featured_media":69606,"comment_status":"closed","ping_status":"open","sticky":false,"template":"","format":"standard","meta":{"_monsterinsights_skip_tracking":false,"_monsterinsights_sitenote_active":false,"_monsterinsights_sitenote_note":"","_monsterinsights_sitenote_category":0,"jetpack_post_was_ever_published":false,"_jetpack_newsletter_access":"","_jetpack_dont_email_post_to_subs":false,"_jetpack_newsletter_tier_id":0,"_jetpack_memberships_contains_paywalled_content":false,"_jetpack_memberships_contains_paid_content":false,"footnotes":"","jetpack_publicize_message":"","jetpack_publicize_feature_enabled":true,"jetpack_social_post_already_shared":true,"jetpack_social_options":{"image_generator_settings":{"template":"highway","default_image_id":0,"font":"","enabled":false},"version":2},"_wpas_customize_per_network":false},"categories":[30],"tags":[8752,204,244],"class_list":["post-69605","post","type-post","status-publish","format-standard","has-post-thumbnail","hentry","category-municipio","tag-adultos-mayores","tag-deportes-2","tag-municipio-2","generate-columns","tablet-grid-50","mobile-grid-100","grid-parent","grid-50"],"jetpack_publicize_connections":[],"jetpack_featured_media_url":"https:\/\/www.hoymercedes.com.ar\/principal\/wp-content\/uploads\/2017\/11\/12-adultos-mayores-1.jpg","wps_subtitle":"Cuatro propuestas deportivas","jetpack_sharing_enabled":true,"_links":{"self":[{"href":"https:\/\/www.hoymercedes.com.ar\/principal\/wp-json\/wp\/v2\/posts\/69605","targetHints":{"allow":["GET"]}}],"collection":[{"href":"https:\/\/www.hoymercedes.com.ar\/principal\/wp-json\/wp\/v2\/posts"}],"about":[{"href":"https:\/\/www.hoymercedes.com.ar\/principal\/wp-json\/wp\/v2\/types\/post"}],"author":[{"embeddable":true,"href":"https:\/\/www.hoymercedes.com.ar\/principal\/wp-json\/wp\/v2\/users\/1"}],"replies":[{"embeddable":true,"href":"https:\/\/www.hoymercedes.com.ar\/principal\/wp-json\/wp\/v2\/comments?post=69605"}],"version-history":[{"count":0,"href":"https:\/\/www.hoymercedes.com.ar\/principal\/wp-json\/wp\/v2\/posts\/69605\/revisions"}],"wp:featuredmedia":[{"embeddable":true,"href":"https:\/\/www.hoymercedes.com.ar\/principal\/wp-json\/wp\/v2\/media\/69606"}],"wp:attachment":[{"href":"https:\/\/www.hoymercedes.com.ar\/principal\/wp-json\/wp\/v2\/media?parent=69605"}],"wp:term":[{"taxonomy":"category","embeddable":true,"href":"https:\/\/www.hoymercedes.com.ar\/principal\/wp-json\/wp\/v2\/categories?post=69605"},{"taxonomy":"post_tag","embeddable":true,"href":"https:\/\/www.hoymercedes.com.ar\/principal\/wp-json\/wp\/v2\/tags?post=69605"}],"curies":[{"name":"wp","href":"https:\/\/api.w.org\/{rel}","templated":true}]}}