{"id":69619,"date":"2017-11-13T10:50:25","date_gmt":"2017-11-13T13:50:25","guid":{"rendered":"http:\/\/www.hoymercedes.com.ar\/principal\/?p=69619"},"modified":"2017-11-13T15:50:25","modified_gmt":"2017-11-13T18:50:25","slug":"el-rio-lujan-tuvo-su-dia-de-festejo-con-musica-embarcaciones-y-concientizacion","status":"publish","type":"post","link":"https:\/\/www.hoymercedes.com.ar\/principal\/2017\/11\/13\/el-rio-lujan-tuvo-su-dia-de-festejo-con-musica-embarcaciones-y-concientizacion\/","title":{"rendered":"El R\u00edo Luj\u00e1n tuvo su d\u00eda de festejo con m\u00fasica, embarcaciones y concientizaci\u00f3n"},"content":{"rendered":"<figure id=\"attachment_69621\" aria-describedby=\"caption-attachment-69621\" style=\"width: 720px\" class=\"wp-caption aligncenter\"><img loading=\"lazy\" decoding=\"async\" data-attachment-id=\"69621\" data-permalink=\"https:\/\/www.hoymercedes.com.ar\/principal\/2017\/11\/13\/el-rio-lujan-tuvo-su-dia-de-festejo-con-musica-embarcaciones-y-concientizacion\/fiesta-del-rio-2017\/#main\" data-orig-file=\"https:\/\/www.hoymercedes.com.ar\/principal\/wp-content\/uploads\/2017\/11\/fiesta-del-rio-2017.jpg\" data-orig-size=\"730,411\" data-comments-opened=\"0\" data-image-meta=\"{&quot;aperture&quot;:&quot;0&quot;,&quot;credit&quot;:&quot;&quot;,&quot;camera&quot;:&quot;&quot;,&quot;caption&quot;:&quot;&quot;,&quot;created_timestamp&quot;:&quot;0&quot;,&quot;copyright&quot;:&quot;&quot;,&quot;focal_length&quot;:&quot;0&quot;,&quot;iso&quot;:&quot;0&quot;,&quot;shutter_speed&quot;:&quot;0&quot;,&quot;title&quot;:&quot;&quot;,&quot;orientation&quot;:&quot;0&quot;}\" data-image-title=\"fiesta-del-rio-2017\" data-image-description=\"\" data-image-caption=\"\" data-large-file=\"https:\/\/www.hoymercedes.com.ar\/principal\/wp-content\/uploads\/2017\/11\/fiesta-del-rio-2017.jpg\" class=\"wp-image-69621 size-full\" src=\"https:\/\/www.hoymercedes.com.ar\/principal\/wp-content\/uploads\/2017\/11\/fiesta-del-rio-2017.jpg\" alt=\"\" width=\"730\" height=\"411\" srcset=\"https:\/\/www.hoymercedes.com.ar\/principal\/wp-content\/uploads\/2017\/11\/fiesta-del-rio-2017.jpg 730w, https:\/\/www.hoymercedes.com.ar\/principal\/wp-content\/uploads\/2017\/11\/fiesta-del-rio-2017-150x84.jpg 150w, https:\/\/www.hoymercedes.com.ar\/principal\/wp-content\/uploads\/2017\/11\/fiesta-del-rio-2017-630x355.jpg 630w\" sizes=\"auto, (max-width: 730px) 100vw, 730px\" \/><figcaption id=\"caption-attachment-69621\" class=\"wp-caption-text\">Desde Garc\u00eda partieron casi medio centenar de navegantes<\/figcaption><\/figure>\n<p>Durante la jornada de este domingo el R\u00edo Luj\u00e1n fue el escenario de una nueva \u201cFiesta del R\u00edo\u201d organizada por S.O.S H\u00e1bitar, Amigos del R\u00edo Luj\u00e1n y el acompa\u00f1amiento de la Municipalidad de Mercedes. La idea fue concientizar sobre la importancia de su cuidado, que es parte central de la vida humana y el ambiente y, por supuesto, conmemorar que el pasado 4 de noviembre fue declarado como \u201cd\u00eda del R\u00edo Luj\u00e1n\u201d en toda la provincia.<\/p>\n<p>En el parque municipal independencia, que est\u00e1 siendo parte de un proceso planificado de mejoras por parte de la Comuna y por ella ya se empieza a ver la acumulaci\u00f3n de tosca, materiales e incluso la colocaci\u00f3n de nuevos juegos, se vivi\u00f3 una fiesta familiar, con m\u00fasica y navegaci\u00f3n desde Garc\u00eda hasta la Pasarela.<\/p>\n<figure id=\"attachment_69622\" aria-describedby=\"caption-attachment-69622\" style=\"width: 720px\" class=\"wp-caption aligncenter\"><img loading=\"lazy\" decoding=\"async\" data-attachment-id=\"69622\" data-permalink=\"https:\/\/www.hoymercedes.com.ar\/principal\/2017\/11\/13\/el-rio-lujan-tuvo-su-dia-de-festejo-con-musica-embarcaciones-y-concientizacion\/canoas-rio\/#main\" data-orig-file=\"https:\/\/www.hoymercedes.com.ar\/principal\/wp-content\/uploads\/2017\/11\/Canoas.Rio_.jpg\" data-orig-size=\"730,488\" data-comments-opened=\"0\" data-image-meta=\"{&quot;aperture&quot;:&quot;0&quot;,&quot;credit&quot;:&quot;&quot;,&quot;camera&quot;:&quot;&quot;,&quot;caption&quot;:&quot;&quot;,&quot;created_timestamp&quot;:&quot;0&quot;,&quot;copyright&quot;:&quot;&quot;,&quot;focal_length&quot;:&quot;0&quot;,&quot;iso&quot;:&quot;0&quot;,&quot;shutter_speed&quot;:&quot;0&quot;,&quot;title&quot;:&quot;&quot;,&quot;orientation&quot;:&quot;0&quot;}\" data-image-title=\"Canoas.Rio\" data-image-description=\"\" data-image-caption=\"&lt;p&gt;Gran fiesta del R\u00edo&lt;\/p&gt;\n\" data-large-file=\"https:\/\/www.hoymercedes.com.ar\/principal\/wp-content\/uploads\/2017\/11\/Canoas.Rio_.jpg\" class=\"size-full wp-image-69622\" src=\"https:\/\/www.hoymercedes.com.ar\/principal\/wp-content\/uploads\/2017\/11\/Canoas.Rio_.jpg\" alt=\"\" width=\"730\" height=\"488\" srcset=\"https:\/\/www.hoymercedes.com.ar\/principal\/wp-content\/uploads\/2017\/11\/Canoas.Rio_.jpg 730w, https:\/\/www.hoymercedes.com.ar\/principal\/wp-content\/uploads\/2017\/11\/Canoas.Rio_-150x100.jpg 150w, https:\/\/www.hoymercedes.com.ar\/principal\/wp-content\/uploads\/2017\/11\/Canoas.Rio_-630x421.jpg 630w\" sizes=\"auto, (max-width: 730px) 100vw, 730px\" \/><figcaption id=\"caption-attachment-69622\" class=\"wp-caption-text\">Gran fiesta del R\u00edo<\/figcaption><\/figure>\n<p>Natalia Solari, una de las activa part\u00edcipe de la propuesta, sostuvo que \u201cesta fue la segunda remada organizada por S.O.S. h\u00e1bitat, Amigos del R\u00edo Luj\u00e1n y con el apoyo de la Municipalidad de Mercedes\u201d cont\u00f3 sobre la nueva \u201cFiesta del R\u00edo que es una idea surgi\u00f3 el a\u00f1o pasado para volver a tener respeto por el cauce, para conocerlo de otra manera y remarlo y as\u00ed ver lo que tenemos en nuestra ciudad. En el d\u00eda de hoy se acercaron m\u00e1s de 30 embarcaciones, vecinos no s\u00f3lo de mercedes sino tambi\u00e9n de Suipacha que se acercaron a Garc\u00eda, que fue de donde salimos rumbo a Mercedes, pasamos por algunos lugares por donde se ve que todav\u00eda hace falta concientizar a las personas por basura que se ve en la orilla. La idea de este encuentro es que la familia vuelva al parque, que el mismo vuelva a ser un lugar de encuentro y disfrutar de un domingo en familia. Agradecemos al Mat\u00edas Dematei que lo hizo con nosotros y este a\u00f1o se hizo en homenaje a Rub\u00e9n Rinaldi que en el a\u00f1o 92 empez\u00f3 con el zafar\u00ed n\u00e1utico como Amigo del R\u00edo Luj\u00e1n\u00bb cont\u00f3 Solari Solari<\/p>\n<blockquote class=\"twitter-tweet\" data-lang=\"es\">\n<p dir=\"ltr\" lang=\"es\">R\u00edo Luj\u00e1n tuvo su fiesta con casi medio centenar de navegantes. <a href=\"https:\/\/t.co\/UilnsPK5T4\">pic.twitter.com\/UilnsPK5T4<\/a><\/p>\n<p>\u2014 Hoy Mercedes (@hoymercedes) <a href=\"https:\/\/twitter.com\/hoymercedes\/status\/929873704280051712?ref_src=twsrc%5Etfw\" target=\"_blank\" rel=\"noopener\">13 de noviembre de 2017<\/a><\/p><\/blockquote>\n<p><script async src=\"https:\/\/platform.twitter.com\/widgets.js\" charset=\"utf-8\"><\/script><\/p>\n<p>M\u00e1s adelante coment\u00f3 que \u00abRub\u00e9n fue uno de los fundadores del grupo y toda la vida fue un luchador por el r\u00edo, siempre estuvo realizando actividades a la orilla del r\u00edo. Hoy es un homenaje a pocos d\u00edas de su fallecimiento, luego de una larga dolencia, esta semana vamos a plantar un Ceibo en su nombre y lo vamos a poner en el predio de los Amigos del R\u00edo Lujan. Queremos crear conciencia de lo que significa tener un r\u00edo. Esta fue un de las traves\u00edas m\u00e1s lindas que tuvimos con el acompa\u00f1amiento de los vecinos. Queremos agradecer al intendente Ustarroz y a todo el Municipio por el apoyo que hemos tenido\u00bb, sostuvo la joven mercedina.<\/p>\n<figure id=\"attachment_69623\" aria-describedby=\"caption-attachment-69623\" style=\"width: 720px\" class=\"wp-caption aligncenter\"><img loading=\"lazy\" decoding=\"async\" data-attachment-id=\"69623\" data-permalink=\"https:\/\/www.hoymercedes.com.ar\/principal\/2017\/11\/13\/el-rio-lujan-tuvo-su-dia-de-festejo-con-musica-embarcaciones-y-concientizacion\/navegacion-rio\/#main\" data-orig-file=\"https:\/\/www.hoymercedes.com.ar\/principal\/wp-content\/uploads\/2017\/11\/navegacion-rio-.jpg\" data-orig-size=\"730,411\" data-comments-opened=\"0\" data-image-meta=\"{&quot;aperture&quot;:&quot;0&quot;,&quot;credit&quot;:&quot;&quot;,&quot;camera&quot;:&quot;&quot;,&quot;caption&quot;:&quot;&quot;,&quot;created_timestamp&quot;:&quot;0&quot;,&quot;copyright&quot;:&quot;&quot;,&quot;focal_length&quot;:&quot;0&quot;,&quot;iso&quot;:&quot;0&quot;,&quot;shutter_speed&quot;:&quot;0&quot;,&quot;title&quot;:&quot;&quot;,&quot;orientation&quot;:&quot;0&quot;}\" data-image-title=\"navegacion-rio-\" data-image-description=\"\" data-image-caption=\"&lt;p&gt;Familias, amigos y protectores el medio ambiente se dieron cita.&lt;\/p&gt;\n\" data-large-file=\"https:\/\/www.hoymercedes.com.ar\/principal\/wp-content\/uploads\/2017\/11\/navegacion-rio-.jpg\" class=\"size-full wp-image-69623\" src=\"https:\/\/www.hoymercedes.com.ar\/principal\/wp-content\/uploads\/2017\/11\/navegacion-rio-.jpg\" alt=\"\" width=\"730\" height=\"411\" srcset=\"https:\/\/www.hoymercedes.com.ar\/principal\/wp-content\/uploads\/2017\/11\/navegacion-rio-.jpg 730w, https:\/\/www.hoymercedes.com.ar\/principal\/wp-content\/uploads\/2017\/11\/navegacion-rio--150x84.jpg 150w, https:\/\/www.hoymercedes.com.ar\/principal\/wp-content\/uploads\/2017\/11\/navegacion-rio--630x355.jpg 630w\" sizes=\"auto, (max-width: 730px) 100vw, 730px\" \/><figcaption id=\"caption-attachment-69623\" class=\"wp-caption-text\">Familias, amigos y protectores el medio ambiente se dieron cita.<\/figcaption><\/figure>\n<p><strong>Importancia<\/strong><\/p>\n<p>\u00abTenemos algo que no se ve en todas las ciudades, tenemos un cauce de agua dulce, tenemos un parque con muchos \u00e1rboles que tenemos que seguir protegiendo y eso no se ve en todos lados, desde la Asociaci\u00f3n y desde el municipio queremos que se pueda aprovechar mejor el parque para el disfrute de los vecinos, que se puedan ver embarcaciones todo el a\u00f1o disfrutando del r\u00edo y dejemos de convertirlo en una cloaca\u00bb remarc\u00f3 Natalia Solari.<\/p>\n<p>Por su parte, cuando se conoc\u00eda la noticia, el Jefe de Gabinete, Ger\u00f3nimo \u201cZaza\u201d Ustarroz, expresaba que \u201cquiero agradecerles el esp\u00edritu que tienen para el cuidado del r\u00edo, lo que nos contagian, nos ense\u00f1an. Nosotros estamos en pleno proceso de revalorizaci\u00f3n del parque Municipal con muchos proyectos concretos que har\u00e1 los vecinos tengan un lindo lugar para pasar el tiempo libre\u201d.<\/p>\n<p><strong>Navegaci\u00f3n<\/strong><\/p>\n<p>A las 08.30hs se reunieron en el Corral\u00f3n Municipal desde donde partieron en camiones a la localidad de Garc\u00eda. Desde all\u00ed, remando, embarcaciones sin motor, desde kayak a inflables, hicieron la traves\u00eda que dur\u00f3 varias horas hasta el parque municipal, donde los esperaba una \u201cchoripaneada\u201d, mates, m\u00fasica en vivo y la satisfacci\u00f3n de la tarea cumplida.<\/p>\n<figure id=\"attachment_69624\" aria-describedby=\"caption-attachment-69624\" style=\"width: 710px\" class=\"wp-caption aligncenter\"><img loading=\"lazy\" decoding=\"async\" data-attachment-id=\"69624\" data-permalink=\"https:\/\/www.hoymercedes.com.ar\/principal\/2017\/11\/13\/el-rio-lujan-tuvo-su-dia-de-festejo-con-musica-embarcaciones-y-concientizacion\/soshabitarcanoa\/#main\" data-orig-file=\"https:\/\/www.hoymercedes.com.ar\/principal\/wp-content\/uploads\/2017\/11\/soshabitarcanoa.jpeg\" data-orig-size=\"720,1280\" data-comments-opened=\"0\" data-image-meta=\"{&quot;aperture&quot;:&quot;0&quot;,&quot;credit&quot;:&quot;&quot;,&quot;camera&quot;:&quot;&quot;,&quot;caption&quot;:&quot;&quot;,&quot;created_timestamp&quot;:&quot;0&quot;,&quot;copyright&quot;:&quot;&quot;,&quot;focal_length&quot;:&quot;0&quot;,&quot;iso&quot;:&quot;0&quot;,&quot;shutter_speed&quot;:&quot;0&quot;,&quot;title&quot;:&quot;&quot;,&quot;orientation&quot;:&quot;0&quot;}\" data-image-title=\"soshabitarcanoa\" data-image-description=\"\" data-image-caption=\"&lt;p&gt;S.O.S H\u00e1bitat una de las instituciones que lucha por la toma de consciencia&lt;\/p&gt;\n\" data-large-file=\"https:\/\/www.hoymercedes.com.ar\/principal\/wp-content\/uploads\/2017\/11\/soshabitarcanoa-576x1024.jpeg\" class=\"size-full wp-image-69624\" src=\"https:\/\/www.hoymercedes.com.ar\/principal\/wp-content\/uploads\/2017\/11\/soshabitarcanoa.jpeg\" alt=\"\" width=\"720\" height=\"1280\" srcset=\"https:\/\/www.hoymercedes.com.ar\/principal\/wp-content\/uploads\/2017\/11\/soshabitarcanoa.jpeg 720w, https:\/\/www.hoymercedes.com.ar\/principal\/wp-content\/uploads\/2017\/11\/soshabitarcanoa-84x150.jpeg 84w, https:\/\/www.hoymercedes.com.ar\/principal\/wp-content\/uploads\/2017\/11\/soshabitarcanoa-349x620.jpeg 349w, https:\/\/www.hoymercedes.com.ar\/principal\/wp-content\/uploads\/2017\/11\/soshabitarcanoa-576x1024.jpeg 576w\" sizes=\"auto, (max-width: 720px) 100vw, 720px\" \/><figcaption id=\"caption-attachment-69624\" class=\"wp-caption-text\">S.O.S H\u00e1bitat una de las instituciones que lucha por la toma de consciencia<\/figcaption><\/figure>\n<p><span style=\"color: #999999;\">Fuente: Municipio<\/span><\/p>\n","protected":false},"excerpt":{"rendered":"<p>Durante la jornada de este domingo el R\u00edo Luj\u00e1n fue el escenario de una nueva \u201cFiesta del R\u00edo\u201d organizada por &#8230; <a title=\"El R\u00edo Luj\u00e1n tuvo su d\u00eda de festejo con m\u00fasica, embarcaciones y concientizaci\u00f3n\" class=\"read-more\" href=\"https:\/\/www.hoymercedes.com.ar\/principal\/2017\/11\/13\/el-rio-lujan-tuvo-su-dia-de-festejo-con-musica-embarcaciones-y-concientizacion\/\" aria-label=\"Leer m\u00e1s sobre El R\u00edo Luj\u00e1n tuvo su d\u00eda de festejo con m\u00fasica, embarcaciones y concientizaci\u00f3n\">Leer m\u00e1s<\/a><\/p>\n","protected":false},"author":1,"featured_media":69621,"comment_status":"closed","ping_status":"open","sticky":false,"template":"","format":"standard","meta":{"_monsterinsights_skip_tracking":false,"_monsterinsights_sitenote_active":false,"_monsterinsights_sitenote_note":"","_monsterinsights_sitenote_category":0,"jetpack_post_was_ever_published":false,"_jetpack_newsletter_access":"","_jetpack_dont_email_post_to_subs":false,"_jetpack_newsletter_tier_id":0,"_jetpack_memberships_contains_paywalled_content":false,"_jetpack_memberships_contains_paid_content":false,"footnotes":"","jetpack_publicize_message":"","jetpack_publicize_feature_enabled":true,"jetpack_social_post_already_shared":true,"jetpack_social_options":{"image_generator_settings":{"template":"highway","default_image_id":0,"font":"","enabled":false},"version":2},"_wpas_customize_per_network":false},"categories":[8],"tags":[12205,244,402,681],"class_list":["post-69619","post","type-post","status-publish","format-standard","has-post-thumbnail","hentry","category-sociedad","tag-fiesta-del-rio","tag-municipio-2","tag-rio-lujan","tag-s-o-s-habitat","generate-columns","tablet-grid-50","mobile-grid-100","grid-parent","grid-50"],"jetpack_publicize_connections":[],"jetpack_featured_media_url":"https:\/\/www.hoymercedes.com.ar\/principal\/wp-content\/uploads\/2017\/11\/fiesta-del-rio-2017.jpg","wps_subtitle":"Conciencia y cuidados","jetpack_sharing_enabled":true,"_links":{"self":[{"href":"https:\/\/www.hoymercedes.com.ar\/principal\/wp-json\/wp\/v2\/posts\/69619","targetHints":{"allow":["GET"]}}],"collection":[{"href":"https:\/\/www.hoymercedes.com.ar\/principal\/wp-json\/wp\/v2\/posts"}],"about":[{"href":"https:\/\/www.hoymercedes.com.ar\/principal\/wp-json\/wp\/v2\/types\/post"}],"author":[{"embeddable":true,"href":"https:\/\/www.hoymercedes.com.ar\/principal\/wp-json\/wp\/v2\/users\/1"}],"replies":[{"embeddable":true,"href":"https:\/\/www.hoymercedes.com.ar\/principal\/wp-json\/wp\/v2\/comments?post=69619"}],"version-history":[{"count":0,"href":"https:\/\/www.hoymercedes.com.ar\/principal\/wp-json\/wp\/v2\/posts\/69619\/revisions"}],"wp:featuredmedia":[{"embeddable":true,"href":"https:\/\/www.hoymercedes.com.ar\/principal\/wp-json\/wp\/v2\/media\/69621"}],"wp:attachment":[{"href":"https:\/\/www.hoymercedes.com.ar\/principal\/wp-json\/wp\/v2\/media?parent=69619"}],"wp:term":[{"taxonomy":"category","embeddable":true,"href":"https:\/\/www.hoymercedes.com.ar\/principal\/wp-json\/wp\/v2\/categories?post=69619"},{"taxonomy":"post_tag","embeddable":true,"href":"https:\/\/www.hoymercedes.com.ar\/principal\/wp-json\/wp\/v2\/tags?post=69619"}],"curies":[{"name":"wp","href":"https:\/\/api.w.org\/{rel}","templated":true}]}}