{"id":69654,"date":"2017-11-13T20:23:24","date_gmt":"2017-11-13T23:23:24","guid":{"rendered":"http:\/\/www.hoymercedes.com.ar\/principal\/?p=69654"},"modified":"2017-11-13T21:12:02","modified_gmt":"2017-11-14T00:12:02","slug":"el-1-x-1-de-club-mercedes-ante-independiente-de-chivilcoy","status":"publish","type":"post","link":"https:\/\/www.hoymercedes.com.ar\/principal\/2017\/11\/13\/el-1-x-1-de-club-mercedes-ante-independiente-de-chivilcoy\/","title":{"rendered":"El 1 x 1 de Club Mercedes ante Independiente de Chivilcoy"},"content":{"rendered":"<p><em><strong>Club Mercedes obtuvo el s\u00e1bado el punto que necesitaba ante Independiente de Chivilcoy jug\u00e1ndole de forma inteligente en un reducto complicado y con un arbitraje que comenz\u00f3 bien, pero que con el correr de los minutos, particularmente en el segundo tiempo, complic\u00f3 al blanquinegro, que se qued\u00f3 con uno menos por la expulsi\u00f3n de Contardi. A continuaci\u00f3n, el 1 x 1 de Mercedes ante el rojo.<\/strong><\/em><\/p>\n<figure id=\"attachment_69662\" aria-describedby=\"caption-attachment-69662\" style=\"width: 690px\" class=\"wp-caption aligncenter\"><img loading=\"lazy\" decoding=\"async\" data-attachment-id=\"69662\" data-permalink=\"https:\/\/www.hoymercedes.com.ar\/principal\/2017\/11\/13\/el-1-x-1-de-club-mercedes-ante-independiente-de-chivilcoy\/img_5393\/#main\" data-orig-file=\"https:\/\/www.hoymercedes.com.ar\/principal\/wp-content\/uploads\/2017\/11\/IMG_5393.jpg\" data-orig-size=\"700,466\" data-comments-opened=\"0\" data-image-meta=\"{&quot;aperture&quot;:&quot;7.1&quot;,&quot;credit&quot;:&quot;&quot;,&quot;camera&quot;:&quot;Canon EOS DIGITAL REBEL XSi&quot;,&quot;caption&quot;:&quot;&quot;,&quot;created_timestamp&quot;:&quot;1510418953&quot;,&quot;copyright&quot;:&quot;&quot;,&quot;focal_length&quot;:&quot;21&quot;,&quot;iso&quot;:&quot;400&quot;,&quot;shutter_speed&quot;:&quot;0.002&quot;,&quot;title&quot;:&quot;&quot;,&quot;orientation&quot;:&quot;1&quot;}\" data-image-title=\"IMG_5393\" data-image-description=\"\" data-image-caption=\"&lt;p&gt;La formaci\u00f3n de Club Mercedes ante Independiente de Chivilcoy.&lt;\/p&gt;\n\" data-large-file=\"https:\/\/www.hoymercedes.com.ar\/principal\/wp-content\/uploads\/2017\/11\/IMG_5393.jpg\" class=\"size-full wp-image-69662\" src=\"https:\/\/www.hoymercedes.com.ar\/principal\/wp-content\/uploads\/2017\/11\/IMG_5393.jpg\" alt=\"\" width=\"700\" height=\"466\" srcset=\"https:\/\/www.hoymercedes.com.ar\/principal\/wp-content\/uploads\/2017\/11\/IMG_5393.jpg 700w, https:\/\/www.hoymercedes.com.ar\/principal\/wp-content\/uploads\/2017\/11\/IMG_5393-150x100.jpg 150w, https:\/\/www.hoymercedes.com.ar\/principal\/wp-content\/uploads\/2017\/11\/IMG_5393-630x419.jpg 630w\" sizes=\"auto, (max-width: 700px) 100vw, 700px\" \/><figcaption id=\"caption-attachment-69662\" class=\"wp-caption-text\">La formaci\u00f3n de Club Mercedes ante Independiente de Chivilcoy.<\/figcaption><\/figure>\n<p><strong>Francisco Bidone (5):<\/strong> El arquero mercedino tuvo poco trabajo, ya que Independiente abus\u00f3 durante 65 minutos del pelotazo y al no tener f\u00fatbol, no llegaba al \u00e1rea. Sin embargo, sali\u00f3 mal en el gol de los locales. Otro error de un arquero que viene haciendo sus primeros pasos en la divisional.<\/p>\n<p><strong>Juan Pedro Gatti (6):<\/strong> Al igual que Regueiro, devolvi\u00f3 todo lo que pas\u00f3 cerca de la zaga central. Atento en la marca, no se dej\u00f3 sorprender en ning\u00fan momento. Otro buen partido el defensor mercedino.<\/p>\n<p><strong>Thomas Schenone (6):<\/strong> Muy atento a la marca, ya que Independiente atac\u00f3 mucho por los costados. Tuvo una clara situaci\u00f3n de gol que con su cabeza no pudo concretar. En el segundo tiempo no lo aprovecharon, ya que Mercedes atac\u00f3 siempre por derecha.<\/p>\n<p><strong>Mat\u00edas Pineda (5):<\/strong> A nivel defensivo, en el primer tiempo no tuvo mayores inconvenientes y en el segundo lo hicieron trabajar demasiado. De hecho, el gol de Independiente lleg\u00f3 por su sector. En ataque, en el primer tiempo desperdici\u00f3 dos centros importantes y en el complemento no gravit\u00f3.<\/p>\n<p><strong>Daniel Ojeda (6):<\/strong> Como siempre, el equilibrio en la cancha. Neutraliz\u00f3 bien el mediocampo local y junto a Barrientos, mostraron la jerarqu\u00eda necesaria para que Mercedes realice un buen partido<\/p>\n<p><strong>Gabino Regueiro (6):<\/strong> Junto a Juan Pedro Gatti realizaron un partido pr\u00e1cticamente sin errores. El defensor de Mercedes en una oportunidad cerr\u00f3 mal en el primer tiempo y casi genera una situaci\u00f3n de peligro. M\u00e1s all\u00e1 de eso, no tuvo falencias.<\/p>\n<p><strong>Cristian Barrientos (6):<\/strong> Trabaj\u00f3 en el doble cinco junto a Ojeda y su experiencia m\u00e1s la de su compa\u00f1ero fueron muy importantes en los primeros 45 minutos. En el segundo tiempo su actuaci\u00f3n decay\u00f3 un poco, junto al resto del equipo, en especial despu\u00e9s de los tres cambios que realiz\u00f3 Independiente.<\/p>\n<p><strong>Joaqu\u00edn Parra (7):<\/strong> Tal vez su mejor partido en el torneo. Fue el que asisti\u00f3 a Lawler en el gol. Anteriormente tuvo una similar, pero no tan bien direccionada. Particip\u00f3 mucho en ataque, estuvo acertado. Sigue yendo de menor a mayor en el torneo.<\/p>\n<p><strong>Franco Gatti (6):<\/strong> Sin tanta gravitaci\u00f3n en el juego colectivo, tuvo una inmejorable situaci\u00f3n de peligro que el arquero Banchero sac\u00f3 con la zurda. El gol se le sigue negando. Por su lado estuvo Portessi, con el que no se pudo asociar demasiado. Fue reemplazado por Alarc\u00f3n.<\/p>\n<p><strong>Thiago Portessi (5):<\/strong> En los primeros quince minutos fue importante para que Mercedes desnivele en el campo rival, pero luego se fue diluyendo su accionar.<\/p>\n<p><strong>Luis Lawler (7):<\/strong> Autor del gol de Club Mercedes. Estuvo muy participativo en el ataque, certero con los pases y tuvo la situaci\u00f3n del gol y luego un remate en el que se hizo bien el hueco para patear, pero se fue a medio metro del travesa\u00f1o.<\/p>\n<p>&nbsp;<\/p>\n<p><strong>Juli\u00e1n Alarc\u00f3n (4):<\/strong> Ingres\u00f3 por Franco Gatti a los 21 minutos del segundo tiempo cuando Mercedes dej\u00f3 de tener el dominio del juego. No pudo tener participaci\u00f3n ya que Independiente acorral\u00f3 al blanquinegro.<\/p>\n<p><strong>Nicol\u00e1s Contardi (-):<\/strong> Ingres\u00f3 por Portessi a los 34 del segundo tiempo y se fue expulsado a los 40.<\/p>\n<p><strong>Iv\u00e1n Arbello (-):<\/strong> Ingres\u00f3 a los 45 minutos del segundo tiempo por Lawler, no tuvo incidencia en el juego.<\/p>\n<p>&nbsp;<\/p>\n<p><strong>Walter D\u00edaz (aprobado):<\/strong> Fue a buscar el punto que necesitaba con un esquema 4 &#8211; 4 &#8211; 2 que le dio r\u00e9ditos. Apost\u00f3 a la experiencia en el doble cinco, a los centrales que se conocen desde hace a\u00f1os, a que los carrileros est\u00e9n bien definidos y los dos delanteros tambi\u00e9n. Le abri\u00f3 la cancha a Independiente y lleg\u00f3 al gol. Luego, en el segundo tiempo, no hizo hacer sacar la pelota del sector que le era c\u00f3modo al rival y por donde lleg\u00f3 el empate. Los cambios fueron certeros, m\u00e1s all\u00e1 de la expulsi\u00f3n de Contardi.<\/p>\n","protected":false},"excerpt":{"rendered":"<p>Club Mercedes obtuvo el s\u00e1bado el punto que necesitaba ante Independiente de Chivilcoy jug\u00e1ndole de forma inteligente en un reducto &#8230; <a title=\"El 1 x 1 de Club Mercedes ante Independiente de Chivilcoy\" class=\"read-more\" href=\"https:\/\/www.hoymercedes.com.ar\/principal\/2017\/11\/13\/el-1-x-1-de-club-mercedes-ante-independiente-de-chivilcoy\/\" aria-label=\"Leer m\u00e1s sobre El 1 x 1 de Club Mercedes ante Independiente de Chivilcoy\">Leer m\u00e1s<\/a><\/p>\n","protected":false},"author":1,"featured_media":69662,"comment_status":"closed","ping_status":"open","sticky":false,"template":"","format":"standard","meta":{"_monsterinsights_skip_tracking":false,"_monsterinsights_sitenote_active":false,"_monsterinsights_sitenote_note":"","_monsterinsights_sitenote_category":0,"jetpack_post_was_ever_published":false,"_jetpack_newsletter_access":"","_jetpack_dont_email_post_to_subs":false,"_jetpack_newsletter_tier_id":0,"_jetpack_memberships_contains_paywalled_content":false,"_jetpack_memberships_contains_paid_content":false,"footnotes":"","jetpack_publicize_message":"","jetpack_publicize_feature_enabled":true,"jetpack_social_post_already_shared":true,"jetpack_social_options":{"image_generator_settings":{"template":"highway","default_image_id":0,"font":"","enabled":false},"version":2},"_wpas_customize_per_network":false},"categories":[21],"tags":[11668,122,204,9674,1003,12220,10],"class_list":["post-69654","post","type-post","status-publish","format-standard","has-post-thumbnail","hentry","category-deportes","tag-1x1","tag-club-mercedes","tag-deportes-2","tag-federal-b","tag-futbol","tag-indepdiente-de-chivilcoy","tag-mercedes","generate-columns","tablet-grid-50","mobile-grid-100","grid-parent","grid-50"],"jetpack_publicize_connections":[],"jetpack_featured_media_url":"https:\/\/www.hoymercedes.com.ar\/principal\/wp-content\/uploads\/2017\/11\/IMG_5393.jpg","wps_subtitle":"Federal B","jetpack_sharing_enabled":true,"_links":{"self":[{"href":"https:\/\/www.hoymercedes.com.ar\/principal\/wp-json\/wp\/v2\/posts\/69654","targetHints":{"allow":["GET"]}}],"collection":[{"href":"https:\/\/www.hoymercedes.com.ar\/principal\/wp-json\/wp\/v2\/posts"}],"about":[{"href":"https:\/\/www.hoymercedes.com.ar\/principal\/wp-json\/wp\/v2\/types\/post"}],"author":[{"embeddable":true,"href":"https:\/\/www.hoymercedes.com.ar\/principal\/wp-json\/wp\/v2\/users\/1"}],"replies":[{"embeddable":true,"href":"https:\/\/www.hoymercedes.com.ar\/principal\/wp-json\/wp\/v2\/comments?post=69654"}],"version-history":[{"count":0,"href":"https:\/\/www.hoymercedes.com.ar\/principal\/wp-json\/wp\/v2\/posts\/69654\/revisions"}],"wp:featuredmedia":[{"embeddable":true,"href":"https:\/\/www.hoymercedes.com.ar\/principal\/wp-json\/wp\/v2\/media\/69662"}],"wp:attachment":[{"href":"https:\/\/www.hoymercedes.com.ar\/principal\/wp-json\/wp\/v2\/media?parent=69654"}],"wp:term":[{"taxonomy":"category","embeddable":true,"href":"https:\/\/www.hoymercedes.com.ar\/principal\/wp-json\/wp\/v2\/categories?post=69654"},{"taxonomy":"post_tag","embeddable":true,"href":"https:\/\/www.hoymercedes.com.ar\/principal\/wp-json\/wp\/v2\/tags?post=69654"}],"curies":[{"name":"wp","href":"https:\/\/api.w.org\/{rel}","templated":true}]}}