{"id":69688,"date":"2017-11-14T15:25:20","date_gmt":"2017-11-14T18:25:20","guid":{"rendered":"http:\/\/www.hoymercedes.com.ar\/principal\/?p=69688"},"modified":"2017-11-14T14:46:28","modified_gmt":"2017-11-14T17:46:28","slug":"emprendedor-mercedino-participara-de-encuentro-regional","status":"publish","type":"post","link":"https:\/\/www.hoymercedes.com.ar\/principal\/2017\/11\/14\/emprendedor-mercedino-participara-de-encuentro-regional\/","title":{"rendered":"Emprendedor mercedino participar\u00e1 de encuentro regional"},"content":{"rendered":"<p>El emprendedor mercedino Ing. Ra\u00fal Bragado fue invitado a \u00abLa Noche de los Clubes\u00bb, un evento que organiza la Secretar\u00eda de Producci\u00f3n y Turismo de la Municipalidad de Luj\u00e1n y el Club de Emprendedores en la localidad de Jauregui el venidero 15 de noviembre, 19 horas.<\/p>\n<p>El Ing. Bragado cont\u00f3 que este tipo de encuentros ayuda a promocionar los productos de los participantes, y tambi\u00e9n generan \u00abcierto contagio y entusiasmo en aquellos que todav\u00eda no se animan a mostrar sus desarrollos\u201d<\/p>\n<p>Asimismo, cont\u00f3 que ser\u00e1n diez los emprendedores de la regi\u00f3n que expondr\u00e1n sus proyectos. Por su parte, Bragado, \u00fanico mercedino invitados, estar\u00e1 presentando el Sistema ECOLAD, de autoconstrucci\u00f3n en seco, rapidez de montaje, econ\u00f3mico, ecol\u00f3gico y de gran impacto social. Sistema que en alguna oportunidad present\u00f3 en la ciudad y en el Concejo Deliberante.<\/p>\n<p>\u201cNuestro sistema constructivo se basa en el dise\u00f1o de un bloque b\u00e1sico de hormig\u00f3n sustentable, junto a otros bloques complementarios de diferentes formas y dimensiones, encastrables entre s\u00ed que, dispuestos en forma conveniente, y seg\u00fan nuestros dise\u00f1os, permiten la autoconstrucci\u00f3n de viviendas y edificios para distintas finalidades\u00bb, explic\u00f3 Bragado.<\/p>\n<p>El encuentro es una actividad que, en forma simult\u00e1nea, se desarrollar\u00e1 en todos los Clubes de Emprendedores de nuestro pa\u00eds, celebrando la Semana Global del Emprendedurismo.\u00a0En esa misma oportunidad, el Ministerio de Producci\u00f3n de la Naci\u00f3n, presentar\u00e1 los Programas disponibles para potenciar a los Emprendedores de todo el pa\u00eds.<\/p>\n<figure id=\"attachment_69701\" aria-describedby=\"caption-attachment-69701\" style=\"width: 620px\" class=\"wp-caption alignnone\"><img loading=\"lazy\" decoding=\"async\" data-attachment-id=\"69701\" data-permalink=\"https:\/\/www.hoymercedes.com.ar\/principal\/2017\/11\/14\/emprendedor-mercedino-participara-de-encuentro-regional\/14-bragado-pdsecolad\/#main\" data-orig-file=\"https:\/\/www.hoymercedes.com.ar\/principal\/wp-content\/uploads\/2017\/11\/14-bragado-pdsecolad.jpg\" data-orig-size=\"750,500\" data-comments-opened=\"0\" data-image-meta=\"{&quot;aperture&quot;:&quot;0&quot;,&quot;credit&quot;:&quot;&quot;,&quot;camera&quot;:&quot;&quot;,&quot;caption&quot;:&quot;&quot;,&quot;created_timestamp&quot;:&quot;0&quot;,&quot;copyright&quot;:&quot;&quot;,&quot;focal_length&quot;:&quot;0&quot;,&quot;iso&quot;:&quot;0&quot;,&quot;shutter_speed&quot;:&quot;0&quot;,&quot;title&quot;:&quot;&quot;,&quot;orientation&quot;:&quot;0&quot;}\" data-image-title=\"14 bragado pdsecolad\" data-image-description=\"\" data-image-caption=\"&lt;p&gt;Ra\u00fal Bragado presentar\u00e1 su emprendimiento en Luj\u00e1n (foto de archivo)&lt;\/p&gt;\n\" data-large-file=\"https:\/\/www.hoymercedes.com.ar\/principal\/wp-content\/uploads\/2017\/11\/14-bragado-pdsecolad.jpg\" class=\"size-medium wp-image-69701\" src=\"https:\/\/www.hoymercedes.com.ar\/principal\/wp-content\/uploads\/2017\/11\/14-bragado-pdsecolad-630x420.jpg\" alt=\"\" width=\"630\" height=\"420\" srcset=\"https:\/\/www.hoymercedes.com.ar\/principal\/wp-content\/uploads\/2017\/11\/14-bragado-pdsecolad-630x420.jpg 630w, https:\/\/www.hoymercedes.com.ar\/principal\/wp-content\/uploads\/2017\/11\/14-bragado-pdsecolad-150x100.jpg 150w, https:\/\/www.hoymercedes.com.ar\/principal\/wp-content\/uploads\/2017\/11\/14-bragado-pdsecolad.jpg 750w\" sizes=\"auto, (max-width: 630px) 100vw, 630px\" \/><figcaption id=\"caption-attachment-69701\" class=\"wp-caption-text\">Ra\u00fal Bragado presentar\u00e1 su emprendimiento en Luj\u00e1n (foto de archivo)<\/figcaption><\/figure>\n<p>&nbsp;<\/p>\n","protected":false},"excerpt":{"rendered":"<p>El emprendedor mercedino Ing. Ra\u00fal Bragado fue invitado a \u00abLa Noche de los Clubes\u00bb, un evento que organiza la Secretar\u00eda &#8230; <a title=\"Emprendedor mercedino participar\u00e1 de encuentro regional\" class=\"read-more\" href=\"https:\/\/www.hoymercedes.com.ar\/principal\/2017\/11\/14\/emprendedor-mercedino-participara-de-encuentro-regional\/\" aria-label=\"Leer m\u00e1s sobre Emprendedor mercedino participar\u00e1 de encuentro regional\">Leer m\u00e1s<\/a><\/p>\n","protected":false},"author":1,"featured_media":69701,"comment_status":"closed","ping_status":"open","sticky":false,"template":"","format":"standard","meta":{"_monsterinsights_skip_tracking":false,"_monsterinsights_sitenote_active":false,"_monsterinsights_sitenote_note":"","_monsterinsights_sitenote_category":0,"jetpack_post_was_ever_published":false,"_jetpack_newsletter_access":"","_jetpack_dont_email_post_to_subs":false,"_jetpack_newsletter_tier_id":0,"_jetpack_memberships_contains_paywalled_content":false,"_jetpack_memberships_contains_paid_content":false,"footnotes":"","jetpack_publicize_message":"","jetpack_publicize_feature_enabled":true,"jetpack_social_post_already_shared":true,"jetpack_social_options":{"image_generator_settings":{"template":"highway","default_image_id":0,"font":"","enabled":false},"version":2},"_wpas_customize_per_network":false},"categories":[8],"tags":[12229,12228,12230,7802],"class_list":["post-69688","post","type-post","status-publish","format-standard","has-post-thumbnail","hentry","category-sociedad","tag-club-de-emprendedores","tag-emprendimientos","tag-raul-bragado","tag-sociedad","generate-columns","tablet-grid-50","mobile-grid-100","grid-parent","grid-50"],"jetpack_publicize_connections":[],"jetpack_featured_media_url":"https:\/\/www.hoymercedes.com.ar\/principal\/wp-content\/uploads\/2017\/11\/14-bragado-pdsecolad.jpg","wps_subtitle":"Expondr\u00e1 su proyecto en Ja\u00faregui","jetpack_sharing_enabled":true,"_links":{"self":[{"href":"https:\/\/www.hoymercedes.com.ar\/principal\/wp-json\/wp\/v2\/posts\/69688","targetHints":{"allow":["GET"]}}],"collection":[{"href":"https:\/\/www.hoymercedes.com.ar\/principal\/wp-json\/wp\/v2\/posts"}],"about":[{"href":"https:\/\/www.hoymercedes.com.ar\/principal\/wp-json\/wp\/v2\/types\/post"}],"author":[{"embeddable":true,"href":"https:\/\/www.hoymercedes.com.ar\/principal\/wp-json\/wp\/v2\/users\/1"}],"replies":[{"embeddable":true,"href":"https:\/\/www.hoymercedes.com.ar\/principal\/wp-json\/wp\/v2\/comments?post=69688"}],"version-history":[{"count":0,"href":"https:\/\/www.hoymercedes.com.ar\/principal\/wp-json\/wp\/v2\/posts\/69688\/revisions"}],"wp:featuredmedia":[{"embeddable":true,"href":"https:\/\/www.hoymercedes.com.ar\/principal\/wp-json\/wp\/v2\/media\/69701"}],"wp:attachment":[{"href":"https:\/\/www.hoymercedes.com.ar\/principal\/wp-json\/wp\/v2\/media?parent=69688"}],"wp:term":[{"taxonomy":"category","embeddable":true,"href":"https:\/\/www.hoymercedes.com.ar\/principal\/wp-json\/wp\/v2\/categories?post=69688"},{"taxonomy":"post_tag","embeddable":true,"href":"https:\/\/www.hoymercedes.com.ar\/principal\/wp-json\/wp\/v2\/tags?post=69688"}],"curies":[{"name":"wp","href":"https:\/\/api.w.org\/{rel}","templated":true}]}}