{"id":69690,"date":"2017-11-14T13:28:43","date_gmt":"2017-11-14T16:28:43","guid":{"rendered":"http:\/\/www.hoymercedes.com.ar\/principal\/?p=69690"},"modified":"2017-11-14T10:46:35","modified_gmt":"2017-11-14T13:46:35","slug":"cesar-lalla-gano-el-tercer-premio-del-salon-de-pintura-de-san-andres-de-giles","status":"publish","type":"post","link":"https:\/\/www.hoymercedes.com.ar\/principal\/2017\/11\/14\/cesar-lalla-gano-el-tercer-premio-del-salon-de-pintura-de-san-andres-de-giles\/","title":{"rendered":"C\u00e9sar Lalla gan\u00f3 el tercer premio del Sal\u00f3n de Pintura de San Andr\u00e9s de Giles"},"content":{"rendered":"<p>Este lunes se anunciaron los premios y seleccionados del\u00a0XL Sal\u00f3n Anual de Pintura \u201cEnrique Jos\u00e9 de Larra\u00f1aga\u201d de San Andr\u00e9s de Giles. El jurado integrado por la artista pl\u00e1stica mercedina Marcela Cueto,\u00a0Andrea Ricciati y\u00a0Marcos Garc\u00eda Ortiz design\u00f3 qu\u00e9 pinturas se expondr\u00e1n y cu\u00e1les de ellas ser\u00edan premiadas. El Sal\u00f3n abrir\u00e1 sus puertas el 25 de noviembre, en el marco de los festejos patronales de la localidad vecina.<\/p>\n<p>Hasta el 10 de noviembre hubo tiempo para presentar las obras para que el jurado determinase qui\u00e9nes ser\u00edan los ganadores al d\u00eda siguiente. Sin mucho pre\u00e1mbulo, la Municipalidad de San Andr\u00e9s de Giles a trav\u00e9s de la Direcci\u00f3n de Cultura y Turismo dio a conocer a trav\u00e9s de las redes sociales qui\u00e9n son los ganadores y seleccionados. Entre ellos, C\u00e9sar Lalla gan\u00f3 el tercer premio, mientras que otros mercedinos recibieron menciones especiales y fueron seleccionados para integrar el Sal\u00f3n.<\/p>\n<p><strong>Premiaci\u00f3n<\/strong>:<\/p>\n<ul>\n<li>Primer Premio:\u00a0\u201cEl trono de las nubes\u201d Myriam Guzm\u00e1n. (Chacabuco)<\/li>\n<li>Segundo Premio:\u00a0\u201cQu\u00e9 es Dios\u201d. Fernando Rico. (Carmen de Areco)<\/li>\n<li>Tercer Premio:\u00a0\u201cCycle Persecucion\u201d. C\u00e9sar Lalla. (Mercedes)<\/li>\n<li>Premio Artista Local: \u201cMandala\u201d. Benigno H\u00e9ctor Remesar. (San Andr\u00e9s de Giles)<\/li>\n<li>Premio Club Argentino de Servicio:\u00a0\u201cMi homenaje a Petorutti\u201d. Olga Gallo. (San Andr\u00e9s de Giles)<\/li>\n<\/ul>\n<p><strong>Menciones Especiales del Jurado (Igual orden de m\u00e9rito)<\/strong><br \/>\n&#8211; \u00abs\/t\u00bb .Claudia \u00c1lvarez (Mercedes)<br \/>\n&#8211; \u201cNiebla en el campo\u201d Rodrigo Higuero (Luj\u00e1n)<br \/>\n&#8211; \u201cFumador Fashion Look\u201d. Pablo Macherett (Z\u00e1rate)<\/p>\n<p><strong>Obras Seleccionadas<\/strong><br \/>\n\u201cSer uno mismo\u201d. Claudia Mart\u00ednez (Mercedes)<br \/>\n\u201cLa novia de 1921\u201d. Eddie Santiago Metro (Mercedes)<br \/>\ns\/t. Juan Carlos Cartasegna (Mercedes)<br \/>\n\u00bfD\u00f3nde est\u00e1 Luciano Arruga?\u201d. Paula F\u00edgoli (Ciudad de Buenos Aires)<br \/>\n\u201cEn el horizonte de su coraz\u00f3n\u201d. Francisco Zucchi. (Luj\u00e1n)<br \/>\n\u201cPotrerillo\u201d. Mar\u00eda Teresa Fussaro. (Chacabuco)<br \/>\n\u201cHerrer\u00eda\u201d. Elsa Kloster. (San Andr\u00e9s de Giles)<br \/>\n\u201cOculto\u201d. Daniel Falabella. (San Andr\u00e9s de Giles)<br \/>\n\u201cLaberinto I\u201d. Jos\u00e9 Oscar Caricatto. (Luj\u00e1n)<br \/>\n\u201cDisgregaci\u00f3n\u201d. Nicol\u00e1s Dist\u00e9fano. (Luj\u00e1n)<br \/>\n\u201cDanza primal de las hojas\u201d. Sergio Daniel Rotera. (Ciudad de Buenos Aires)<br \/>\n\u201cDetenido en el tiempo\u201d. Mirta Bauer. (San Andr\u00e9s de Giles)<br \/>\n\u201cB\u00fasqueda\u201d. Cecilia Cerutti. (San Antonio de Areco)<br \/>\n\u201cTranquera\u201d Juli\u00e1n Clancy. (San Antonio de Areco)<br \/>\n\u201cEterno retorno\u201d. Pablo Tapia. (Mercedes)<br \/>\n\u201cHerencia\u201d. Cecilia Gonzalez Ram. (San Andr\u00e9s de Giles)<br \/>\n\u201cEn la nostalgia\u201d. Carlos Rosello. (San Andr\u00e9s de Giles)<br \/>\ns\/t. Gonzalo Rodr\u00edguez. (San Andr\u00e9s de Giles)<br \/>\n\u201cAtrapasue\u00f1os\u201d. Dina Battaglia. (Mercedes)<br \/>\n\u201cExtra\u00f1a sensaci\u00f3n\u201d Mar\u00eda Mercedes Etchevehere (Luj\u00e1n)<br \/>\n\u201cFusi\u00f3n lum\u00ednica\u201d Violeta Basma. (Luj\u00e1n)<br \/>\n\u201cMetaf\u00edsica\u201d. Rosana Quagliariello. (San Andr\u00e9s de Giles)<br \/>\n\u201cEl recuerdo selectivo\u201d. Jorge Blanco. (Mercedes)<\/p>\n<p>La entrega de premios y certificados de participaci\u00f3n se entregar\u00e1n el d\u00eda de la inauguraci\u00f3n el s\u00e1bado 25 de noviembre a las 20.30 horas en el Complejo Municipal Museogr\u00e1fico y Cultural (25 de Mayo y Mitre &#8211;\u00a0 San Andr\u00e9s de Giles). La exposici\u00f3n de obras premiadas y seleccionadas ser\u00e1n hasta el viernes 12 de diciembre de 2017. El horario de visitas al museo y a la exposici\u00f3n es de lunes a viernes, de 17 a 20 horas.<\/p>\n","protected":false},"excerpt":{"rendered":"<p>Este lunes se anunciaron los premios y seleccionados del\u00a0XL Sal\u00f3n Anual de Pintura \u201cEnrique Jos\u00e9 de Larra\u00f1aga\u201d de San Andr\u00e9s &#8230; <a title=\"C\u00e9sar Lalla gan\u00f3 el tercer premio del Sal\u00f3n de Pintura de San Andr\u00e9s de Giles\" class=\"read-more\" href=\"https:\/\/www.hoymercedes.com.ar\/principal\/2017\/11\/14\/cesar-lalla-gano-el-tercer-premio-del-salon-de-pintura-de-san-andres-de-giles\/\" aria-label=\"Leer m\u00e1s sobre C\u00e9sar Lalla gan\u00f3 el tercer premio del Sal\u00f3n de Pintura de San Andr\u00e9s de Giles\">Leer m\u00e1s<\/a><\/p>\n","protected":false},"author":1,"featured_media":69691,"comment_status":"closed","ping_status":"open","sticky":false,"template":"","format":"standard","meta":{"_monsterinsights_skip_tracking":false,"_monsterinsights_sitenote_active":false,"_monsterinsights_sitenote_note":"","_monsterinsights_sitenote_category":0,"jetpack_post_was_ever_published":false,"_jetpack_newsletter_access":"","_jetpack_dont_email_post_to_subs":false,"_jetpack_newsletter_tier_id":0,"_jetpack_memberships_contains_paywalled_content":false,"_jetpack_memberships_contains_paid_content":false,"footnotes":"","jetpack_publicize_message":"","jetpack_publicize_feature_enabled":true,"jetpack_social_post_already_shared":true,"jetpack_social_options":{"image_generator_settings":{"template":"highway","default_image_id":0,"font":"","enabled":false},"version":2},"_wpas_customize_per_network":false},"categories":[104],"tags":[987,7805,9056,970,2123],"class_list":["post-69690","post","type-post","status-publish","format-standard","has-post-thumbnail","hentry","category-cultura","tag-cesar-lalla","tag-cultura","tag-pintura","tag-salon-de-pintura","tag-san-andres-de-giles","generate-columns","tablet-grid-50","mobile-grid-100","grid-parent","grid-50"],"jetpack_publicize_connections":[],"jetpack_featured_media_url":"https:\/\/www.hoymercedes.com.ar\/principal\/wp-content\/uploads\/2017\/11\/14-larra\u00f1aga.jpg","wps_subtitle":"Varios mercedinos distinguidos","jetpack_sharing_enabled":true,"_links":{"self":[{"href":"https:\/\/www.hoymercedes.com.ar\/principal\/wp-json\/wp\/v2\/posts\/69690","targetHints":{"allow":["GET"]}}],"collection":[{"href":"https:\/\/www.hoymercedes.com.ar\/principal\/wp-json\/wp\/v2\/posts"}],"about":[{"href":"https:\/\/www.hoymercedes.com.ar\/principal\/wp-json\/wp\/v2\/types\/post"}],"author":[{"embeddable":true,"href":"https:\/\/www.hoymercedes.com.ar\/principal\/wp-json\/wp\/v2\/users\/1"}],"replies":[{"embeddable":true,"href":"https:\/\/www.hoymercedes.com.ar\/principal\/wp-json\/wp\/v2\/comments?post=69690"}],"version-history":[{"count":0,"href":"https:\/\/www.hoymercedes.com.ar\/principal\/wp-json\/wp\/v2\/posts\/69690\/revisions"}],"wp:featuredmedia":[{"embeddable":true,"href":"https:\/\/www.hoymercedes.com.ar\/principal\/wp-json\/wp\/v2\/media\/69691"}],"wp:attachment":[{"href":"https:\/\/www.hoymercedes.com.ar\/principal\/wp-json\/wp\/v2\/media?parent=69690"}],"wp:term":[{"taxonomy":"category","embeddable":true,"href":"https:\/\/www.hoymercedes.com.ar\/principal\/wp-json\/wp\/v2\/categories?post=69690"},{"taxonomy":"post_tag","embeddable":true,"href":"https:\/\/www.hoymercedes.com.ar\/principal\/wp-json\/wp\/v2\/tags?post=69690"}],"curies":[{"name":"wp","href":"https:\/\/api.w.org\/{rel}","templated":true}]}}