{"id":69717,"date":"2017-11-16T10:10:15","date_gmt":"2017-11-16T13:10:15","guid":{"rendered":"http:\/\/www.hoymercedes.com.ar\/principal\/?p=69717"},"modified":"2017-11-15T21:25:25","modified_gmt":"2017-11-16T00:25:25","slug":"el-diputado-selva-fue-parte-de-discusion-por-la-industria-naval-y-la-marina-mercante","status":"publish","type":"post","link":"https:\/\/www.hoymercedes.com.ar\/principal\/2017\/11\/16\/el-diputado-selva-fue-parte-de-discusion-por-la-industria-naval-y-la-marina-mercante\/","title":{"rendered":"El diputado Selva fue parte de discusi\u00f3n por la Industria Naval y la Marina Mercante"},"content":{"rendered":"<p><em><strong>Obtuvieron dictamen sendos proyectos de promoci\u00f3n. Las dos iniciativas cuentan con media sanci\u00f3n del Senado, y se tratar\u00edan en el recinto en la sesi\u00f3n del pr\u00f3ximo 22 de noviembre. Diputados le hizo modificaciones a los textos.<\/strong><\/em><\/p>\n<figure id=\"attachment_69718\" aria-describedby=\"caption-attachment-69718\" style=\"width: 620px\" class=\"wp-caption alignnone\"><img loading=\"lazy\" decoding=\"async\" data-attachment-id=\"69718\" data-permalink=\"https:\/\/www.hoymercedes.com.ar\/principal\/2017\/11\/16\/el-diputado-selva-fue-parte-de-discusion-por-la-industria-naval-y-la-marina-mercante\/16-selvacomisiona\/#main\" data-orig-file=\"https:\/\/www.hoymercedes.com.ar\/principal\/wp-content\/uploads\/2017\/11\/16-selvacomisiona.jpg\" data-orig-size=\"750,463\" data-comments-opened=\"0\" data-image-meta=\"{&quot;aperture&quot;:&quot;0&quot;,&quot;credit&quot;:&quot;&quot;,&quot;camera&quot;:&quot;&quot;,&quot;caption&quot;:&quot;&quot;,&quot;created_timestamp&quot;:&quot;0&quot;,&quot;copyright&quot;:&quot;&quot;,&quot;focal_length&quot;:&quot;0&quot;,&quot;iso&quot;:&quot;0&quot;,&quot;shutter_speed&quot;:&quot;0&quot;,&quot;title&quot;:&quot;&quot;,&quot;orientation&quot;:&quot;0&quot;}\" data-image-title=\"16 selvacomisiona\" data-image-description=\"\" data-image-caption=\"&lt;p&gt;Los Diputados Nacionales debaten legislaci\u00f3n sobre marina mercante&lt;\/p&gt;\n\" data-large-file=\"https:\/\/www.hoymercedes.com.ar\/principal\/wp-content\/uploads\/2017\/11\/16-selvacomisiona.jpg\" class=\"size-medium wp-image-69718\" src=\"https:\/\/www.hoymercedes.com.ar\/principal\/wp-content\/uploads\/2017\/11\/16-selvacomisiona-630x389.jpg\" alt=\"\" width=\"630\" height=\"389\" srcset=\"https:\/\/www.hoymercedes.com.ar\/principal\/wp-content\/uploads\/2017\/11\/16-selvacomisiona-630x389.jpg 630w, https:\/\/www.hoymercedes.com.ar\/principal\/wp-content\/uploads\/2017\/11\/16-selvacomisiona-150x93.jpg 150w, https:\/\/www.hoymercedes.com.ar\/principal\/wp-content\/uploads\/2017\/11\/16-selvacomisiona.jpg 750w\" sizes=\"auto, (max-width: 630px) 100vw, 630px\" \/><figcaption id=\"caption-attachment-69718\" class=\"wp-caption-text\">Los Diputados Nacionales debaten legislaci\u00f3n sobre marina mercante<\/figcaption><\/figure>\n<p>Un plenario de cuatro comisiones de la C\u00e1mara de Diputados dio luz verde este martes a los dict\u00e1menes para promover a la Industria Naval y la Marina Mercante, con lo que sendos despachos quedaron habilitados para ser tratados en el recinto en la pr\u00f3xima sesi\u00f3n prevista para el 22 de noviembre. Pero no ser\u00e1 ley ese d\u00eda, pues se introdujeron modificaciones que obligar\u00e1n al retorno del proyecto al Senado, donde se les hab\u00eda dado media sanci\u00f3n. El diputado Carlos Selva, del Frente Renovador, fue parte de las discusiones como legislador integrante de las comisiones.<\/p>\n<p>\u201cSe pudo concretar un anhelo de poder sacar dictamen de las comisiones conjuntas, algo que es poco com\u00fan, un hecho casi imposible de lograr, y en este caso para las leyes de Marina Mercante e Industria Naval\u201d, valor\u00f3 el diputado nacional Selva,<\/p>\n<p>\u201cSon dos leyes que ven\u00edamos impulsando con diputados de la oposici\u00f3n, los gremios y c\u00e1maras de armadores de la rep\u00fablica, para dar un paso muy importante. Logramos que esto pase al Senado con mucho consenso para que salga r\u00e1pidamente y lograr tener una ley que era esperada por m\u00e1s de 30 a\u00f1os\u201d, agreg\u00f3 Carlos Selva.<\/p>\n<p>El plenario en el que se debatieron los proyectos estuvo compuesto por las comisiones de Intereses Mar\u00edtimos, Legislaci\u00f3n General, Presupuesto e Industria, y fue conducido por el diputado kirchnerista Julio Solanas, junto a los macristas Daniel Lipovetzky y Luciano Laspina, y Jos\u00e9 Ignacio de Mendiguren, del Frente Renovador.<\/p>\n<p>Los proyectos se hab\u00edan trabado en su momento a partir de la intenci\u00f3n de la oposici\u00f3n de avanzar con lo sancionado en el Senado, cosa que resist\u00eda el oficialismo. Finalmente se consensuaron los cambios al texto votado en el Senado, y durante el debate de este martes se valor\u00f3 el consenso alcanzado.<\/p>\n<p>Las iniciativas buscan la \u201cgeneraci\u00f3n de nuevas fuentes de trabajo, promover e incentivar el dise\u00f1o y la ingenier\u00eda de puertos\u201d, as\u00ed como tambi\u00e9n \u201ccrear una Marina Mercante de bandera nacional y rehabilitar la industria naval mediante incentivos estatales\u201d.<\/p>\n<p>El proyecto acordado entre el oficialismo y la oposici\u00f3n establecer\u00e1 un plazo de diez a\u00f1os para los beneficios tributarios, que consistir\u00e1 en un subsidio equivalente al 50 por ciento del impuesto al combustible y la suspensi\u00f3n por cuatro a\u00f1os del impuesto a la importaci\u00f3n por nuevas embarcaciones.<\/p>\n<p>&nbsp;<\/p>\n<p>Fuente: Carlos Selva web<\/p>\n","protected":false},"excerpt":{"rendered":"<p>Obtuvieron dictamen sendos proyectos de promoci\u00f3n. Las dos iniciativas cuentan con media sanci\u00f3n del Senado, y se tratar\u00edan en el &#8230; <a title=\"El diputado Selva fue parte de discusi\u00f3n por la Industria Naval y la Marina Mercante\" class=\"read-more\" href=\"https:\/\/www.hoymercedes.com.ar\/principal\/2017\/11\/16\/el-diputado-selva-fue-parte-de-discusion-por-la-industria-naval-y-la-marina-mercante\/\" aria-label=\"Leer m\u00e1s sobre El diputado Selva fue parte de discusi\u00f3n por la Industria Naval y la Marina Mercante\">Leer m\u00e1s<\/a><\/p>\n","protected":false},"author":1,"featured_media":69718,"comment_status":"closed","ping_status":"open","sticky":false,"template":"","format":"standard","meta":{"_monsterinsights_skip_tracking":false,"_monsterinsights_sitenote_active":false,"_monsterinsights_sitenote_note":"","_monsterinsights_sitenote_category":0,"jetpack_post_was_ever_published":false,"_jetpack_newsletter_access":"","_jetpack_dont_email_post_to_subs":false,"_jetpack_newsletter_tier_id":0,"_jetpack_memberships_contains_paywalled_content":false,"_jetpack_memberships_contains_paid_content":false,"footnotes":"","jetpack_publicize_message":"","jetpack_publicize_feature_enabled":true,"jetpack_social_post_already_shared":true,"jetpack_social_options":{"image_generator_settings":{"template":"highway","default_image_id":0,"font":"","enabled":false},"version":2},"_wpas_customize_per_network":false},"categories":[5210],"tags":[39,9654,3537,9595,10,10113],"class_list":["post-69717","post","type-post","status-publish","format-standard","has-post-thumbnail","hentry","category-politica-nacional","tag-carlos-selva","tag-congreso-nacional","tag-frente-renovador","tag-leyes","tag-mercedes","tag-politica-nacional","generate-columns","tablet-grid-50","mobile-grid-100","grid-parent","grid-50"],"jetpack_publicize_connections":[],"jetpack_featured_media_url":"https:\/\/www.hoymercedes.com.ar\/principal\/wp-content\/uploads\/2017\/11\/16-selvacomisiona.jpg","wps_subtitle":"Trabajo legislativo nacional","jetpack_sharing_enabled":true,"_links":{"self":[{"href":"https:\/\/www.hoymercedes.com.ar\/principal\/wp-json\/wp\/v2\/posts\/69717","targetHints":{"allow":["GET"]}}],"collection":[{"href":"https:\/\/www.hoymercedes.com.ar\/principal\/wp-json\/wp\/v2\/posts"}],"about":[{"href":"https:\/\/www.hoymercedes.com.ar\/principal\/wp-json\/wp\/v2\/types\/post"}],"author":[{"embeddable":true,"href":"https:\/\/www.hoymercedes.com.ar\/principal\/wp-json\/wp\/v2\/users\/1"}],"replies":[{"embeddable":true,"href":"https:\/\/www.hoymercedes.com.ar\/principal\/wp-json\/wp\/v2\/comments?post=69717"}],"version-history":[{"count":0,"href":"https:\/\/www.hoymercedes.com.ar\/principal\/wp-json\/wp\/v2\/posts\/69717\/revisions"}],"wp:featuredmedia":[{"embeddable":true,"href":"https:\/\/www.hoymercedes.com.ar\/principal\/wp-json\/wp\/v2\/media\/69718"}],"wp:attachment":[{"href":"https:\/\/www.hoymercedes.com.ar\/principal\/wp-json\/wp\/v2\/media?parent=69717"}],"wp:term":[{"taxonomy":"category","embeddable":true,"href":"https:\/\/www.hoymercedes.com.ar\/principal\/wp-json\/wp\/v2\/categories?post=69717"},{"taxonomy":"post_tag","embeddable":true,"href":"https:\/\/www.hoymercedes.com.ar\/principal\/wp-json\/wp\/v2\/tags?post=69717"}],"curies":[{"name":"wp","href":"https:\/\/api.w.org\/{rel}","templated":true}]}}