{"id":69723,"date":"2017-11-16T13:00:22","date_gmt":"2017-11-16T16:00:22","guid":{"rendered":"http:\/\/www.hoymercedes.com.ar\/principal\/?p=69723"},"modified":"2017-11-16T00:47:11","modified_gmt":"2017-11-16T03:47:11","slug":"marcela-cueto-recibio-mencion-honorifica-en-salon-de-lujan","status":"publish","type":"post","link":"https:\/\/www.hoymercedes.com.ar\/principal\/2017\/11\/16\/marcela-cueto-recibio-mencion-honorifica-en-salon-de-lujan\/","title":{"rendered":"Marcela Cueto recibi\u00f3 menci\u00f3n honor\u00edfica en Sal\u00f3n de Luj\u00e1n"},"content":{"rendered":"<p>En la vecina localidad de Luj\u00e1n se dieron a conocer los ganadores y seleccionados del XXXIXSal\u00f3n Nacional de Pintura \u201cFern\u00e1n F\u00e9lix de Amador\u201d. La artista local Marcela Cueto gan\u00f3 menci\u00f3n honor\u00edfica por su obra titulada \u00abSelf Made Man\u00bb ( el hombre que triunfa solo).<\/p>\n<p>El pasado d\u00eda s\u00e1bado 11 de noviembre se realiz\u00f3 la selecci\u00f3n y premiaci\u00f3n de obras para el XXXIX Sal\u00f3n Nacional de Pintura \u201cFern\u00e1n F\u00e9lix de Amador\u201d, el cual se inaugurar\u00e1 el s\u00e1bado 25 de noviembre a la hora 20 en 9 de Julio N\u00b0 863 (Luj\u00e1n).<\/p>\n<p>El Jurado compuesto por los artistas de renombrada trayectoria, M\u00f3nica Caputo, Gabriel \u00c1lvarez y Mauricio Nizzero, actuando sobre un total de 189 obras. Luego de una intensa labor y ante la presencia del Subdirector del Museo con la asistencia de Personal del Museo Municipal de Bellas Artes \u201cFern\u00e1n F\u00e9lix de Amador\u201d, quedan para ser exhibidas 47 obras.<\/p>\n<p>Adem\u00e1s el jurado determin\u00f3 los premios:<\/p>\n<p>Primer Premio Adquisici\u00f3n\u00a0$ 25.000 \u2013 \u201cMunicipio de Luj\u00e1n\u201d Artista: Mar\u00eda Alejandra Garay Campi Obra: N\u00ba 81 T\u00edtulo. \u201cEl mundo infinito de Braian\u201d Dimensiones: 140 x 140 cm.- Procedimiento: \u00d3leo\/temple a la cera \u00b7<\/p>\n<p>Premio Institucional $ 10.000 \u2013 Museo Municipal de Bellas Artes \u201cFern\u00e1n F\u00e9lix de Amador\u201d Artista: Daniel Vidal Obra: N\u00ba 181 T\u00edtulo. \u201cs\/t\u201d Dimensiones: 145 x 145 cm.- Procedimiento: Acr\u00edlico \u00b7<\/p>\n<p>Menci\u00f3n Especial del Jurado: H\u00e9ctor Distefanis \u2013 (N\u00ba 183) \u00b7<\/p>\n<p>Seis Menciones Honor\u00edficas: Medallas \u2013 Diploma \u2013 \u201cAsociaci\u00f3n Amigos del Museo de Bellas Artes\u201d<\/p>\n<ul>\n<li>H\u00e9ctor Ra\u00fal Romero \u2013 (N\u00ba 80)<\/li>\n<li>Stella Demarchi \u2013 (N\u00ba 160)<\/li>\n<li>Bruno Daniel Gonz\u00e1lez \u2013 (N\u00ba 89)<\/li>\n<li>Mariela In\u00e9s Cueto \u2013 (N\u00ba 100)<\/li>\n<li>Mar\u00eda Silvia Torres \u2013 (N\u00ba 155)<\/li>\n<li>Francisco Freixas \u2013 (N\u00ba 159)<\/li>\n<\/ul>\n<p>Premio Adquisici\u00f3n al Artista Local: $ 10.000 \u2013 \u201cAsociaci\u00f3n Amigos del Museo de Bellas Artes\u201d Artista: Mar\u00eda Leticia Miglioranza Obra: N\u00ba 99 T\u00edtulo. \u201cs\/t\u201d Dimensiones: 150 x 150 cm.- Procedimiento: Acr\u00edlico \u00b7<\/p>\n<p>Menci\u00f3n Especial del Jurado al Artista Lujanense: Julieta Frutal \u2013 (N\u00ba 94)<\/p>\n<p>Seleccionados\u00a0XXXIX Sal\u00f3n de Pinturas<\/p>\n<ul>\n<li>GAST\u00d3N ANDR\u00c9S BEJARANO \u2013 \u201cDespu\u00e9s del Chafalote\u201d \u2013 Mixta \u2013 100 x 120 cm.- (N\u00b0 1) \u00b7<\/li>\n<li>GAST\u00d3N ANDR\u00c9S BEJARANO \u2013 \u201cNo tiene precio\u201d \u2013 Mixta \u2013 100 x 100cm.- (N\u00b0 2) \u00b7<\/li>\n<li>LUCA GABRIEL CABRAL \u2013 \u201cEn busca de la inspiraci\u00f3n\u201d \u2013 Acr\u00edlico \u2013 100 x 120 cm.- (N\u00b0 3) \u00b7<\/li>\n<li>FLORENCIA BAILO \u2013 \u201cs\/t\u201d \u2013 Mixta \u2013 120 x 150 cm.- (N\u00b0 7) \u00b7<\/li>\n<li>RODRIGO GABRIEL HIGUERO \u2013 \u201cLa soledad de los sabios\u201d \u2013 Acr\u00edlico \u2013 165 x 115 cm.- (N\u00b0 10) \u00b7<\/li>\n<li>OSVALDO PROFILO \u2013 \u201cLos talleres de remedios de escalada\u201d \u2013 Acr\u00edlico \u2013 100 x 140 cm.- (N\u00b0 11) \u00b7<\/li>\n<li>MERCEDES GRANEL \u2013 \u201cD\u00edptico Petalin\u201d \u2013 \u00d3leo \u2013 75 x 110 cm.- (N\u00b0 21) \u00b7<\/li>\n<li>MARIANA DELLA VEDOVA \u2013 \u201cTormenta\u201d \u2013 mixta \u2013 100 x 100 cm.- (N\u00b0 39) \u00b7<\/li>\n<li>MARCELLA CASAL \u2013 \u201cNorte I\u201d \u2013 Acr\u00edlico \u2013 150 x 100 cm.- (N\u00b0 41) \u00b7<\/li>\n<li>VIRGINIA CAORSI RESUA \u2013 \u201cVicente L\u00f3pez y sombras III\u201d \u2013 \u00d3leo \u2013 100 x 120 cm.- (N\u00b0 53) \u00b7<\/li>\n<li>MARIO ALBERTO RESTAINO \u2013 \u201cinevitable tr\u00e1nsito terrestre\u201d \u2013 Mixta \u2013 120 x 100 cm.- (N\u00b0 55) \u00b7<\/li>\n<li>RAUL PASTOR RAMOS \u2013 \u201cInterior\u201d \u2013 Mixta \u2013 73 X 104 cm.- (N\u00b0 69) \u00b7<\/li>\n<li>GABRIELA OLIVIERI \u2013 \u201cAgua viva\u201d \u2013 Acr\u00edlico \u2013 150 x 150 cm.- (N\u00b0 75) \u00b7<\/li>\n<li>NATALIO GALLUZZI \u2013 \u201cEn Soledad\u201d \u2013 Acr\u00edlico \u2013 100 x 100 cm.- (N\u00b0 78) \u00b7<\/li>\n<li>DIEGO IB\u00c1\u00d1EZ \u2013 \u201cel fin de la magia\u201d \u2013 Acr\u00edlico \u2013 140 x 180 cm.- (N\u00b0 82) \u00b7<\/li>\n<li>CECILIA MORTOLA \u2013 \u201cAlgunas Sombras\u201d \u2013 Acr\u00edlico \u2013 180 x140 cm.- (N\u00b0 83) \u00b7<\/li>\n<li>MAR\u00cdA ADELA NAIM \u2013 \u201cEntrelineas\u201d \u2013 Mixta \u2013 100 x 145 cm.- (N\u00b0 88) \u00b7<\/li>\n<li>LILIANA GONZ\u00c1LEZ \u2013 \u201cLeves o abruptos cambios de estado (tr\u00edptico) \u2013 Acr\u00edlico \u2013 150 x 180 cm.- (N\u00b0 97) \u00b7<\/li>\n<li>NENGO NU\u00d1EZ \u2013 \u201cLas estacas 604\u201d \u2013 \u00d3leo Pastel \u2013 142 x 194 cm.- (N\u00b0 103) \u00b7<\/li>\n<li>FEDERICO BALCELLS \u2013 \u201cCirce\u201d \u2013 Mixta \u2013 120 x 120 cm.- (N\u00b0 111) \u00b7<\/li>\n<li>MARIANO LLANEZA \u2013 \u201cCosificaci\u00f3n\u201d \u2013 Acr\u00edlico \u2013 120 x 100 cm.- (N\u00b0 112) \u00b7<\/li>\n<li>MAR\u00cdA SILVIA C\u00d3RDOBA \u2013 \u201cPHICL\u201d \u2013 Acr\u00edlico \u2013 120 x 100 cm.- (N\u00b0 116) \u00b7<\/li>\n<li>CRISTINA MINACORI \u2013 \u201cPensamientos aplastados II\u201d \u2013 Acr\u00edlico \u2013 140 x 140 cm.- (N\u00b0 118) \u00b7<\/li>\n<li>ALBERTO BONUS \u2013 \u201cSin T\u00edtulo\u201d \u2013 Aer\u00f3grafo \u2013 120 x120 cm.- (N\u00b0 144) \u00b7<\/li>\n<li>M\u00d3NICA LUJAN COLLET \u2013 \u201cEl Herrero\u201d \u2013 \u00d3leo \u2013 100 x 120 cm.- (N\u00b0 148) \u00b7<\/li>\n<li>HOLSER LUDE\u00d1A \u2013 \u201cs\/t\u201d \u2013 \u00d3leo \u2013 100 x 100 cm.- (N\u00b0 149) \u00b7<\/li>\n<li>SILVIA PRESA \u2013 \u201cEl Imergente\u201d \u2013 Acr\u00edlico \u2013 140 x 120 cm.- (N\u00b0 151) \u00b7<\/li>\n<li>MARIANA LAURA ALLIEVI \u2013 \u201cROA XIX\u201d \u2013 Mixta \u2013 170 x130 cm.- (N\u00b0 152) \u00b7<\/li>\n<li>JORGE ALIO \u2013 \u201cWaresney\u201d \u2013 Mixta \u2013 150 x150 cm.- (N\u00b0 153) \u00b7<\/li>\n<li>DIANA ALLEKOTTE- \u201cEnconstrucci\u00f3n\u201d \u2013 Mixta \u2013<\/li>\n<\/ul>\n<p>&nbsp;<\/p>\n","protected":false},"excerpt":{"rendered":"<p>En la vecina localidad de Luj\u00e1n se dieron a conocer los ganadores y seleccionados del XXXIXSal\u00f3n Nacional de Pintura \u201cFern\u00e1n &#8230; <a title=\"Marcela Cueto recibi\u00f3 menci\u00f3n honor\u00edfica en Sal\u00f3n de Luj\u00e1n\" class=\"read-more\" href=\"https:\/\/www.hoymercedes.com.ar\/principal\/2017\/11\/16\/marcela-cueto-recibio-mencion-honorifica-en-salon-de-lujan\/\" aria-label=\"Leer m\u00e1s sobre Marcela Cueto recibi\u00f3 menci\u00f3n honor\u00edfica en Sal\u00f3n de Luj\u00e1n\">Leer m\u00e1s<\/a><\/p>\n","protected":false},"author":1,"featured_media":69725,"comment_status":"closed","ping_status":"open","sticky":false,"template":"","format":"standard","meta":{"_monsterinsights_skip_tracking":false,"_monsterinsights_sitenote_active":false,"_monsterinsights_sitenote_note":"","_monsterinsights_sitenote_category":0,"jetpack_post_was_ever_published":false,"_jetpack_newsletter_access":"","_jetpack_dont_email_post_to_subs":false,"_jetpack_newsletter_tier_id":0,"_jetpack_memberships_contains_paywalled_content":false,"_jetpack_memberships_contains_paid_content":false,"footnotes":"","jetpack_publicize_message":"","jetpack_publicize_feature_enabled":true,"jetpack_social_post_already_shared":true,"jetpack_social_options":{"image_generator_settings":{"template":"highway","default_image_id":0,"font":"","enabled":false},"version":2},"_wpas_customize_per_network":false},"categories":[104],"tags":[7805,86,5434,11231],"class_list":["post-69723","post","type-post","status-publish","format-standard","has-post-thumbnail","hentry","category-cultura","tag-cultura","tag-lujan","tag-marcela-cueto","tag-salon-de-pinturas","generate-columns","tablet-grid-50","mobile-grid-100","grid-parent","grid-50"],"jetpack_publicize_connections":[],"jetpack_featured_media_url":"https:\/\/www.hoymercedes.com.ar\/principal\/wp-content\/uploads\/2017\/11\/16-pintura-marcela-cueto-recorte.jpg","wps_subtitle":"Seleccionados en Luj\u00e1n","jetpack_sharing_enabled":true,"_links":{"self":[{"href":"https:\/\/www.hoymercedes.com.ar\/principal\/wp-json\/wp\/v2\/posts\/69723","targetHints":{"allow":["GET"]}}],"collection":[{"href":"https:\/\/www.hoymercedes.com.ar\/principal\/wp-json\/wp\/v2\/posts"}],"about":[{"href":"https:\/\/www.hoymercedes.com.ar\/principal\/wp-json\/wp\/v2\/types\/post"}],"author":[{"embeddable":true,"href":"https:\/\/www.hoymercedes.com.ar\/principal\/wp-json\/wp\/v2\/users\/1"}],"replies":[{"embeddable":true,"href":"https:\/\/www.hoymercedes.com.ar\/principal\/wp-json\/wp\/v2\/comments?post=69723"}],"version-history":[{"count":0,"href":"https:\/\/www.hoymercedes.com.ar\/principal\/wp-json\/wp\/v2\/posts\/69723\/revisions"}],"wp:featuredmedia":[{"embeddable":true,"href":"https:\/\/www.hoymercedes.com.ar\/principal\/wp-json\/wp\/v2\/media\/69725"}],"wp:attachment":[{"href":"https:\/\/www.hoymercedes.com.ar\/principal\/wp-json\/wp\/v2\/media?parent=69723"}],"wp:term":[{"taxonomy":"category","embeddable":true,"href":"https:\/\/www.hoymercedes.com.ar\/principal\/wp-json\/wp\/v2\/categories?post=69723"},{"taxonomy":"post_tag","embeddable":true,"href":"https:\/\/www.hoymercedes.com.ar\/principal\/wp-json\/wp\/v2\/tags?post=69723"}],"curies":[{"name":"wp","href":"https:\/\/api.w.org\/{rel}","templated":true}]}}