{"id":6977,"date":"2011-09-06T11:28:04","date_gmt":"2011-09-06T11:28:04","guid":{"rendered":"http:\/\/www.hoymercedes.com.ar\/principal\/?p=6977"},"modified":"2011-09-06T11:28:04","modified_gmt":"2011-09-06T11:28:04","slug":"concejales-de-union-pro-dan-a-conocer-cuatro-proyectos-boleto-infantil-red-cloacal-expreso-a-goldney-y-boleto-estudiantil-gratuito","status":"publish","type":"post","link":"https:\/\/www.hoymercedes.com.ar\/principal\/2011\/09\/06\/concejales-de-union-pro-dan-a-conocer-cuatro-proyectos-boleto-infantil-red-cloacal-expreso-a-goldney-y-boleto-estudiantil-gratuito\/","title":{"rendered":"Concejales de Uni\u00f3n Pro dan a conocer cuatro proyectos: Boleto infantil, red cloacal, expreso a Goldney y Boleto estudiantil gratuito"},"content":{"rendered":"<p>En las ultimas horas, Juan Carlos Ben\u00edtez, uno de los tres integrantes del Bloque de Concejales de Uni\u00f3n Pro en nuestra ciudad dio a conocer la prsentaci\u00f3n ante la Secretar\u00eda del HCD de cuatro proyectos que ingresran para su tratamiento durante la sesi\u00f3n ordinaria del lunes pr\u00f3ximo.<\/p>\n<p>Los mismos tratan sobre \u00abRed cloacal\u00bb; \u00abExpreso a Goldney\u00bb, \u00abBoleto escolar\u00bb y \u00abRivera del r\u00edo luj\u00e1n\u00bb<\/p>\n<p>A continuaci\u00f3n detallamoslos mismos:<\/p>\n<p style=\"text-align: center;\"><span style=\"color: #3366ff;\"><strong>RIVERA RIO LUJAN<\/strong><\/span><\/p>\n<p>VISTO: El espacio ocioso existente en la margen del R\u00edo Lujan entre calle 29 y Ruta Provincial 41, a excepci\u00f3n del cubierto por el Tiro Federal Argentino, limitado por la avenida Coronel Manuel Borrego y la costa del R\u00edo Lujan.<\/p>\n<p>CONSIDERANDO:<\/p>\n<p>Que la parquizaci\u00f3n de este espacio supone un atractivo para la recreaci\u00f3n y el descanso.<\/p>\n<p>Que el mantenimiento de dicho espacio es viable a trav\u00e9s de la entrega en comodato a instituciones no gubernamentales.<\/p>\n<p>Que el comodato es propicio para usufructo de asociados y adherentes a las ONG`s, que de otro modo no disponen de un solaz para el ocio.<\/p>\n<p>Que la avenida Dorrego es una circunvalaci\u00f3n al ejido urbano con proyecci\u00f3n al futuro.<\/p>\n<p>Que la utilizaci\u00f3n social del espacio evitara que el mismo sea utilizado como corral de animales o peor a\u00fan como deposito de basura.<\/p>\n<p>Por todo ello se propone el siguiente Proyecto de Ordenanza<\/p>\n<p>Art. 1\u00ba) Autorizase al D.E a ceder en forma de comodato a Organizaciones no Gubernamentales con personer\u00eda jur\u00eddica parcelas ubicadas en la margen del R\u00edo Lujan limitadas por avenida 29, Ruta Provincial 41 y Avenida Coronel Manuel Borrego, exceptuando la parcela que ocupa el Tiro Federal Argentino, dichas parcelas tendr\u00e1n una superficie no menor a 0,25 hect\u00e1reas, destinadas a recreaci\u00f3n y descanso.<\/p>\n<p>Art.2\u00ba) La Municipalidad construir\u00e1 previamente una infraestructura de asientos, mesas, parrillas y ba\u00f1os.<\/p>\n<p>Art.3\u00ba) La Municipalidad proveer\u00e1 a la ONG de una desmalezadora y una cortadora de c\u00e9sped.<\/p>\n<p>Art. 4\u00ba) El D.E. presentar\u00e1 el decreto reglamentario correspondiente a \u00e9sta, donde especificar\u00e1 condiciones, plazos, superficies asignadas y sanciones.<\/p>\n<p>Art.5\u00ba) El gasto que insuma la presente se imputar\u00e1 a la partida 111010500-08-2.9.0.0 Parque y jardines.<\/p>\n<p>Art. 6\u00ba) D\u00e9 Forma<\/p>\n<p>Mar\u00eda R. Muraca Carlos E. Aristi Juan C. Ben\u00edtez<\/p>\n<p style=\"text-align: center;\"><span style=\"color: #3366ff;\"><strong>BOLETO ESCOLAR GRATUITO<\/strong><\/span><\/p>\n<p>VISTO: La puesta en vigencia en el actual presupuesto municipal del boleto escolar gratuito para alumnos de zonas rurales y la falta de aplicaci\u00f3n para el resto del alumnado.<\/p>\n<p>CONSIDERANDO:<\/p>\n<p>La gratuidad del transporte escolar como una contribuci\u00f3n al cumplimiento del derecho de acceso a la educaci\u00f3n, establecido por ley nacional 23673\/89.<\/p>\n<p>Que el transporte hacia la escuela resulta un tema crucial no s\u00f3lo en lo econ\u00f3mico, sino una manera de hacerlo de modo m\u00e1s seguro que los diversos transportes individuales<\/p>\n<p>Que el Fondo Solidario Provincial (Fondo sojero) es suficiente para hacer frente a este esencial gasto.<\/p>\n<p>Se promueve el siguiente Proyecto de Ordenanza<\/p>\n<p>Art. 1\u00ba) Cr\u00e9ase en el Partido de Mercedes, el acceso gratuito en Transporte P\u00fablico de Pasajeros de micros y \u00f3mnibus de recorrido urbano, a todos los alumnos de los niveles pre primarios, primarios y secundarios asistentes a toda instituci\u00f3n educativa que expida certificados oficiales de educaci\u00f3n.<\/p>\n<p>Art.2\u00ba) El acceso al transporte escolar gratuito, se realizar\u00e1 a partir de la presentaci\u00f3n de una CREDENCIAL ESTUDIANTIL, expedida por la autoridad municipal.<\/p>\n<p>Art.3\u00ba) Para la obtenci\u00f3n de la Credencial Estudiantil ser\u00e1 necesario la presentaci\u00f3n ante la Direcci\u00f3n de Tr\u00e1nsito Municipal por parte de los interesados de sus datos personales, mas la certificaci\u00f3n de alumno regular expedido por la instituci\u00f3n educativa. Dicha presentaci\u00f3n podr\u00e1 hacerse v\u00eda correo electr\u00f3nico.<\/p>\n<p>Art. 4\u00ba) El dise\u00f1o de la Credencial Estudiantil as\u00ed como su costo estar\u00e1 a cargo de la Autoridad Municipal.<\/p>\n<p>Art. 5\u00ba) El periodo de vigencia de cada Credencial Estudiantil ser\u00e1 desde el 1\u00ba de Febrero hasta el 20 de Diciembre de cada a\u00f1o y de lunes a viernes de cada semana.<\/p>\n<p>Art. 6\u00ba) La expedici\u00f3n de la Credencial Estudiantil comenzar\u00e1 en la segunda semana de Febrero de cada a\u00f1o<\/p>\n<p>Art. 7\u00ba) Las empresas de transporte de pasajeros emitir\u00e1n hacia la Autoridad Municipal el volumen mensual de estudiantes que viajen de acuerdo a la Credencial Estudiantil<\/p>\n<p>Art. 8\u00ba) Los gastos que insuma la vigencia de la presente ordenanza se imputar\u00e1n a la cuenta presupuestaria 1750163 Fondo Solidario Provincial (Fondo Sojero).<\/p>\n<p>MARIA R MURACA CARLOS E. ARISTI JUANC. BENITEZ<\/p>\n<p style=\"text-align: center;\"><span style=\"color: #3366ff;\"><strong>RED CLOACAL CALLE 28<\/strong><\/span><\/p>\n<p>VISTO:<\/p>\n<p>La falta de red cloacal de 30 metros de longitud en calle 28 entre 53 y cortada (altura 53 bis).<\/p>\n<p>CONSIDERANDO:<\/p>\n<p>Que la construcci\u00f3n del faltante de red traer\u00e1 el beneficio sanitario a un n\u00facleo de familias carentes del servicio.<\/p>\n<p>Por ello se propone el siguiente proyecto de Ordenanza<\/p>\n<p>Art.1\u00ba) Autorizase al D.E a la ampliaci\u00f3n de la red cloacal en 28 entre 53 y cortada (altura 53 bis).<\/p>\n<p>Art.2\u00ba) Los gastos que insuma la presente se imputaran a la partida 1110105000-81- 4.2.0.0 Obras de Desag\u00fce Cloacal<\/p>\n<p>Art.3\u00ba) D\u00e9 forma<\/p>\n<p>MAR\u00cdA R. MURACA CARLOS E. ARISTI JUAN C. BENITEZ<\/p>\n<p>EXPRESO A GOLDNEY<\/p>\n<p>VISTO:<\/p>\n<p style=\"text-align: center;\"><span style=\"color: #3366ff;\"><strong>\u00a0EXPRESO A GOLSNEY<\/strong><\/span><\/p>\n<p>La falta de transporte urbano entre la localidad de Goldney y la ciudad de Mercedes.<\/p>\n<p>CONSIDERANDO:<\/p>\n<p>Que esta carencia obra en sentido contrario al v\u00ednculo que naturalmente debe existir entre los distintos puntos poblados del Partido de Mercedes.<\/p>\n<p>Que el desarrollo econ\u00f3mico, educativo y social de las poblaciones rurales se ve impedido al existir desvinculaci\u00f3n con las cabeceras distritales.<\/p>\n<p>Se propone el siguiente Proyecto de Ordenanza<\/p>\n<p>Art.1\u00ba) Autorizase al D.E. a formalizar con la empresa Micro \u00d3mnibus Mercedes un contrato por el servicio de transporte Expreso entre las localidades de Goldney y Gowland, ida y vuelta cuatro veces por d\u00eda.<\/p>\n<p>Art.2\u00ba) Este servicio expreso no observar\u00e1 paradas de servicio fuera del partido de Mercedes.<\/p>\n<p>Art.3\u00ba) Los gastos que insuma la vigencia de la presente ordenanza se imputar\u00e1n a la cuenta presupuestaria 1750163 Fondo Solidario Provincial (Fondo Sojero).<\/p>\n<p>Art.4\u00aa) Reg\u00edstrese. Publ\u00edquese. D\u00e9se al digesto general. Cumplido, arch\u00edvese.<\/p>\n<p>MAR\u00cdA R. MURACA CARLOSE. ARISTI JUANC. BENITEZ<\/p>\n","protected":false},"excerpt":{"rendered":"<p>En las ultimas horas, Juan Carlos Ben\u00edtez, uno de los tres integrantes del Bloque de Concejales de Uni\u00f3n Pro en &#8230; <a title=\"Concejales de Uni\u00f3n Pro dan a conocer cuatro proyectos: Boleto infantil, red cloacal, expreso a Goldney y Boleto estudiantil gratuito\" class=\"read-more\" href=\"https:\/\/www.hoymercedes.com.ar\/principal\/2011\/09\/06\/concejales-de-union-pro-dan-a-conocer-cuatro-proyectos-boleto-infantil-red-cloacal-expreso-a-goldney-y-boleto-estudiantil-gratuito\/\" aria-label=\"Leer m\u00e1s sobre Concejales de Uni\u00f3n Pro dan a conocer cuatro proyectos: Boleto infantil, red cloacal, expreso a Goldney y Boleto estudiantil gratuito\">Leer m\u00e1s<\/a><\/p>\n","protected":false},"author":1,"featured_media":0,"comment_status":"open","ping_status":"open","sticky":false,"template":"","format":"standard","meta":{"_monsterinsights_skip_tracking":false,"_monsterinsights_sitenote_active":false,"_monsterinsights_sitenote_note":"","_monsterinsights_sitenote_category":0,"jetpack_post_was_ever_published":false,"_jetpack_newsletter_access":"","_jetpack_dont_email_post_to_subs":false,"_jetpack_newsletter_tier_id":0,"_jetpack_memberships_contains_paywalled_content":false,"_jetpack_memberships_contains_paid_content":false,"footnotes":"","jetpack_publicize_message":"","jetpack_publicize_feature_enabled":true,"jetpack_social_post_already_shared":false,"jetpack_social_options":{"image_generator_settings":{"template":"highway","default_image_id":0,"font":"","enabled":false},"version":2},"_wpas_customize_per_network":false},"categories":[5],"tags":[1245],"class_list":["post-6977","post","type-post","status-publish","format-standard","hentry","category-politica","tag-proyectos-union-pro","generate-columns","tablet-grid-50","mobile-grid-100","grid-parent","grid-50"],"jetpack_publicize_connections":[],"jetpack_featured_media_url":"","wps_subtitle":"","jetpack_sharing_enabled":true,"_links":{"self":[{"href":"https:\/\/www.hoymercedes.com.ar\/principal\/wp-json\/wp\/v2\/posts\/6977","targetHints":{"allow":["GET"]}}],"collection":[{"href":"https:\/\/www.hoymercedes.com.ar\/principal\/wp-json\/wp\/v2\/posts"}],"about":[{"href":"https:\/\/www.hoymercedes.com.ar\/principal\/wp-json\/wp\/v2\/types\/post"}],"author":[{"embeddable":true,"href":"https:\/\/www.hoymercedes.com.ar\/principal\/wp-json\/wp\/v2\/users\/1"}],"replies":[{"embeddable":true,"href":"https:\/\/www.hoymercedes.com.ar\/principal\/wp-json\/wp\/v2\/comments?post=6977"}],"version-history":[{"count":0,"href":"https:\/\/www.hoymercedes.com.ar\/principal\/wp-json\/wp\/v2\/posts\/6977\/revisions"}],"wp:attachment":[{"href":"https:\/\/www.hoymercedes.com.ar\/principal\/wp-json\/wp\/v2\/media?parent=6977"}],"wp:term":[{"taxonomy":"category","embeddable":true,"href":"https:\/\/www.hoymercedes.com.ar\/principal\/wp-json\/wp\/v2\/categories?post=6977"},{"taxonomy":"post_tag","embeddable":true,"href":"https:\/\/www.hoymercedes.com.ar\/principal\/wp-json\/wp\/v2\/tags?post=6977"}],"curies":[{"name":"wp","href":"https:\/\/api.w.org\/{rel}","templated":true}]}}