{"id":6981,"date":"2011-09-06T11:32:00","date_gmt":"2011-09-06T11:32:00","guid":{"rendered":"http:\/\/www.hoymercedes.com.ar\/principal\/?p=6981"},"modified":"2011-09-06T11:32:00","modified_gmt":"2011-09-06T11:32:00","slug":"benitez-relanzo-su-candidatura-de-intendente-municipal","status":"publish","type":"post","link":"https:\/\/www.hoymercedes.com.ar\/principal\/2011\/09\/06\/benitez-relanzo-su-candidatura-de-intendente-municipal\/","title":{"rendered":"Benitez relanz\u00f3 su candidatura de Intendente municipal"},"content":{"rendered":"<p>El viernes, por la noche, Juan Carlos Benitez relanz\u00f3 su campa\u00f1a electoral. El encuentro con la militancia consisti\u00f3 en el agasajo a quienes se desempe\u00f1aron como fiscales el 14 de agosto, la reconfirmaci\u00f3n de responsabilidades y la repitencia del modo de trabajo: el mano a mano.<\/p>\n<p>La cena tuvo lugar en el Club Belgrano de calle 31 y sirvi\u00f3, tambi\u00e9n, para la sana autocr\u00edtica que merec\u00eda el espacio de peronistas e independientes que acompa\u00f1an a Juan Carlos Benitez.<\/p>\n<p>Tras el 14 de agosto qued\u00f3 visto que el llamado Peronismo Federal o el \u201cNo Kirchnerismo\u201d tiene vida propia en Mercedes y est\u00e1 dispuesto de jugarles de igual a igual a las dos vertientes kirchneristas en que se encuentren divididos. El ahora \u201cBenitismo\u201d (por ser la cabeza de lista) tiene en sus filas a peronistas de antigua laya e independientes que en comunidad de ideas con aquellos conforman un sector que est\u00e1 llamado a superar las vallas kirchneristas.<\/p>\n<p>El atiborrado sal\u00f3n del Club estuvo pleno de alegr\u00eda, entusiasmo y fervor. En la ocasi\u00f3n hicieron uso de la palabra el representante de la Agrupaci\u00f3n juvenil \u201cHerederos de Per\u00f3n\u201d, Juan Manuel Bories, y los candidatos a concejales Norma Oviedo, Pedro \u201cChano\u201d Ortubia, el m\u00e9dico Dr. Jos\u00e9 M. \u201cSes\u00f3n\u201d Comesa\u00f1a y Alejandro Molle, figura que encabeza la n\u00f3mina de candidatos, y para cerrar lo hizo Juan Carlos Benitez.<\/p>\n<p>De las palabras de los distintos oradores qued\u00f3 en evidencia que la estrategia consistir\u00e1 en tres claves o ejes: movilizar a la militancia y redoblar las salidas a las calles e interesar a los vecinos independientes, demostrar que es la \u00fanica fracci\u00f3n pol\u00edtica con posibilidades de disputarle al kirchnerismo y difundir a pleno las propuestas de gobierno.<\/p>\n<p>Adem\u00e1s, la Agrupaci\u00f3n Justicialista \u201cUnidad y Lealtad\u201d distingui\u00f3 con medallas a tres consecuentes militantes: Ra\u00fal \u201cTito\u201d Ju\u00e1rez, Dr. Ram\u00f3n Bereterbide y al referente de la juventud, Mart\u00edn Chiminelli.<\/p>\n<p>La velada prosigui\u00f3 con interpretaciones musicales de Cintia Bertaina, Abel Abrego, \u201cMachu\u201d Mandaglio y el recitador surero, Maximiliano Pinilla, finalizando con un animado baile.<\/p>\n","protected":false},"excerpt":{"rendered":"<p>El viernes, por la noche, Juan Carlos Benitez relanz\u00f3 su campa\u00f1a electoral. El encuentro con la militancia consisti\u00f3 en el &#8230; <a title=\"Benitez relanz\u00f3 su candidatura de Intendente municipal\" class=\"read-more\" href=\"https:\/\/www.hoymercedes.com.ar\/principal\/2011\/09\/06\/benitez-relanzo-su-candidatura-de-intendente-municipal\/\" aria-label=\"Leer m\u00e1s sobre Benitez relanz\u00f3 su candidatura de Intendente municipal\">Leer m\u00e1s<\/a><\/p>\n","protected":false},"author":1,"featured_media":0,"comment_status":"open","ping_status":"open","sticky":false,"template":"","format":"standard","meta":{"_monsterinsights_skip_tracking":false,"_monsterinsights_sitenote_active":false,"_monsterinsights_sitenote_note":"","_monsterinsights_sitenote_category":0,"jetpack_post_was_ever_published":false,"_jetpack_newsletter_access":"","_jetpack_dont_email_post_to_subs":false,"_jetpack_newsletter_tier_id":0,"_jetpack_memberships_contains_paywalled_content":false,"_jetpack_memberships_contains_paid_content":false,"footnotes":"","jetpack_publicize_message":"","jetpack_publicize_feature_enabled":true,"jetpack_social_post_already_shared":false,"jetpack_social_options":{"image_generator_settings":{"template":"highway","default_image_id":0,"font":"","enabled":false},"version":2},"_wpas_customize_per_network":false},"categories":[5],"tags":[1246,313],"class_list":["post-6981","post","type-post","status-publish","format-standard","hentry","category-politica","tag-candidatos-a-intendente","tag-juan-carlos-benitez","generate-columns","tablet-grid-50","mobile-grid-100","grid-parent","grid-50"],"jetpack_publicize_connections":[],"jetpack_featured_media_url":"","wps_subtitle":"","jetpack_sharing_enabled":true,"_links":{"self":[{"href":"https:\/\/www.hoymercedes.com.ar\/principal\/wp-json\/wp\/v2\/posts\/6981","targetHints":{"allow":["GET"]}}],"collection":[{"href":"https:\/\/www.hoymercedes.com.ar\/principal\/wp-json\/wp\/v2\/posts"}],"about":[{"href":"https:\/\/www.hoymercedes.com.ar\/principal\/wp-json\/wp\/v2\/types\/post"}],"author":[{"embeddable":true,"href":"https:\/\/www.hoymercedes.com.ar\/principal\/wp-json\/wp\/v2\/users\/1"}],"replies":[{"embeddable":true,"href":"https:\/\/www.hoymercedes.com.ar\/principal\/wp-json\/wp\/v2\/comments?post=6981"}],"version-history":[{"count":0,"href":"https:\/\/www.hoymercedes.com.ar\/principal\/wp-json\/wp\/v2\/posts\/6981\/revisions"}],"wp:attachment":[{"href":"https:\/\/www.hoymercedes.com.ar\/principal\/wp-json\/wp\/v2\/media?parent=6981"}],"wp:term":[{"taxonomy":"category","embeddable":true,"href":"https:\/\/www.hoymercedes.com.ar\/principal\/wp-json\/wp\/v2\/categories?post=6981"},{"taxonomy":"post_tag","embeddable":true,"href":"https:\/\/www.hoymercedes.com.ar\/principal\/wp-json\/wp\/v2\/tags?post=6981"}],"curies":[{"name":"wp","href":"https:\/\/api.w.org\/{rel}","templated":true}]}}