{"id":69846,"date":"2017-11-18T14:50:04","date_gmt":"2017-11-18T17:50:04","guid":{"rendered":"http:\/\/www.hoymercedes.com.ar\/principal\/?p=69846"},"modified":"2017-11-19T21:56:55","modified_gmt":"2017-11-20T00:56:55","slug":"hubo-futbol-entre-internos-y-seminaristas","status":"publish","type":"post","link":"https:\/\/www.hoymercedes.com.ar\/principal\/2017\/11\/18\/hubo-futbol-entre-internos-y-seminaristas\/","title":{"rendered":"Hubo futbol entre internos y seminaristas"},"content":{"rendered":"<p>El pasado jueves en el patio \u2013 cancha de la Unidad Penitenciaria N\u00b0 5\u00a0 se desarrollo el segundo encuentro deportivo \u00a0del a\u00f1o, \u00a0entre los Seminaristas del Instituto Santo Cura de Ars, de la Arquidi\u00f3cesis Mercedes \u2013 Luj\u00e1n y los internos \u00a0que profesan el culto cat\u00f3lico.<\/p>\n<figure id=\"attachment_69847\" aria-describedby=\"caption-attachment-69847\" style=\"width: 740px\" class=\"wp-caption aligncenter\"><img loading=\"lazy\" decoding=\"async\" data-attachment-id=\"69847\" data-permalink=\"https:\/\/www.hoymercedes.com.ar\/principal\/2017\/11\/18\/hubo-futbol-entre-internos-y-seminaristas\/18-futbol-carcel\/#main\" data-orig-file=\"https:\/\/www.hoymercedes.com.ar\/principal\/wp-content\/uploads\/2017\/11\/18-futbol-carcel.jpg\" data-orig-size=\"750,422\" data-comments-opened=\"0\" data-image-meta=\"{&quot;aperture&quot;:&quot;0&quot;,&quot;credit&quot;:&quot;&quot;,&quot;camera&quot;:&quot;&quot;,&quot;caption&quot;:&quot;&quot;,&quot;created_timestamp&quot;:&quot;0&quot;,&quot;copyright&quot;:&quot;&quot;,&quot;focal_length&quot;:&quot;0&quot;,&quot;iso&quot;:&quot;0&quot;,&quot;shutter_speed&quot;:&quot;0&quot;,&quot;title&quot;:&quot;&quot;,&quot;orientation&quot;:&quot;0&quot;}\" data-image-title=\"18 futbol carcel\" data-image-description=\"\" data-image-caption=\"&lt;p&gt;Internos y Seminaristas compartieron una tarde de futbol&lt;\/p&gt;\n\" data-large-file=\"https:\/\/www.hoymercedes.com.ar\/principal\/wp-content\/uploads\/2017\/11\/18-futbol-carcel.jpg\" class=\"wp-image-69847 size-full\" src=\"https:\/\/www.hoymercedes.com.ar\/principal\/wp-content\/uploads\/2017\/11\/18-futbol-carcel.jpg\" alt=\"\" width=\"750\" height=\"422\" srcset=\"https:\/\/www.hoymercedes.com.ar\/principal\/wp-content\/uploads\/2017\/11\/18-futbol-carcel.jpg 750w, https:\/\/www.hoymercedes.com.ar\/principal\/wp-content\/uploads\/2017\/11\/18-futbol-carcel-150x84.jpg 150w, https:\/\/www.hoymercedes.com.ar\/principal\/wp-content\/uploads\/2017\/11\/18-futbol-carcel-630x354.jpg 630w\" sizes=\"auto, (max-width: 750px) 100vw, 750px\" \/><figcaption id=\"caption-attachment-69847\" class=\"wp-caption-text\">Internos y Seminaristas compartieron una tarde de futbol<\/figcaption><\/figure>\n<p>Se realizaron dos partidos, uno seminaristas contra internos, y otro mezclados, para lograr la integraci\u00f3n entre todos.<\/p>\n<p>Los alumnos, los cuales ya hab\u00edan estado en otras oportunidades, junto a el Padre Pablo Valle, encargado de los alumnos de primer a\u00f1o del seminario, y el capell\u00e1n de la Unidad Norberto Chirigliano, y los docentes de educaci\u00f3n f\u00edsica, expresaron su conformidad de c\u00f3mo resultan estos encuentros, ya que a trav\u00e9s de diversas actividades se puede llegar a movilizar los cuerpos y mentes de las personas.<\/p>\n<p>Luego de finalizado el f\u00fatbol, conversaron con los detenidos y compartieron empanadas y jugos, quedando todos muy satisfechos con la integraci\u00f3n.<\/p>\n<p>&nbsp;<\/p>\n<p>Fuente: Unidad N\u00b0 5<\/p>\n","protected":false},"excerpt":{"rendered":"<p>El pasado jueves en el patio \u2013 cancha de la Unidad Penitenciaria N\u00b0 5\u00a0 se desarrollo el segundo encuentro deportivo &#8230; <a title=\"Hubo futbol entre internos y seminaristas\" class=\"read-more\" href=\"https:\/\/www.hoymercedes.com.ar\/principal\/2017\/11\/18\/hubo-futbol-entre-internos-y-seminaristas\/\" aria-label=\"Leer m\u00e1s sobre Hubo futbol entre internos y seminaristas\">Leer m\u00e1s<\/a><\/p>\n","protected":false},"author":1,"featured_media":69847,"comment_status":"closed","ping_status":"open","sticky":false,"template":"","format":"standard","meta":{"_monsterinsights_skip_tracking":false,"_monsterinsights_sitenote_active":false,"_monsterinsights_sitenote_note":"","_monsterinsights_sitenote_category":0,"jetpack_post_was_ever_published":false,"_jetpack_newsletter_access":"","_jetpack_dont_email_post_to_subs":false,"_jetpack_newsletter_tier_id":0,"_jetpack_memberships_contains_paywalled_content":false,"_jetpack_memberships_contains_paid_content":false,"footnotes":"","jetpack_publicize_message":"","jetpack_publicize_feature_enabled":true,"jetpack_social_post_already_shared":true,"jetpack_social_options":{"image_generator_settings":{"template":"highway","default_image_id":0,"font":"","enabled":false},"version":2},"_wpas_customize_per_network":false},"categories":[21],"tags":[204,1003,772,7802,113],"class_list":["post-69846","post","type-post","status-publish","format-standard","has-post-thumbnail","hentry","category-deportes","tag-deportes-2","tag-futbol","tag-seminario","tag-sociedad","tag-unidad-5","generate-columns","tablet-grid-50","mobile-grid-100","grid-parent","grid-50"],"jetpack_publicize_connections":[],"jetpack_featured_media_url":"https:\/\/www.hoymercedes.com.ar\/principal\/wp-content\/uploads\/2017\/11\/18-futbol-carcel.jpg","wps_subtitle":"En la Unidad Penitenciaria N\u00b0 5","jetpack_sharing_enabled":true,"_links":{"self":[{"href":"https:\/\/www.hoymercedes.com.ar\/principal\/wp-json\/wp\/v2\/posts\/69846","targetHints":{"allow":["GET"]}}],"collection":[{"href":"https:\/\/www.hoymercedes.com.ar\/principal\/wp-json\/wp\/v2\/posts"}],"about":[{"href":"https:\/\/www.hoymercedes.com.ar\/principal\/wp-json\/wp\/v2\/types\/post"}],"author":[{"embeddable":true,"href":"https:\/\/www.hoymercedes.com.ar\/principal\/wp-json\/wp\/v2\/users\/1"}],"replies":[{"embeddable":true,"href":"https:\/\/www.hoymercedes.com.ar\/principal\/wp-json\/wp\/v2\/comments?post=69846"}],"version-history":[{"count":0,"href":"https:\/\/www.hoymercedes.com.ar\/principal\/wp-json\/wp\/v2\/posts\/69846\/revisions"}],"wp:featuredmedia":[{"embeddable":true,"href":"https:\/\/www.hoymercedes.com.ar\/principal\/wp-json\/wp\/v2\/media\/69847"}],"wp:attachment":[{"href":"https:\/\/www.hoymercedes.com.ar\/principal\/wp-json\/wp\/v2\/media?parent=69846"}],"wp:term":[{"taxonomy":"category","embeddable":true,"href":"https:\/\/www.hoymercedes.com.ar\/principal\/wp-json\/wp\/v2\/categories?post=69846"},{"taxonomy":"post_tag","embeddable":true,"href":"https:\/\/www.hoymercedes.com.ar\/principal\/wp-json\/wp\/v2\/tags?post=69846"}],"curies":[{"name":"wp","href":"https:\/\/api.w.org\/{rel}","templated":true}]}}