{"id":69868,"date":"2017-11-20T09:46:38","date_gmt":"2017-11-20T12:46:38","guid":{"rendered":"http:\/\/www.hoymercedes.com.ar\/principal\/?p=69868"},"modified":"2017-11-20T09:46:38","modified_gmt":"2017-11-20T12:46:38","slug":"este-lunes-1930-hs-acto-protocolar-por-el-dia-de-la-soberania-nacional","status":"publish","type":"post","link":"https:\/\/www.hoymercedes.com.ar\/principal\/2017\/11\/20\/este-lunes-1930-hs-acto-protocolar-por-el-dia-de-la-soberania-nacional\/","title":{"rendered":"Este lunes, 19:30 hs, acto protocolar por el D\u00eda de la Soberan\u00eda Nacional"},"content":{"rendered":"<p>Este lunes 20 de noviembre, en el pa\u00eds se celebra el D\u00eda de la Soberan\u00eda Nacional. A la hora 19:30 est\u00e1 previsto realizar el acto protocolar en la intersecci\u00f3n de las avenidas 1 y 40. Las lluvias podr\u00edan suspender el evento que confirmar\u00e1n en la tarde de este lunes.<\/p>\n<figure id=\"attachment_69870\" aria-describedby=\"caption-attachment-69870\" style=\"width: 620px\" class=\"wp-caption alignnone\"><img loading=\"lazy\" decoding=\"async\" data-attachment-id=\"69870\" data-permalink=\"https:\/\/www.hoymercedes.com.ar\/principal\/2017\/11\/20\/este-lunes-1930-hs-acto-protocolar-por-el-dia-de-la-soberania-nacional\/20-dia-de-la-soberania\/#main\" data-orig-file=\"https:\/\/www.hoymercedes.com.ar\/principal\/wp-content\/uploads\/2017\/11\/20-d\u00eda-de-la-soberania.jpg\" data-orig-size=\"750,422\" data-comments-opened=\"0\" data-image-meta=\"{&quot;aperture&quot;:&quot;0&quot;,&quot;credit&quot;:&quot;&quot;,&quot;camera&quot;:&quot;&quot;,&quot;caption&quot;:&quot;&quot;,&quot;created_timestamp&quot;:&quot;0&quot;,&quot;copyright&quot;:&quot;&quot;,&quot;focal_length&quot;:&quot;0&quot;,&quot;iso&quot;:&quot;0&quot;,&quot;shutter_speed&quot;:&quot;0&quot;,&quot;title&quot;:&quot;&quot;,&quot;orientation&quot;:&quot;0&quot;}\" data-image-title=\"20 d\u00eda de la soberania\" data-image-description=\"\" data-image-caption=\"&lt;p&gt;20 de Noviembre, D\u00eda de la Soberan\u00eda Nacional&lt;\/p&gt;\n\" data-large-file=\"https:\/\/www.hoymercedes.com.ar\/principal\/wp-content\/uploads\/2017\/11\/20-d\u00eda-de-la-soberania.jpg\" class=\"size-medium wp-image-69870\" src=\"https:\/\/www.hoymercedes.com.ar\/principal\/wp-content\/uploads\/2017\/11\/20-d\u00eda-de-la-soberania-630x354.jpg\" alt=\"\" width=\"630\" height=\"354\" srcset=\"https:\/\/www.hoymercedes.com.ar\/principal\/wp-content\/uploads\/2017\/11\/20-d\u00eda-de-la-soberania-630x354.jpg 630w, https:\/\/www.hoymercedes.com.ar\/principal\/wp-content\/uploads\/2017\/11\/20-d\u00eda-de-la-soberania-150x84.jpg 150w, https:\/\/www.hoymercedes.com.ar\/principal\/wp-content\/uploads\/2017\/11\/20-d\u00eda-de-la-soberania.jpg 750w\" sizes=\"auto, (max-width: 630px) 100vw, 630px\" \/><figcaption id=\"caption-attachment-69870\" class=\"wp-caption-text\">20 de Noviembre, D\u00eda de la Soberan\u00eda Nacional<\/figcaption><\/figure>\n<p>El 20 de noviembre se celebra el D\u00eda de la Soberan\u00eda Nacional, en conmemoraci\u00f3n de la batalla de Vuelta de Obligado de 1845. En aquel entonces, los heroicos soldados argentinos, en inferioridad de condiciones, resistieron la invasi\u00f3n del ej\u00e9rcito anglo-franc\u00e9s, el m\u00e1s poderoso del mundo. La fecha fue instaurada por pedido del historiador Jos\u00e9 Mar\u00eda Rosa y se oficializ\u00f3 por medio de la Ley N\u00b0 20.770, en 1974.<\/p>\n<p>\u00abCon la finalidad de colonizar territorios de nuestro pa\u00eds, durante 1845 Francia e Inglaterra emprendieron una ofensiva con una flota de 95 nav\u00edos de carga, repletos de productos para ser colocados en la provincia de Corrientes y en el Paraguay.\u00a0El pueblo argentino no deseaba volver a ser una colonia, por lo que el Gobierno de Juan Manuel de Rosas, respaldado desde el exilio por el general Jos\u00e9 de San Mart\u00edn, prepar\u00f3 una resistencia.\u00a0Los invasores quer\u00edan entrar por el Paran\u00e1, pero las tropas nacionales, al mando de Lucio Mansilla, se anticiparon en un estrecho recodo de ese r\u00edo: la Vuelta de Obligado. El n\u00famero de fuerzas enemigas superaba ampliamente en cantidad y modernidad de su armamento a las argentinas, que sin embargo no se amedrentaron y batallaron durante siete horas. De este modo, lograron que las tropas adversarias no pudieran ocupar las costas, objetivo necesario para poder adentrarse en el territorio argentino.\u00a0Esta heroica resistencia, as\u00ed como tambi\u00e9n el esp\u00edritu de lucha nacional se conoci\u00f3 en toda Europa y qued\u00f3 inscripto en nuestra historia como un\u00a0s\u00edmbolo de independencia, libertad y unidad nacional.\u00a0El enfrentamiento de la Vuelta de Obligado fue el primero de otros tres enfrentamientos; el del paraje Tonelero, el combate de San Lorenzo, donde el general Jos\u00e9 de San Mart\u00edn derrot\u00f3 a los espa\u00f1oles con los Granaderos, y por \u00faltimo, Quebracho, sitio donde los patriotas ca\u00f1onearon a los invasores.\u00a0El mejor homenaje que podemos realizar es\u00a0retomar el legado de los hombres y mujeres que lucharon para construir nuestra Naci\u00f3n,\u00a0entendiendo que esta batalla tambi\u00e9n tiene como escenario los aspectos econ\u00f3micos, pol\u00edticos y culturales\u00bb (Fuente: Desarrollo Social de Naci\u00f3n).<\/p>\n","protected":false},"excerpt":{"rendered":"<p>Este lunes 20 de noviembre, en el pa\u00eds se celebra el D\u00eda de la Soberan\u00eda Nacional. A la hora 19:30 &#8230; <a title=\"Este lunes, 19:30 hs, acto protocolar por el D\u00eda de la Soberan\u00eda Nacional\" class=\"read-more\" href=\"https:\/\/www.hoymercedes.com.ar\/principal\/2017\/11\/20\/este-lunes-1930-hs-acto-protocolar-por-el-dia-de-la-soberania-nacional\/\" aria-label=\"Leer m\u00e1s sobre Este lunes, 19:30 hs, acto protocolar por el D\u00eda de la Soberan\u00eda Nacional\">Leer m\u00e1s<\/a><\/p>\n","protected":false},"author":1,"featured_media":69870,"comment_status":"closed","ping_status":"open","sticky":false,"template":"","format":"standard","meta":{"_monsterinsights_skip_tracking":false,"_monsterinsights_sitenote_active":false,"_monsterinsights_sitenote_note":"","_monsterinsights_sitenote_category":0,"jetpack_post_was_ever_published":false,"_jetpack_newsletter_access":"","_jetpack_dont_email_post_to_subs":false,"_jetpack_newsletter_tier_id":0,"_jetpack_memberships_contains_paywalled_content":false,"_jetpack_memberships_contains_paid_content":false,"footnotes":"","jetpack_publicize_message":"","jetpack_publicize_feature_enabled":true,"jetpack_social_post_already_shared":true,"jetpack_social_options":{"image_generator_settings":{"template":"highway","default_image_id":0,"font":"","enabled":false},"version":2},"_wpas_customize_per_network":false},"categories":[8],"tags":[8833,1608,10,7802],"class_list":["post-69868","post","type-post","status-publish","format-standard","has-post-thumbnail","hentry","category-sociedad","tag-acto-protocolar","tag-dia-de-la-soberania-nacional","tag-mercedes","tag-sociedad","generate-columns","tablet-grid-50","mobile-grid-100","grid-parent","grid-50"],"jetpack_publicize_connections":[],"jetpack_featured_media_url":"https:\/\/www.hoymercedes.com.ar\/principal\/wp-content\/uploads\/2017\/11\/20-d\u00eda-de-la-soberania.jpg","wps_subtitle":"En 1 y 40","jetpack_sharing_enabled":true,"_links":{"self":[{"href":"https:\/\/www.hoymercedes.com.ar\/principal\/wp-json\/wp\/v2\/posts\/69868","targetHints":{"allow":["GET"]}}],"collection":[{"href":"https:\/\/www.hoymercedes.com.ar\/principal\/wp-json\/wp\/v2\/posts"}],"about":[{"href":"https:\/\/www.hoymercedes.com.ar\/principal\/wp-json\/wp\/v2\/types\/post"}],"author":[{"embeddable":true,"href":"https:\/\/www.hoymercedes.com.ar\/principal\/wp-json\/wp\/v2\/users\/1"}],"replies":[{"embeddable":true,"href":"https:\/\/www.hoymercedes.com.ar\/principal\/wp-json\/wp\/v2\/comments?post=69868"}],"version-history":[{"count":0,"href":"https:\/\/www.hoymercedes.com.ar\/principal\/wp-json\/wp\/v2\/posts\/69868\/revisions"}],"wp:featuredmedia":[{"embeddable":true,"href":"https:\/\/www.hoymercedes.com.ar\/principal\/wp-json\/wp\/v2\/media\/69870"}],"wp:attachment":[{"href":"https:\/\/www.hoymercedes.com.ar\/principal\/wp-json\/wp\/v2\/media?parent=69868"}],"wp:term":[{"taxonomy":"category","embeddable":true,"href":"https:\/\/www.hoymercedes.com.ar\/principal\/wp-json\/wp\/v2\/categories?post=69868"},{"taxonomy":"post_tag","embeddable":true,"href":"https:\/\/www.hoymercedes.com.ar\/principal\/wp-json\/wp\/v2\/tags?post=69868"}],"curies":[{"name":"wp","href":"https:\/\/api.w.org\/{rel}","templated":true}]}}