{"id":69875,"date":"2017-11-20T10:26:20","date_gmt":"2017-11-20T13:26:20","guid":{"rendered":"http:\/\/www.hoymercedes.com.ar\/principal\/?p=69875"},"modified":"2017-11-20T10:26:20","modified_gmt":"2017-11-20T13:26:20","slug":"incendio-vehicular-en-ruta-5-a-la-altura-de-suipacha","status":"publish","type":"post","link":"https:\/\/www.hoymercedes.com.ar\/principal\/2017\/11\/20\/incendio-vehicular-en-ruta-5-a-la-altura-de-suipacha\/","title":{"rendered":"Incendio vehicular en Ruta 5 a la altura de Suipacha"},"content":{"rendered":"<p>En los \u00faltimos minutos del domingo,\u00a0se produjo el incendio de un \u00f3mnibus que circulaba sobre ruta 5, a la altura del km 137,500 en jurisdicci\u00f3n del partido de Suipacha. No hubo v\u00edctimas.<\/p>\n<figure id=\"attachment_69881\" aria-describedby=\"caption-attachment-69881\" style=\"width: 620px\" class=\"wp-caption aligncenter\"><img loading=\"lazy\" decoding=\"async\" data-attachment-id=\"69881\" data-permalink=\"https:\/\/www.hoymercedes.com.ar\/principal\/2017\/11\/20\/incendio-vehicular-en-ruta-5-a-la-altura-de-suipacha\/20-incendio-colectivo-1\/#main\" data-orig-file=\"https:\/\/www.hoymercedes.com.ar\/principal\/wp-content\/uploads\/2017\/11\/20-incendio-colectivo-1.jpg\" data-orig-size=\"750,522\" data-comments-opened=\"0\" data-image-meta=\"{&quot;aperture&quot;:&quot;0&quot;,&quot;credit&quot;:&quot;&quot;,&quot;camera&quot;:&quot;&quot;,&quot;caption&quot;:&quot;&quot;,&quot;created_timestamp&quot;:&quot;0&quot;,&quot;copyright&quot;:&quot;&quot;,&quot;focal_length&quot;:&quot;0&quot;,&quot;iso&quot;:&quot;0&quot;,&quot;shutter_speed&quot;:&quot;0&quot;,&quot;title&quot;:&quot;&quot;,&quot;orientation&quot;:&quot;0&quot;}\" data-image-title=\"20 incendio colectivo 1\" data-image-description=\"\" data-image-caption=\"\" data-large-file=\"https:\/\/www.hoymercedes.com.ar\/principal\/wp-content\/uploads\/2017\/11\/20-incendio-colectivo-1.jpg\" class=\"wp-image-69881 size-medium\" src=\"https:\/\/www.hoymercedes.com.ar\/principal\/wp-content\/uploads\/2017\/11\/20-incendio-colectivo-1-630x438.jpg\" alt=\"\" width=\"630\" height=\"438\" srcset=\"https:\/\/www.hoymercedes.com.ar\/principal\/wp-content\/uploads\/2017\/11\/20-incendio-colectivo-1-630x438.jpg 630w, https:\/\/www.hoymercedes.com.ar\/principal\/wp-content\/uploads\/2017\/11\/20-incendio-colectivo-1-150x104.jpg 150w, https:\/\/www.hoymercedes.com.ar\/principal\/wp-content\/uploads\/2017\/11\/20-incendio-colectivo-1.jpg 750w\" sizes=\"auto, (max-width: 630px) 100vw, 630px\" \/><figcaption id=\"caption-attachment-69881\" class=\"wp-caption-text\">El colectivo volv\u00eda de Bragado sin pasajeros<\/figcaption><\/figure>\n<p>El \u00f3mnibus perteneciente a la empresa LyM transportes, circulaba por ruta 5 en direcci\u00f3n Chivilcoy \u2013 Suipacha , conducido por Leonardo Martin Carrubba de 35 a\u00f1os, domiciliado en la localidad de Tristan Suarez, acompa\u00f1ado por su esposa Paula Daniela Casal de 40\u00a0a\u00f1os.<\/p>\n<p>Viajaban sin pasajeros proveniente de la ciudad de Bragado a donde en horas de la ma\u00f1ana hab\u00eda trasladado hinchas del Club Camioneros, y regresaba vac\u00edo hacia Capital Federal, cuando al llegar al km 137,500, aparentemente, a ra\u00edz de un falla en el sistema de frenos trasero se gener\u00f3 un incendio que consumi\u00f3 la totalidad de la unidad.<\/p>\n<p>Si bien no se registraron v\u00edctimas, una ambulancia del HOMEI traslad\u00f3 a la esposa del ch\u00f3fer del \u00f3mnibus al Hospital Esteban Iribarne de Suipacha a ra\u00edz de una crisis nerviosa.<\/p>\n<p>Concurrieron al lugar Bomberos Voluntarios de Chivilcoy, ambulancias del 107, Bomberos Voluntarios de Suipacha, ambulancias del Hospital Esteban Iribarne de Suipacha, Polic\u00eda Comunal de Suipacha y Sub estaci\u00f3n de polic\u00eda Dardo Garelli.<\/p>\n<p>Fuente: Jorge Lasala de Suipacha<\/p>\n<figure id=\"attachment_69880\" aria-describedby=\"caption-attachment-69880\" style=\"width: 620px\" class=\"wp-caption aligncenter\"><img loading=\"lazy\" decoding=\"async\" data-attachment-id=\"69880\" data-permalink=\"https:\/\/www.hoymercedes.com.ar\/principal\/2017\/11\/20\/incendio-vehicular-en-ruta-5-a-la-altura-de-suipacha\/20-incendio-colectivo-2\/#main\" data-orig-file=\"https:\/\/www.hoymercedes.com.ar\/principal\/wp-content\/uploads\/2017\/11\/20-incendio-colectivo-2.jpg\" data-orig-size=\"750,563\" data-comments-opened=\"0\" data-image-meta=\"{&quot;aperture&quot;:&quot;0&quot;,&quot;credit&quot;:&quot;&quot;,&quot;camera&quot;:&quot;&quot;,&quot;caption&quot;:&quot;&quot;,&quot;created_timestamp&quot;:&quot;0&quot;,&quot;copyright&quot;:&quot;&quot;,&quot;focal_length&quot;:&quot;0&quot;,&quot;iso&quot;:&quot;0&quot;,&quot;shutter_speed&quot;:&quot;0&quot;,&quot;title&quot;:&quot;&quot;,&quot;orientation&quot;:&quot;0&quot;}\" data-image-title=\"20 incendio colectivo 2\" data-image-description=\"\" data-image-caption=\"&lt;p&gt;En la noche del domingo se incendi\u00f3 colectivo en ruta 5&lt;\/p&gt;\n\" data-large-file=\"https:\/\/www.hoymercedes.com.ar\/principal\/wp-content\/uploads\/2017\/11\/20-incendio-colectivo-2.jpg\" class=\"size-medium wp-image-69880\" src=\"https:\/\/www.hoymercedes.com.ar\/principal\/wp-content\/uploads\/2017\/11\/20-incendio-colectivo-2-630x473.jpg\" alt=\"\" width=\"630\" height=\"473\" srcset=\"https:\/\/www.hoymercedes.com.ar\/principal\/wp-content\/uploads\/2017\/11\/20-incendio-colectivo-2-630x473.jpg 630w, https:\/\/www.hoymercedes.com.ar\/principal\/wp-content\/uploads\/2017\/11\/20-incendio-colectivo-2-150x113.jpg 150w, https:\/\/www.hoymercedes.com.ar\/principal\/wp-content\/uploads\/2017\/11\/20-incendio-colectivo-2.jpg 750w\" sizes=\"auto, (max-width: 630px) 100vw, 630px\" \/><figcaption id=\"caption-attachment-69880\" class=\"wp-caption-text\">En la noche del domingo se incendi\u00f3 colectivo en ruta 5<\/figcaption><\/figure>\n","protected":false},"excerpt":{"rendered":"<p>En los \u00faltimos minutos del domingo,\u00a0se produjo el incendio de un \u00f3mnibus que circulaba sobre ruta 5, a la altura &#8230; <a title=\"Incendio vehicular en Ruta 5 a la altura de Suipacha\" class=\"read-more\" href=\"https:\/\/www.hoymercedes.com.ar\/principal\/2017\/11\/20\/incendio-vehicular-en-ruta-5-a-la-altura-de-suipacha\/\" aria-label=\"Leer m\u00e1s sobre Incendio vehicular en Ruta 5 a la altura de Suipacha\">Leer m\u00e1s<\/a><\/p>\n","protected":false},"author":1,"featured_media":69880,"comment_status":"closed","ping_status":"open","sticky":false,"template":"","format":"standard","meta":{"_monsterinsights_skip_tracking":false,"_monsterinsights_sitenote_active":false,"_monsterinsights_sitenote_note":"","_monsterinsights_sitenote_category":0,"jetpack_post_was_ever_published":false,"_jetpack_newsletter_access":"","_jetpack_dont_email_post_to_subs":false,"_jetpack_newsletter_tier_id":0,"_jetpack_memberships_contains_paywalled_content":false,"_jetpack_memberships_contains_paid_content":false,"footnotes":"","jetpack_publicize_message":"","jetpack_publicize_feature_enabled":true,"jetpack_social_post_already_shared":true,"jetpack_social_options":{"image_generator_settings":{"template":"highway","default_image_id":0,"font":"","enabled":false},"version":2},"_wpas_customize_per_network":false},"categories":[85],"tags":[62,286,538,10395,559],"class_list":["post-69875","post","type-post","status-publish","format-standard","has-post-thumbnail","hentry","category-policial","tag-chivilcoy","tag-incendio","tag-ruta-5","tag-siniestro-vial","tag-suipacha","generate-columns","tablet-grid-50","mobile-grid-100","grid-parent","grid-50"],"jetpack_publicize_connections":[],"jetpack_featured_media_url":"https:\/\/www.hoymercedes.com.ar\/principal\/wp-content\/uploads\/2017\/11\/20-incendio-colectivo-2.jpg","wps_subtitle":"\u00daltimas horas del domingo","jetpack_sharing_enabled":true,"_links":{"self":[{"href":"https:\/\/www.hoymercedes.com.ar\/principal\/wp-json\/wp\/v2\/posts\/69875","targetHints":{"allow":["GET"]}}],"collection":[{"href":"https:\/\/www.hoymercedes.com.ar\/principal\/wp-json\/wp\/v2\/posts"}],"about":[{"href":"https:\/\/www.hoymercedes.com.ar\/principal\/wp-json\/wp\/v2\/types\/post"}],"author":[{"embeddable":true,"href":"https:\/\/www.hoymercedes.com.ar\/principal\/wp-json\/wp\/v2\/users\/1"}],"replies":[{"embeddable":true,"href":"https:\/\/www.hoymercedes.com.ar\/principal\/wp-json\/wp\/v2\/comments?post=69875"}],"version-history":[{"count":0,"href":"https:\/\/www.hoymercedes.com.ar\/principal\/wp-json\/wp\/v2\/posts\/69875\/revisions"}],"wp:featuredmedia":[{"embeddable":true,"href":"https:\/\/www.hoymercedes.com.ar\/principal\/wp-json\/wp\/v2\/media\/69880"}],"wp:attachment":[{"href":"https:\/\/www.hoymercedes.com.ar\/principal\/wp-json\/wp\/v2\/media?parent=69875"}],"wp:term":[{"taxonomy":"category","embeddable":true,"href":"https:\/\/www.hoymercedes.com.ar\/principal\/wp-json\/wp\/v2\/categories?post=69875"},{"taxonomy":"post_tag","embeddable":true,"href":"https:\/\/www.hoymercedes.com.ar\/principal\/wp-json\/wp\/v2\/tags?post=69875"}],"curies":[{"name":"wp","href":"https:\/\/api.w.org\/{rel}","templated":true}]}}