{"id":69967,"date":"2017-11-22T19:44:03","date_gmt":"2017-11-22T22:44:03","guid":{"rendered":"http:\/\/www.hoymercedes.com.ar\/principal\/?p=69967"},"modified":"2017-11-22T19:44:03","modified_gmt":"2017-11-22T22:44:03","slug":"ustarroz-presento-al-dr-diego-menendez-como-nuevo-secretario-de-economia-y-hacienda","status":"publish","type":"post","link":"https:\/\/www.hoymercedes.com.ar\/principal\/2017\/11\/22\/ustarroz-presento-al-dr-diego-menendez-como-nuevo-secretario-de-economia-y-hacienda\/","title":{"rendered":"Ustarroz present\u00f3 al Dr. Diego Men\u00e9ndez como nuevo Secretario de Econom\u00eda y Hacienda"},"content":{"rendered":"<figure id=\"attachment_69968\" aria-describedby=\"caption-attachment-69968\" style=\"width: 740px\" class=\"wp-caption aligncenter\"><img loading=\"lazy\" decoding=\"async\" data-attachment-id=\"69968\" data-permalink=\"https:\/\/www.hoymercedes.com.ar\/principal\/2017\/11\/22\/ustarroz-presento-al-dr-diego-menendez-como-nuevo-secretario-de-economia-y-hacienda\/menendez-ustarroz-simone-2\/#main\" data-orig-file=\"https:\/\/www.hoymercedes.com.ar\/principal\/wp-content\/uploads\/2017\/11\/Menendez-Ustarroz-Simone-2.jpg\" data-orig-size=\"750,362\" data-comments-opened=\"0\" data-image-meta=\"{&quot;aperture&quot;:&quot;0&quot;,&quot;credit&quot;:&quot;&quot;,&quot;camera&quot;:&quot;&quot;,&quot;caption&quot;:&quot;&quot;,&quot;created_timestamp&quot;:&quot;0&quot;,&quot;copyright&quot;:&quot;&quot;,&quot;focal_length&quot;:&quot;0&quot;,&quot;iso&quot;:&quot;0&quot;,&quot;shutter_speed&quot;:&quot;0&quot;,&quot;title&quot;:&quot;&quot;,&quot;orientation&quot;:&quot;0&quot;}\" data-image-title=\"Menendez-Ustarroz-Simone-2\" data-image-description=\"\" data-image-caption=\"&lt;p&gt;Dr Diego Men\u00e9ndez, nuevo Secretario de Econom\u00eda y Hacienda. &lt;\/p&gt;\n\" data-large-file=\"https:\/\/www.hoymercedes.com.ar\/principal\/wp-content\/uploads\/2017\/11\/Menendez-Ustarroz-Simone-2.jpg\" class=\"size-full wp-image-69968\" src=\"https:\/\/www.hoymercedes.com.ar\/principal\/wp-content\/uploads\/2017\/11\/Menendez-Ustarroz-Simone-2.jpg\" alt=\"\" width=\"750\" height=\"362\" srcset=\"https:\/\/www.hoymercedes.com.ar\/principal\/wp-content\/uploads\/2017\/11\/Menendez-Ustarroz-Simone-2.jpg 750w, https:\/\/www.hoymercedes.com.ar\/principal\/wp-content\/uploads\/2017\/11\/Menendez-Ustarroz-Simone-2-150x72.jpg 150w, https:\/\/www.hoymercedes.com.ar\/principal\/wp-content\/uploads\/2017\/11\/Menendez-Ustarroz-Simone-2-630x304.jpg 630w\" sizes=\"auto, (max-width: 750px) 100vw, 750px\" \/><figcaption id=\"caption-attachment-69968\" class=\"wp-caption-text\">Dr Diego Men\u00e9ndez, nuevo Secretario de Econom\u00eda y Hacienda.,\u00a0<\/figcaption><\/figure>\n<p style=\"font-weight: 400;\">En el \u00e1mbito del Palacio Municipal el doctor Juan Ignacio Ustarroz, intendente municipal, llev\u00f3 adelante la presentaci\u00f3n del nuevo Secretario de Econom\u00eda y Hacienda, el Dr. Diego Menendez quien reemplaza al licenciado Agust\u00edn Simone, qui\u00e9n hasta el d\u00eda de hoy estuviera al frente de la mencionada cartera.<\/p>\n<p style=\"font-weight: 400;\">La modificaci\u00f3n en el gabinete se da por motivos personales que obligan al Lic. Simone a quedar definitivamente radicado en Capital Federal. Quien lo reemplaza, tiene amplia experiencia en la materia, siendo tambi\u00e9n un profesional con s\u00f3lidos conocimientos t\u00e9cnicos dado que fue parte del Ministerio de Econom\u00eda de la Naci\u00f3n, en la Secretaria de Finanzas, tiempo atr\u00e1s.<\/p>\n<p style=\"font-weight: 400;\"><strong>Agradecimiento<\/strong><\/p>\n<p style=\"font-weight: 400;\">El intendente de nuestra ciudad reconoci\u00f3 y agradeci\u00f3 la labor desempe\u00f1ada por Agust\u00edn Simone al frente de la Secretar\u00eda de Hacienda al expresar: \u201cen primer t\u00e9rmino quiero agradecer p\u00fablicamente el compromiso, la honestidad, el trabajo, \u00e9tica y profesionalismo con el cu\u00e1l se ha desempe\u00f1ado el \u00e1rea y especialmente a Agust\u00edn Simone qui\u00e9n aport\u00f3 todo su conocimiento para reordenar la econom\u00eda y poner esta en funci\u00f3n de los intereses de la ciudadan\u00eda\u201d, sostuvo el Jefe Comunal.<\/p>\n<p style=\"font-weight: 400;\">Adem\u00e1s, puntualiz\u00f3 \u201cse han cumplido los objetivos; sanear la econom\u00eda, generar fondos propios, que a diferencia del Fondo de Infraestructura Municipal \u2013que a partir del a\u00f1o que viene por decisi\u00f3n del gobierno provincial no va a existir- no se redistribuye deuda sino se redistribuye optimizaci\u00f3n de recursos, hemos\u00a0 mejorado la recaudaci\u00f3n de la municipalidad, cada una de estas variables se las atribuimos a Agust\u00edn y a su equipo, y por ello estamos muy agradecidos\u201d.<\/p>\n<p style=\"font-weight: 400;\"><strong>Econom\u00eda saneada<\/strong><\/p>\n<p style=\"font-weight: 400;\">Cabe recordar, que cuando el intendente habla de una econom\u00eda saneada, se refiere a que al momento de asumir la intendencia, en el 2015, el municipio acaec\u00eda un d\u00e9ficit del 4,5 por ciento, y que luego de un a\u00f1o, se pas\u00f3 a tener un super\u00e1vit, objetivo que aparentemente se lograr\u00e1 este a\u00f1o.<\/p>\n<p style=\"font-weight: 400;\">\u201cEsta nueva realidad econ\u00f3mica nos permite encarar el 2018 un proyecto de infraestructura con recursos propios del municipio que no ha tenido precedente en la historia de nuestra ciudad y esto en gran medida se debe al gran trabajo que hizo el \u00e1rea, ordenando, transparentando y haciendo m\u00e1s eficiente el \u00e1rea de compras de nuestro municipio\u201d, se\u00f1al\u00f3 Juan Igancio Ustarroz.<\/p>\n<p style=\"font-weight: 400;\">Asimismo agreg\u00f3 \u201ctodo este trabajo eficiente y honesto se ve reflejado hoy en los n\u00fameros econ\u00f3micos y en la intervenci\u00f3n y acompa\u00f1amiento del municipio en todas las instituciones de bien p\u00fablico de nuestra ciudad. Tambi\u00e9n, en la compra de 47 m\u00e1quinas cero kil\u00f3metros, en la inmensa cantidad de obras realizadas en la ciudad, en lo que ha sido una inversi\u00f3n sin precedentes\u201d.<\/p>\n<p style=\"font-weight: 400;\">\n<p style=\"font-weight: 400;\"><strong>Mismo rumbo<\/strong><\/p>\n<p style=\"font-weight: 400;\">Por su parte, qui\u00e9n ha estado, desde el 2015 hasta la fecha, encabezando la Secretaria, Agust\u00edn Simone, recalc\u00f3 \u201cen primer lugar yo estoy muy agradecido con el intendente y con el equipo de trabajo del municipio, me encontr\u00e9 con un grupo de personas con una calidad humana, una capacidad de trabajo y un compromiso que me sorprendi\u00f3 desde el primer d\u00eda\u201d<\/p>\n<p style=\"font-weight: 400;\">Y a\u00f1adi\u00f3 \u201cme voy tranquilo, sabiendo que hay un equipo de gente que realmente ha trabajado much\u00edsimo y sigue trabajando much\u00edsimo, a Diego Men\u00e9ndez lo conozco hace mucho tiempo y estoy tranquilo sabiendo que \u00e9l va a continuar en el mismo rumbo\u201d.<\/p>\n<p style=\"font-weight: 400;\">Por su parte, Diego Men\u00e9ndez, expres\u00f3 que \u201ces un orgullo estar en este lugar, con esta gesti\u00f3n tan ordenada, con esta tranquilidad de ir a un \u00e1rea que funciona muy bien y en un municipio que es ejemplo en la provincia\u201d y destac\u00f3 que \u201csabemos que hay mucho por trabajar y estoy agradecido por la confianza dada\u201d.<\/p>\n<p style=\"font-weight: 400;\"><strong>Asesor\u00eda Ad Honorem<\/strong><\/p>\n<p style=\"font-weight: 400;\">Al finalizar la conferencia el Intendente de nuestra ciudad resalt\u00f3 \u201cquiero remarcar que Agust\u00edn va a seguir siendo asesor externo Ad honorem, \u00e9l no vino a Mercedes por lo que iba a ganar sino en el marco de un proyecto pol\u00edtico y el aporte que ha realizado desde lo t\u00e9cnico, lo pol\u00edtico y lo humano ha sido realmente invalorable\u201d.<\/p>\n<p style=\"font-weight: 400;\">\u201cEs un cambio de nombres, pero el rumbo y la metodolog\u00eda de trabajo, va a seguir siendo la misma\u201d concluy\u00f3.<\/p>\n","protected":false},"excerpt":{"rendered":"<p>En el \u00e1mbito del Palacio Municipal el doctor Juan Ignacio Ustarroz, intendente municipal, llev\u00f3 adelante la presentaci\u00f3n del nuevo Secretario &#8230; <a title=\"Ustarroz present\u00f3 al Dr. Diego Men\u00e9ndez como nuevo Secretario de Econom\u00eda y Hacienda\" class=\"read-more\" href=\"https:\/\/www.hoymercedes.com.ar\/principal\/2017\/11\/22\/ustarroz-presento-al-dr-diego-menendez-como-nuevo-secretario-de-economia-y-hacienda\/\" aria-label=\"Leer m\u00e1s sobre Ustarroz present\u00f3 al Dr. Diego Men\u00e9ndez como nuevo Secretario de Econom\u00eda y Hacienda\">Leer m\u00e1s<\/a><\/p>\n","protected":false},"author":1,"featured_media":69968,"comment_status":"closed","ping_status":"open","sticky":false,"template":"","format":"standard","meta":{"_monsterinsights_skip_tracking":false,"_monsterinsights_sitenote_active":false,"_monsterinsights_sitenote_note":"","_monsterinsights_sitenote_category":0,"jetpack_post_was_ever_published":false,"_jetpack_newsletter_access":"","_jetpack_dont_email_post_to_subs":false,"_jetpack_newsletter_tier_id":0,"_jetpack_memberships_contains_paywalled_content":false,"_jetpack_memberships_contains_paid_content":false,"footnotes":"","jetpack_publicize_message":"","jetpack_publicize_feature_enabled":true,"jetpack_social_post_already_shared":true,"jetpack_social_options":{"image_generator_settings":{"template":"highway","default_image_id":0,"font":"","enabled":false},"version":2},"_wpas_customize_per_network":false},"categories":[8],"tags":[8552,12276,12277,585],"class_list":["post-69967","post","type-post","status-publish","format-standard","has-post-thumbnail","hentry","category-sociedad","tag-agustin-simone","tag-diego-menendez","tag-economia-y-hacienda-mercedes","tag-juan-ustarroz","generate-columns","tablet-grid-50","mobile-grid-100","grid-parent","grid-50"],"jetpack_publicize_connections":[],"jetpack_featured_media_url":"https:\/\/www.hoymercedes.com.ar\/principal\/wp-content\/uploads\/2017\/11\/Menendez-Ustarroz-Simone-2.jpg","wps_subtitle":"Gabinete municipal","jetpack_sharing_enabled":true,"_links":{"self":[{"href":"https:\/\/www.hoymercedes.com.ar\/principal\/wp-json\/wp\/v2\/posts\/69967","targetHints":{"allow":["GET"]}}],"collection":[{"href":"https:\/\/www.hoymercedes.com.ar\/principal\/wp-json\/wp\/v2\/posts"}],"about":[{"href":"https:\/\/www.hoymercedes.com.ar\/principal\/wp-json\/wp\/v2\/types\/post"}],"author":[{"embeddable":true,"href":"https:\/\/www.hoymercedes.com.ar\/principal\/wp-json\/wp\/v2\/users\/1"}],"replies":[{"embeddable":true,"href":"https:\/\/www.hoymercedes.com.ar\/principal\/wp-json\/wp\/v2\/comments?post=69967"}],"version-history":[{"count":0,"href":"https:\/\/www.hoymercedes.com.ar\/principal\/wp-json\/wp\/v2\/posts\/69967\/revisions"}],"wp:featuredmedia":[{"embeddable":true,"href":"https:\/\/www.hoymercedes.com.ar\/principal\/wp-json\/wp\/v2\/media\/69968"}],"wp:attachment":[{"href":"https:\/\/www.hoymercedes.com.ar\/principal\/wp-json\/wp\/v2\/media?parent=69967"}],"wp:term":[{"taxonomy":"category","embeddable":true,"href":"https:\/\/www.hoymercedes.com.ar\/principal\/wp-json\/wp\/v2\/categories?post=69967"},{"taxonomy":"post_tag","embeddable":true,"href":"https:\/\/www.hoymercedes.com.ar\/principal\/wp-json\/wp\/v2\/tags?post=69967"}],"curies":[{"name":"wp","href":"https:\/\/api.w.org\/{rel}","templated":true}]}}