{"id":69971,"date":"2017-11-23T16:25:32","date_gmt":"2017-11-23T19:25:32","guid":{"rendered":"http:\/\/www.hoymercedes.com.ar\/principal\/?p=69971"},"modified":"2017-11-22T21:04:20","modified_gmt":"2017-11-23T00:04:20","slug":"estudiantes-goleo-a-union-en-sub-15","status":"publish","type":"post","link":"https:\/\/www.hoymercedes.com.ar\/principal\/2017\/11\/23\/estudiantes-goleo-a-union-en-sub-15\/","title":{"rendered":"Estudiantes gole\u00f3 a Uni\u00f3n en Sub 15"},"content":{"rendered":"<p><em><strong>Se jug\u00f3 el domingo una nueva fecha del torneo de inferiores del F\u00fatbol Femenino de la Liga Mercedina y en este caso el anfitri\u00f3n fue el club Uni\u00f3n. El partido entre Comunicaciones y Defensores no se disput\u00f3 ya que este \u00faltimo no se present\u00f3.<\/strong><\/em><\/p>\n<p>En Sub 13, Estudiantes gole\u00f3 al local y sigue como l\u00edder de la categor\u00eda, mientras que V\u00e9lez aprovech\u00f3 la victoria para quedar en la segunda colocaci\u00f3n. Este fin de semana no hubo jornada de Primera Divisi\u00f3n<\/p>\n<p><strong>Resultados Sub 13<\/strong><\/p>\n<p><strong>ALFA: -0-<\/strong><\/p>\n<p><strong>VELEZ SARSFIELD: -3-;\u00a0<\/strong>Lidia Romero, Brisa Pe\u00f1a, Wanda Zu\u00f1iga<\/p>\n<p>&nbsp;<\/p>\n<p><strong>COMUNICACIONES: -1-;\u00a0<\/strong>Martina Paj\u00f3n<\/p>\n<p><strong>DEFENSORES: -0-<\/strong><\/p>\n<p>&nbsp;<\/p>\n<p><strong>ESTUDIANTES: -5-;<\/strong>\u00a0Valentina Alfano (3), Gabriela L\u00f3pez (2)<\/p>\n<p><strong>UNION: -0-<\/strong><\/p>\n<p>&nbsp;<\/p>\n<p><strong>Resultados Sub 15<\/strong><\/p>\n<p><strong>ALFA: -1-<\/strong>; Evelin Avila<\/p>\n<p><strong>VELEZ SARSFIELD: -0-<\/strong><\/p>\n<p>&nbsp;<\/p>\n<p><strong>COMUNICACIONES: -1- (*)<\/strong><\/p>\n<p><strong>DEFENSORES: -0-<\/strong><\/p>\n<p>(*) Defensores no se present\u00f3<\/p>\n<p>&nbsp;<\/p>\n<p>&nbsp;<\/p>\n<p><strong>Pr\u00f3xima fecha<\/strong><\/p>\n<p>Sub 13<\/p>\n<p>Comunicaciones VS. Alfa<\/p>\n<p>Defensores VS. Estudiantes<\/p>\n<p>Uni\u00f3n VS. V\u00e9lez<\/p>\n<p>&nbsp;<\/p>\n<p>Sub 15<\/p>\n<p>Comunicaciones VS. Alfa<\/p>\n<p>Uni\u00f3n VS. V\u00e9lez<\/p>\n<p><img loading=\"lazy\" decoding=\"async\" data-attachment-id=\"69973\" data-permalink=\"https:\/\/www.hoymercedes.com.ar\/principal\/2017\/11\/23\/estudiantes-goleo-a-union-en-sub-15\/13-15-8\/#main\" data-orig-file=\"https:\/\/www.hoymercedes.com.ar\/principal\/wp-content\/uploads\/2017\/11\/13-15-2.png\" data-orig-size=\"489,343\" data-comments-opened=\"0\" data-image-meta=\"{&quot;aperture&quot;:&quot;0&quot;,&quot;credit&quot;:&quot;&quot;,&quot;camera&quot;:&quot;&quot;,&quot;caption&quot;:&quot;&quot;,&quot;created_timestamp&quot;:&quot;0&quot;,&quot;copyright&quot;:&quot;&quot;,&quot;focal_length&quot;:&quot;0&quot;,&quot;iso&quot;:&quot;0&quot;,&quot;shutter_speed&quot;:&quot;0&quot;,&quot;title&quot;:&quot;&quot;,&quot;orientation&quot;:&quot;0&quot;}\" data-image-title=\"13 15\" data-image-description=\"\" data-image-caption=\"\" data-large-file=\"https:\/\/www.hoymercedes.com.ar\/principal\/wp-content\/uploads\/2017\/11\/13-15-2.png\" class=\"aligncenter size-full wp-image-69973\" src=\"https:\/\/www.hoymercedes.com.ar\/principal\/wp-content\/uploads\/2017\/11\/13-15-2.png\" alt=\"\" width=\"489\" height=\"343\" srcset=\"https:\/\/www.hoymercedes.com.ar\/principal\/wp-content\/uploads\/2017\/11\/13-15-2.png 489w, https:\/\/www.hoymercedes.com.ar\/principal\/wp-content\/uploads\/2017\/11\/13-15-2-150x105.png 150w\" sizes=\"auto, (max-width: 489px) 100vw, 489px\" \/> <img loading=\"lazy\" decoding=\"async\" data-attachment-id=\"69974\" data-permalink=\"https:\/\/www.hoymercedes.com.ar\/principal\/2017\/11\/23\/estudiantes-goleo-a-union-en-sub-15\/goles-sub-13-8\/#main\" data-orig-file=\"https:\/\/www.hoymercedes.com.ar\/principal\/wp-content\/uploads\/2017\/11\/Goles-Sub-13-1.png\" data-orig-size=\"316,327\" data-comments-opened=\"0\" data-image-meta=\"{&quot;aperture&quot;:&quot;0&quot;,&quot;credit&quot;:&quot;&quot;,&quot;camera&quot;:&quot;&quot;,&quot;caption&quot;:&quot;&quot;,&quot;created_timestamp&quot;:&quot;0&quot;,&quot;copyright&quot;:&quot;&quot;,&quot;focal_length&quot;:&quot;0&quot;,&quot;iso&quot;:&quot;0&quot;,&quot;shutter_speed&quot;:&quot;0&quot;,&quot;title&quot;:&quot;&quot;,&quot;orientation&quot;:&quot;0&quot;}\" data-image-title=\"Goles Sub 13\" data-image-description=\"\" data-image-caption=\"\" data-large-file=\"https:\/\/www.hoymercedes.com.ar\/principal\/wp-content\/uploads\/2017\/11\/Goles-Sub-13-1.png\" class=\"aligncenter size-full wp-image-69974\" src=\"https:\/\/www.hoymercedes.com.ar\/principal\/wp-content\/uploads\/2017\/11\/Goles-Sub-13-1.png\" alt=\"\" width=\"316\" height=\"327\" srcset=\"https:\/\/www.hoymercedes.com.ar\/principal\/wp-content\/uploads\/2017\/11\/Goles-Sub-13-1.png 316w, https:\/\/www.hoymercedes.com.ar\/principal\/wp-content\/uploads\/2017\/11\/Goles-Sub-13-1-145x150.png 145w\" sizes=\"auto, (max-width: 316px) 100vw, 316px\" \/> <img loading=\"lazy\" decoding=\"async\" data-attachment-id=\"69975\" data-permalink=\"https:\/\/www.hoymercedes.com.ar\/principal\/2017\/11\/23\/estudiantes-goleo-a-union-en-sub-15\/goles-sub-15-8\/#main\" data-orig-file=\"https:\/\/www.hoymercedes.com.ar\/principal\/wp-content\/uploads\/2017\/11\/Goles-Sub-15-1.png\" data-orig-size=\"308,389\" data-comments-opened=\"0\" data-image-meta=\"{&quot;aperture&quot;:&quot;0&quot;,&quot;credit&quot;:&quot;&quot;,&quot;camera&quot;:&quot;&quot;,&quot;caption&quot;:&quot;&quot;,&quot;created_timestamp&quot;:&quot;0&quot;,&quot;copyright&quot;:&quot;&quot;,&quot;focal_length&quot;:&quot;0&quot;,&quot;iso&quot;:&quot;0&quot;,&quot;shutter_speed&quot;:&quot;0&quot;,&quot;title&quot;:&quot;&quot;,&quot;orientation&quot;:&quot;0&quot;}\" data-image-title=\"Goles Sub 15\" data-image-description=\"\" data-image-caption=\"\" data-large-file=\"https:\/\/www.hoymercedes.com.ar\/principal\/wp-content\/uploads\/2017\/11\/Goles-Sub-15-1.png\" class=\"aligncenter size-full wp-image-69975\" src=\"https:\/\/www.hoymercedes.com.ar\/principal\/wp-content\/uploads\/2017\/11\/Goles-Sub-15-1.png\" alt=\"\" width=\"308\" height=\"389\" srcset=\"https:\/\/www.hoymercedes.com.ar\/principal\/wp-content\/uploads\/2017\/11\/Goles-Sub-15-1.png 308w, https:\/\/www.hoymercedes.com.ar\/principal\/wp-content\/uploads\/2017\/11\/Goles-Sub-15-1-119x150.png 119w\" sizes=\"auto, (max-width: 308px) 100vw, 308px\" \/><\/p>\n","protected":false},"excerpt":{"rendered":"<p>Se jug\u00f3 el domingo una nueva fecha del torneo de inferiores del F\u00fatbol Femenino de la Liga Mercedina y en &#8230; <a title=\"Estudiantes gole\u00f3 a Uni\u00f3n en Sub 15\" class=\"read-more\" href=\"https:\/\/www.hoymercedes.com.ar\/principal\/2017\/11\/23\/estudiantes-goleo-a-union-en-sub-15\/\" aria-label=\"Leer m\u00e1s sobre Estudiantes gole\u00f3 a Uni\u00f3n en Sub 15\">Leer m\u00e1s<\/a><\/p>\n","protected":false},"author":1,"featured_media":69973,"comment_status":"closed","ping_status":"open","sticky":false,"template":"","format":"standard","meta":{"_monsterinsights_skip_tracking":false,"_monsterinsights_sitenote_active":false,"_monsterinsights_sitenote_note":"","_monsterinsights_sitenote_category":0,"jetpack_post_was_ever_published":false,"_jetpack_newsletter_access":"","_jetpack_dont_email_post_to_subs":false,"_jetpack_newsletter_tier_id":0,"_jetpack_memberships_contains_paywalled_content":false,"_jetpack_memberships_contains_paid_content":false,"footnotes":"","jetpack_publicize_message":"","jetpack_publicize_feature_enabled":true,"jetpack_social_post_already_shared":true,"jetpack_social_options":{"image_generator_settings":{"template":"highway","default_image_id":0,"font":"","enabled":false},"version":2},"_wpas_customize_per_network":false},"categories":[21],"tags":[204,829,895,10,12280],"class_list":["post-69971","post","type-post","status-publish","format-standard","has-post-thumbnail","hentry","category-deportes","tag-deportes-2","tag-estudiantes","tag-futbol-femenino","tag-mercedes","tag-union-sub-15","generate-columns","tablet-grid-50","mobile-grid-100","grid-parent","grid-50"],"jetpack_publicize_connections":[],"jetpack_featured_media_url":"https:\/\/www.hoymercedes.com.ar\/principal\/wp-content\/uploads\/2017\/11\/13-15-2.png","wps_subtitle":"F\u00fatbol Femenino","jetpack_sharing_enabled":true,"_links":{"self":[{"href":"https:\/\/www.hoymercedes.com.ar\/principal\/wp-json\/wp\/v2\/posts\/69971","targetHints":{"allow":["GET"]}}],"collection":[{"href":"https:\/\/www.hoymercedes.com.ar\/principal\/wp-json\/wp\/v2\/posts"}],"about":[{"href":"https:\/\/www.hoymercedes.com.ar\/principal\/wp-json\/wp\/v2\/types\/post"}],"author":[{"embeddable":true,"href":"https:\/\/www.hoymercedes.com.ar\/principal\/wp-json\/wp\/v2\/users\/1"}],"replies":[{"embeddable":true,"href":"https:\/\/www.hoymercedes.com.ar\/principal\/wp-json\/wp\/v2\/comments?post=69971"}],"version-history":[{"count":0,"href":"https:\/\/www.hoymercedes.com.ar\/principal\/wp-json\/wp\/v2\/posts\/69971\/revisions"}],"wp:featuredmedia":[{"embeddable":true,"href":"https:\/\/www.hoymercedes.com.ar\/principal\/wp-json\/wp\/v2\/media\/69973"}],"wp:attachment":[{"href":"https:\/\/www.hoymercedes.com.ar\/principal\/wp-json\/wp\/v2\/media?parent=69971"}],"wp:term":[{"taxonomy":"category","embeddable":true,"href":"https:\/\/www.hoymercedes.com.ar\/principal\/wp-json\/wp\/v2\/categories?post=69971"},{"taxonomy":"post_tag","embeddable":true,"href":"https:\/\/www.hoymercedes.com.ar\/principal\/wp-json\/wp\/v2\/tags?post=69971"}],"curies":[{"name":"wp","href":"https:\/\/api.w.org\/{rel}","templated":true}]}}