{"id":7004,"date":"2011-09-07T02:14:45","date_gmt":"2011-09-07T02:14:45","guid":{"rendered":"http:\/\/www.hoymercedes.com.ar\/principal\/?p=7004"},"modified":"2011-09-07T02:14:45","modified_gmt":"2011-09-07T02:14:45","slug":"ustarroz-avanza-en-las-gestiones-para-que-la-utn-sea-una-realidad","status":"publish","type":"post","link":"https:\/\/www.hoymercedes.com.ar\/principal\/2011\/09\/07\/ustarroz-avanza-en-las-gestiones-para-que-la-utn-sea-una-realidad\/","title":{"rendered":"Ustarroz avanza en las gestiones para que la UTN sea una realidad"},"content":{"rendered":"<figure id=\"attachment_7006\" aria-describedby=\"caption-attachment-7006\" style=\"width: 283px\" class=\"wp-caption alignleft\"><a href=\"https:\/\/www.hoymercedes.com.ar\/principal\/wp-content\/uploads\/2011\/09\/UTN_logo.jpg\"><img loading=\"lazy\" decoding=\"async\" data-attachment-id=\"7006\" data-permalink=\"https:\/\/www.hoymercedes.com.ar\/principal\/2011\/09\/07\/ustarroz-avanza-en-las-gestiones-para-que-la-utn-sea-una-realidad\/utn_logo\/#main\" data-orig-file=\"https:\/\/www.hoymercedes.com.ar\/principal\/wp-content\/uploads\/2011\/09\/UTN_logo.jpg\" data-orig-size=\"294,301\" data-comments-opened=\"1\" data-image-meta=\"{&quot;aperture&quot;:&quot;0&quot;,&quot;credit&quot;:&quot;&quot;,&quot;camera&quot;:&quot;&quot;,&quot;caption&quot;:&quot;&quot;,&quot;created_timestamp&quot;:&quot;0&quot;,&quot;copyright&quot;:&quot;&quot;,&quot;focal_length&quot;:&quot;0&quot;,&quot;iso&quot;:&quot;0&quot;,&quot;shutter_speed&quot;:&quot;0&quot;,&quot;title&quot;:&quot;&quot;}\" data-image-title=\"UTN_logo\" data-image-description=\"&lt;p&gt;Universidad Tecnol\u00f3gica Nacional&lt;\/p&gt;\n\" data-image-caption=\"&lt;p&gt;Universidad Tecnol\u00f3gica Nacional&lt;\/p&gt;\n\" data-large-file=\"https:\/\/www.hoymercedes.com.ar\/principal\/wp-content\/uploads\/2011\/09\/UTN_logo.jpg\" class=\"size-medium wp-image-7006\" title=\"UTN_logo\" src=\"https:\/\/www.hoymercedes.com.ar\/principal\/wp-content\/uploads\/2011\/09\/UTN_logo-293x300.jpg\" alt=\"Universidad Tecnol\u00f3gica Nacional\" width=\"293\" height=\"300\" srcset=\"https:\/\/www.hoymercedes.com.ar\/principal\/wp-content\/uploads\/2011\/09\/UTN_logo-293x300.jpg 293w, https:\/\/www.hoymercedes.com.ar\/principal\/wp-content\/uploads\/2011\/09\/UTN_logo.jpg 294w\" sizes=\"auto, (max-width: 293px) 100vw, 293px\" \/><\/a><figcaption id=\"caption-attachment-7006\" class=\"wp-caption-text\">Universidad Tecnol\u00f3gica Nacional<\/figcaption><\/figure>\n<p>El candidato a intendente Juan Ignacio Ustarroz sigue en campa\u00f1a por la mejora de la ciudad y es por eso que contin\u00faa el trabajo de gestionar de cara al futuro, para que, en caso de asumir en diciembre, muchas de las propuestas realizadas durante el a\u00f1o de campa\u00f1a se vayan realizando lo m\u00e1s r\u00e1pido posible.<\/p>\n<p>Una de ellas es la instalaci\u00f3n en la ciudad de la Universidad Tecnol\u00f3gica Nacional, tal como anunci\u00f3 Ustarroz en el lanzamiento de su campa\u00f1a, a principios de julio, en el Club Comunicaciones<\/p>\n<p>\u201cEs nuestra intenci\u00f3n lograr la radicaci\u00f3n de la UTN en Mercedes ya que nuestro proyecto pol\u00edtico contempla una ciudad con un fuerte crecimiento industrial, brind\u00e1ndonos esta destacada universidad, su excelencia educativa y academica en pos de contar con recursos humanos calificados para acceder a la creciente demanda laboral generada desde el Frente Mercedino para la Victoria\u201d .<\/p>\n<p>Durante esta \u00faltima semana, Ustarroz avanz\u00f3 mucho en las gestiones para que la UTN tenga su sede en Mercedes que, a partir del a\u00f1o pr\u00f3ximo, empezar\u00eda a ser una realidad..<\/p>\n<p>Este, es otro avance que ha realizado Juani de cara al futuro de la ciudad, en el que se busca hacer de Mercedes una ciudad modelo, como lo es Chivilcoy en la actualidad, y que se suma a las empresas que se radicar\u00e1n en la ciudad a partir de 2012.<\/p>\n<p>La UTN es la \u00fanica Universidad del pa\u00eds cuya estructura acad\u00e9mica tiene a las ingenier\u00edas como objetivo prioritario. han egresado m\u00e1s de 30.000 profesionales de sus 15 carreras de grado. La UTN tiene car\u00e1cter federal, por abarcar todas las regiones de la Argentina. Sus 24 Facultades Regionales y 5 Unidades Acad\u00e9micas se ubican en la regi\u00f3n Noreste Provincias de Chaco, Entre R\u00edos, Santa Fe &#8211; Noroeste &#8211; Provincias de La Rioja, Tucum\u00e1n &#8211; Centro &#8211; Capital Federal y Provincias de Buenos Aires, C\u00f3rdoba, Mendoza &#8211; y Sur &#8211; Provincias de Chubut, Neuqu\u00e9n, Santa Cruz y Tierra del Fuego.<\/p>\n<p>La Universidad Tecnol\u00f3gica Nacional surge as\u00ed como Universidad Nacional con la funci\u00f3n espec\u00edfica de crear, preservar y transmitir la t\u00e9cnica y la cultura universal en el campo de la tecnolog\u00eda, siendo la \u00fanica Universidad Nacional del pa\u00eds cuya estructura acad\u00e9mica tiene a las ingenier\u00edas como objetivo central.<\/p>\n<p>Este jueves Ustarroz junto a Eduardo De Pedro(candidato a diputado nacional) y el Secretario de Medios y Comunicaci\u00f3n del Gobierno Nacional Juan Manuel Abal Medina se reunir\u00e1n con el rector de la UTN Ingeniero H\u00e9ctor Brotto para avanzar sobre este tema, que adem\u00e1s ve con muy buenos ojos la instalaci\u00f3n de un polo Bio- Tecnologico en la colonia Capitan Sarmiento, en la vecina ciudad de Olivera, en un futuro no muy lejano.<\/p>\n","protected":false},"excerpt":{"rendered":"<p>El candidato a intendente Juan Ignacio Ustarroz sigue en campa\u00f1a por la mejora de la ciudad y es por eso &#8230; <a title=\"Ustarroz avanza en las gestiones para que la UTN sea una realidad\" class=\"read-more\" href=\"https:\/\/www.hoymercedes.com.ar\/principal\/2011\/09\/07\/ustarroz-avanza-en-las-gestiones-para-que-la-utn-sea-una-realidad\/\" aria-label=\"Leer m\u00e1s sobre Ustarroz avanza en las gestiones para que la UTN sea una realidad\">Leer m\u00e1s<\/a><\/p>\n","protected":false},"author":1,"featured_media":0,"comment_status":"open","ping_status":"open","sticky":false,"template":"","format":"standard","meta":{"_monsterinsights_skip_tracking":false,"_monsterinsights_sitenote_active":false,"_monsterinsights_sitenote_note":"","_monsterinsights_sitenote_category":0,"jetpack_post_was_ever_published":false,"_jetpack_newsletter_access":"","_jetpack_dont_email_post_to_subs":false,"_jetpack_newsletter_tier_id":0,"_jetpack_memberships_contains_paywalled_content":false,"_jetpack_memberships_contains_paid_content":false,"footnotes":"","jetpack_publicize_message":"","jetpack_publicize_feature_enabled":true,"jetpack_social_post_already_shared":false,"jetpack_social_options":{"image_generator_settings":{"template":"highway","default_image_id":0,"font":"","enabled":false},"version":2},"_wpas_customize_per_network":false},"categories":[5],"tags":[1255,424,1254],"class_list":["post-7004","post","type-post","status-publish","format-standard","hentry","category-politica","tag-frente-mercedinos","tag-ustarroz","tag-utn-mercedes","generate-columns","tablet-grid-50","mobile-grid-100","grid-parent","grid-50"],"jetpack_publicize_connections":[],"jetpack_featured_media_url":"","wps_subtitle":"","jetpack_sharing_enabled":true,"_links":{"self":[{"href":"https:\/\/www.hoymercedes.com.ar\/principal\/wp-json\/wp\/v2\/posts\/7004","targetHints":{"allow":["GET"]}}],"collection":[{"href":"https:\/\/www.hoymercedes.com.ar\/principal\/wp-json\/wp\/v2\/posts"}],"about":[{"href":"https:\/\/www.hoymercedes.com.ar\/principal\/wp-json\/wp\/v2\/types\/post"}],"author":[{"embeddable":true,"href":"https:\/\/www.hoymercedes.com.ar\/principal\/wp-json\/wp\/v2\/users\/1"}],"replies":[{"embeddable":true,"href":"https:\/\/www.hoymercedes.com.ar\/principal\/wp-json\/wp\/v2\/comments?post=7004"}],"version-history":[{"count":0,"href":"https:\/\/www.hoymercedes.com.ar\/principal\/wp-json\/wp\/v2\/posts\/7004\/revisions"}],"wp:attachment":[{"href":"https:\/\/www.hoymercedes.com.ar\/principal\/wp-json\/wp\/v2\/media?parent=7004"}],"wp:term":[{"taxonomy":"category","embeddable":true,"href":"https:\/\/www.hoymercedes.com.ar\/principal\/wp-json\/wp\/v2\/categories?post=7004"},{"taxonomy":"post_tag","embeddable":true,"href":"https:\/\/www.hoymercedes.com.ar\/principal\/wp-json\/wp\/v2\/tags?post=7004"}],"curies":[{"name":"wp","href":"https:\/\/api.w.org\/{rel}","templated":true}]}}